{"id":9854,"date":"2025-08-25T06:00:08","date_gmt":"2025-08-25T09:00:08","guid":{"rendered":"https:\/\/blogs.correiobraziliense.com.br\/lianasabo\/?p=9854"},"modified":"2025-08-24T20:57:17","modified_gmt":"2025-08-24T23:57:17","slug":"vinicola-norton-celebra-130-anos-com-malbec-unico-e-excepcional","status":"publish","type":"post","link":"https:\/\/blogs.correiobraziliense.com.br\/lianasabo\/vinicola-norton-celebra-130-anos-com-malbec-unico-e-excepcional\/","title":{"rendered":"Vin\u00edcola Norton celebra 130 anos com Malbec \u00fanico e excepcional"},"content":{"rendered":"<p>Os produtos s\u00e3o totalmente diferentes, mas o brilho \u00e9 o mesmo. Esta sempre foi a meta dos Swarovski, da \u00c1ustria, quando compraram a bodega Norton, da Argentina. Cristal e vinho acabaram unidos por uma parceria que deu muito certo a ponto de atravessarem d\u00e9cadas e chegar, no caso argentino, a 130 anos. A Norton foi a primeira vin\u00edcola a se estabelecer no cora\u00e7\u00e3o de Lujan de Cuyo, ao sul do rio Mendoza, onde se erguem os vinhedos plantados pelo engenheiro ingl\u00eas Edmund James Palmer Norton enviado \u00e0 Argentina para construir a ferrovia Mendoza-Chile, que atravessa os Andes. Ele se apaixonou por uma mendocina, cujo pai era propriet\u00e1rio das terras e nas quais, depois do casamento, deu in\u00edcio ao vinhedo at\u00e9 fundar a vin\u00edcola em 1895.<\/p>\n<figure id=\"attachment_9857\" aria-describedby=\"caption-attachment-9857\" style=\"width: 800px\" class=\"wp-caption aligncenter\"><a href=\"https:\/\/blogs.correiobraziliense.com.br\/lianasabo\/wp-content\/uploads\/sites\/25\/2025\/08\/Norton1.jpeg\"><img loading=\"lazy\" decoding=\"async\" class=\"size-full wp-image-9857\" src=\"https:\/\/blogs.correiobraziliense.com.br\/lianasabo\/wp-content\/uploads\/sites\/25\/2025\/08\/Norton1.jpeg\" alt=\"\" width=\"800\" height=\"529\" srcset=\"https:\/\/blogs.correiobraziliense.com.br\/lianasabo\/wp-content\/uploads\/sites\/25\/2025\/08\/Norton1.jpeg 800w, https:\/\/blogs.correiobraziliense.com.br\/lianasabo\/wp-content\/uploads\/sites\/25\/2025\/08\/Norton1-300x198.jpeg 300w, https:\/\/blogs.correiobraziliense.com.br\/lianasabo\/wp-content\/uploads\/sites\/25\/2025\/08\/Norton1-768x508.jpeg 768w, https:\/\/blogs.correiobraziliense.com.br\/lianasabo\/wp-content\/uploads\/sites\/25\/2025\/08\/Norton1-550x364.jpeg 550w, https:\/\/blogs.correiobraziliense.com.br\/lianasabo\/wp-content\/uploads\/sites\/25\/2025\/08\/Norton1-230x152.jpeg 230w\" sizes=\"auto, (max-width: 800px) 100vw, 800px\" \/><\/a><figcaption id=\"caption-attachment-9857\" class=\"wp-caption-text\">Cr\u00e9dito: Norton\/Divulga\u00e7\u00e3o<\/figcaption><\/figure>\n<p>Esta hist\u00f3ria foi lembrada esta semana, no restaurante Dom Francisco da Asbac, que guarda uma das adegas mais bombadas da cidade, e foi escolhido pela importadora Porto a Porto para celebrar os 130 anos da Norton, durante almo\u00e7o, que contou com a presen\u00e7a do embaixador da Argentina, Daniel Raimondi, e a embaixatriz Silvia.<\/p>\n<p><strong>O tempo do vinho<\/strong><\/p>\n<p>No comando da delega\u00e7\u00e3o da bodega veio o en\u00f3logo chefe David Bonomi, autor dos c\u00e9lebres Malbecs, \u201cSe algo o vinho nos ensinou \u00e9 a import\u00e2ncia do tempo e da const\u00e2ncia. Este ano \u00e9 muito significativo para a Norton e me orgulha profundamente contribuir com um Malbec especial, concebido para comemorar nosso anivers\u00e1rio\u201d, afirmou o especialista, acompanhado pelo CEO, Tom\u00e1s Lange.<\/p>\n<figure id=\"attachment_9856\" aria-describedby=\"caption-attachment-9856\" style=\"width: 800px\" class=\"wp-caption aligncenter\"><a href=\"https:\/\/blogs.correiobraziliense.com.br\/lianasabo\/wp-content\/uploads\/sites\/25\/2025\/08\/David-Bonomi.jpeg\"><img loading=\"lazy\" decoding=\"async\" class=\"size-full wp-image-9856\" src=\"https:\/\/blogs.correiobraziliense.com.br\/lianasabo\/wp-content\/uploads\/sites\/25\/2025\/08\/David-Bonomi.jpeg\" alt=\"\" width=\"800\" height=\"530\" srcset=\"https:\/\/blogs.correiobraziliense.com.br\/lianasabo\/wp-content\/uploads\/sites\/25\/2025\/08\/David-Bonomi.jpeg 800w, https:\/\/blogs.correiobraziliense.com.br\/lianasabo\/wp-content\/uploads\/sites\/25\/2025\/08\/David-Bonomi-300x199.jpeg 300w, https:\/\/blogs.correiobraziliense.com.br\/lianasabo\/wp-content\/uploads\/sites\/25\/2025\/08\/David-Bonomi-768x509.jpeg 768w, https:\/\/blogs.correiobraziliense.com.br\/lianasabo\/wp-content\/uploads\/sites\/25\/2025\/08\/David-Bonomi-550x364.jpeg 550w, https:\/\/blogs.correiobraziliense.com.br\/lianasabo\/wp-content\/uploads\/sites\/25\/2025\/08\/David-Bonomi-230x152.jpeg 230w\" sizes=\"auto, (max-width: 800px) 100vw, 800px\" \/><\/a><figcaption id=\"caption-attachment-9856\" class=\"wp-caption-text\">David Bonomi. Cr\u00e9dito: Norton\/Divulga\u00e7\u00e3o<\/figcaption><\/figure>\n<p>Trata-se de um Malbec \u00fanico a partir da colheita seletiva do quartel N\u00ba 3 da Finca Agrelo e se distingue por seu car\u00e1ter suave, cor profunda e aromas frescos de frutas vermelhas. Colhido \u00e0 m\u00e3o e envelhecido por 12 meses em barrica, este vinho n\u00e3o clarificado nem filtrado promete uma evolu\u00e7\u00e3o excepcional para as aproximadamente 2.000 garrafas magnum.<\/p>\n<p>O Brasil tem sido um importante mercado para o vinho argentino, que disputa com Portugal o segundo lugar, depois do Chile e a vin\u00edcola Norton est\u00e1 entre as grifes principais gra\u00e7as ao trabalho da Porto a Porto, que disp\u00f5e em seu portf\u00f3lio al\u00e9m dos grandes tintos tamb\u00e9m os vinhos brancos. Presente em mais de 72 pa\u00edses, a bodega argentina foi pioneira no cultivo de variedades n\u00e3o tradicionais, como a uva austr\u00edaca Gr\u00fcner Veltliner.<\/p>\n<p>Outro marco da empresa \u00e9 a atua\u00e7\u00e3o na sustentabilidade. Atrav\u00e9s de iniciativas de impacto social e ambiental, a Norton desenvolve programas de apoio comunit\u00e1rio refor\u00e7ando seu compromisso com um futuro vitivin\u00edcola respons\u00e1vel e inovador.<\/p>\n<p>Al\u00e9m de Bras\u00edlia, a dupla argentina visitou S\u00e3o Paulo e Rio de Janeiro para apresentar \u00e0 m\u00eddia especializada o exclusivo Malbec comemorativo aos 130 anos da Norton, cujo conceito \u00e9 um incentivo para o setor e uma inspira\u00e7\u00e3o de que \u201cos sonhos levam tempo\u201d.<\/p>\n","protected":false},"excerpt":{"rendered":"<p>Os produtos s\u00e3o totalmente diferentes, mas o brilho \u00e9 o mesmo. Esta sempre foi a meta dos Swarovski, da \u00c1ustria, quando compraram a bodega Norton, da Argentina. Cristal e vinho acabaram unidos por uma parceria que deu muito certo a ponto de atravessarem d\u00e9cadas e chegar, no caso argentino, a 130 anos. A Norton foi a primeira vin\u00edcola a se [&hellip;]<\/p>\n","protected":false},"author":54,"featured_media":9855,"comment_status":"open","ping_status":"open","sticky":false,"template":"","format":"standard","meta":{"footnotes":""},"categories":[222],"tags":[1023,85,425],"class_list":["post-9854","post","type-post","status-publish","format-standard","has-post-thumbnail","hentry","category-vinhos","tag-malbec","tag-norton","tag-vinhos"],"_links":{"self":[{"href":"https:\/\/blogs.correiobraziliense.com.br\/lianasabo\/wp-json\/wp\/v2\/posts\/9854","targetHints":{"allow":["GET"]}}],"collection":[{"href":"https:\/\/blogs.correiobraziliense.com.br\/lianasabo\/wp-json\/wp\/v2\/posts"}],"about":[{"href":"https:\/\/blogs.correiobraziliense.com.br\/lianasabo\/wp-json\/wp\/v2\/types\/post"}],"author":[{"embeddable":true,"href":"https:\/\/blogs.correiobraziliense.com.br\/lianasabo\/wp-json\/wp\/v2\/users\/54"}],"replies":[{"embeddable":true,"href":"https:\/\/blogs.correiobraziliense.com.br\/lianasabo\/wp-json\/wp\/v2\/comments?post=9854"}],"version-history":[{"count":1,"href":"https:\/\/blogs.correiobraziliense.com.br\/lianasabo\/wp-json\/wp\/v2\/posts\/9854\/revisions"}],"predecessor-version":[{"id":9858,"href":"https:\/\/blogs.correiobraziliense.com.br\/lianasabo\/wp-json\/wp\/v2\/posts\/9854\/revisions\/9858"}],"wp:featuredmedia":[{"embeddable":true,"href":"https:\/\/blogs.correiobraziliense.com.br\/lianasabo\/wp-json\/wp\/v2\/media\/9855"}],"wp:attachment":[{"href":"https:\/\/blogs.correiobraziliense.com.br\/lianasabo\/wp-json\/wp\/v2\/media?parent=9854"}],"wp:term":[{"taxonomy":"category","embeddable":true,"href":"https:\/\/blogs.correiobraziliense.com.br\/lianasabo\/wp-json\/wp\/v2\/categories?post=9854"},{"taxonomy":"post_tag","embeddable":true,"href":"https:\/\/blogs.correiobraziliense.com.br\/lianasabo\/wp-json\/wp\/v2\/tags?post=9854"}],"curies":[{"name":"wp","href":"https:\/\/api.w.org\/{rel}","templated":true}]}}