{"id":9847,"date":"2025-08-22T08:59:36","date_gmt":"2025-08-22T11:59:36","guid":{"rendered":"https:\/\/blogs.correiobraziliense.com.br\/lianasabo\/?p=9847"},"modified":"2025-08-22T08:59:36","modified_gmt":"2025-08-22T11:59:36","slug":"serafina-restaurante-nova-iorquino-abre-primeira-unidade-no-distrito-federal","status":"publish","type":"post","link":"https:\/\/blogs.correiobraziliense.com.br\/lianasabo\/serafina-restaurante-nova-iorquino-abre-primeira-unidade-no-distrito-federal\/","title":{"rendered":"Serafina, restaurante nova-iorquino, abre primeira unidade no Distrito Federal"},"content":{"rendered":"<p><em>Estabelecimento vai compor a \u00e1rea gastron\u00f4mica do Manhattan Shopping, em \u00c1guas Claras<\/em><\/p>\n<p>Fundado h\u00e1 30 anos em Nova York apostando na culin\u00e1ria italiana, o restaurante Serafina chega ao Centro-Oeste. A primeira unidade da regi\u00e3o ser\u00e1 no Distrito Federal dentro da \u00e1rea gastron\u00f4mica do Manhattan Shopping, em \u00c1guas Claras. O estabelecimento vai compor o boulevard Manhattan Taste, que tamb\u00e9m ter\u00e1 unidades da Bacio di Latte, da Fratello Uno, do A\u00e7ougue do Berg e da Confraria do Camar\u00e3o.<\/p>\n<p>A casa \u00e9 conhecida pelas pizzas de fermenta\u00e7\u00e3o natural e massas frescas, como farfalle al limoncello (massa em formato de borboleta servida com camar\u00f5es, raspas de lim\u00e3o-siciliano e toque de creme) e rigatoni al rag\u00fa bolognese (massa preparada com molho de carnes cozido com tomates italianos). No card\u00e1pio h\u00e1 outras receitas da culin\u00e1ria contempor\u00e2nea, a exemplo do steak tartare de fil\u00e9 mignon acompanhado de batatas fritas e filetto &amp; risotto, um prato com fil\u00e9 grelhado acompanhado de risoto cremoso de queijo parmes\u00e3o.<\/p>\n<div id='gallery-1' class='gallery galleryid-9847 gallery-columns-3 gallery-size-full'><figure class='gallery-item'>\n\t\t\t<div class='gallery-icon portrait'>\n\t\t\t\t<a href='https:\/\/blogs.correiobraziliense.com.br\/lianasabo\/serafina-restaurante-nova-iorquino-abre-primeira-unidade-no-distrito-federal\/whatsapp-image-2025-08-20-at-13-41-38\/'><img loading=\"lazy\" decoding=\"async\" width=\"683\" height=\"1024\" src=\"https:\/\/blogs.correiobraziliense.com.br\/lianasabo\/wp-content\/uploads\/sites\/25\/2025\/08\/WhatsApp-Image-2025-08-20-at-13.41.38.jpeg\" class=\"attachment-full size-full\" alt=\"\" aria-describedby=\"gallery-1-9850\" srcset=\"https:\/\/blogs.correiobraziliense.com.br\/lianasabo\/wp-content\/uploads\/sites\/25\/2025\/08\/WhatsApp-Image-2025-08-20-at-13.41.38.jpeg 683w, https:\/\/blogs.correiobraziliense.com.br\/lianasabo\/wp-content\/uploads\/sites\/25\/2025\/08\/WhatsApp-Image-2025-08-20-at-13.41.38-200x300.jpeg 200w, https:\/\/blogs.correiobraziliense.com.br\/lianasabo\/wp-content\/uploads\/sites\/25\/2025\/08\/WhatsApp-Image-2025-08-20-at-13.41.38-768x1152.jpeg 768w, https:\/\/blogs.correiobraziliense.com.br\/lianasabo\/wp-content\/uploads\/sites\/25\/2025\/08\/WhatsApp-Image-2025-08-20-at-13.41.38-800x1200.jpeg 800w, https:\/\/blogs.correiobraziliense.com.br\/lianasabo\/wp-content\/uploads\/sites\/25\/2025\/08\/WhatsApp-Image-2025-08-20-at-13.41.38-550x825.jpeg 550w, https:\/\/blogs.correiobraziliense.com.br\/lianasabo\/wp-content\/uploads\/sites\/25\/2025\/08\/WhatsApp-Image-2025-08-20-at-13.41.38-230x345.jpeg 230w\" sizes=\"auto, (max-width: 683px) 100vw, 683px\" \/><\/a>\n\t\t\t<\/div>\n\t\t\t\t<figcaption class='wp-caption-text gallery-caption' id='gallery-1-9850'>\n\t\t\t\tCr\u00e9dito: Serafina\/Divulga\u00e7\u00e3o\n\t\t\t\t<\/figcaption><\/figure><figure class='gallery-item'>\n\t\t\t<div class='gallery-icon portrait'>\n\t\t\t\t<a href='https:\/\/blogs.correiobraziliense.com.br\/lianasabo\/serafina-restaurante-nova-iorquino-abre-primeira-unidade-no-distrito-federal\/whatsapp-image-2025-08-20-at-13-42-56\/'><img loading=\"lazy\" decoding=\"async\" width=\"683\" height=\"1024\" src=\"https:\/\/blogs.correiobraziliense.com.br\/lianasabo\/wp-content\/uploads\/sites\/25\/2025\/08\/WhatsApp-Image-2025-08-20-at-13.42.56.jpeg\" class=\"attachment-full size-full\" alt=\"\" srcset=\"https:\/\/blogs.correiobraziliense.com.br\/lianasabo\/wp-content\/uploads\/sites\/25\/2025\/08\/WhatsApp-Image-2025-08-20-at-13.42.56.jpeg 683w, https:\/\/blogs.correiobraziliense.com.br\/lianasabo\/wp-content\/uploads\/sites\/25\/2025\/08\/WhatsApp-Image-2025-08-20-at-13.42.56-200x300.jpeg 200w, https:\/\/blogs.correiobraziliense.com.br\/lianasabo\/wp-content\/uploads\/sites\/25\/2025\/08\/WhatsApp-Image-2025-08-20-at-13.42.56-768x1152.jpeg 768w, https:\/\/blogs.correiobraziliense.com.br\/lianasabo\/wp-content\/uploads\/sites\/25\/2025\/08\/WhatsApp-Image-2025-08-20-at-13.42.56-800x1200.jpeg 800w, https:\/\/blogs.correiobraziliense.com.br\/lianasabo\/wp-content\/uploads\/sites\/25\/2025\/08\/WhatsApp-Image-2025-08-20-at-13.42.56-550x825.jpeg 550w, https:\/\/blogs.correiobraziliense.com.br\/lianasabo\/wp-content\/uploads\/sites\/25\/2025\/08\/WhatsApp-Image-2025-08-20-at-13.42.56-230x345.jpeg 230w\" sizes=\"auto, (max-width: 683px) 100vw, 683px\" \/><\/a>\n\t\t\t<\/div><\/figure><figure class='gallery-item'>\n\t\t\t<div class='gallery-icon portrait'>\n\t\t\t\t<a href='https:\/\/blogs.correiobraziliense.com.br\/lianasabo\/serafina-restaurante-nova-iorquino-abre-primeira-unidade-no-distrito-federal\/whatsapp-image-2025-08-20-at-13-43-27\/'><img loading=\"lazy\" decoding=\"async\" width=\"683\" height=\"1024\" src=\"https:\/\/blogs.correiobraziliense.com.br\/lianasabo\/wp-content\/uploads\/sites\/25\/2025\/08\/WhatsApp-Image-2025-08-20-at-13.43.27.jpeg\" class=\"attachment-full size-full\" alt=\"\" aria-describedby=\"gallery-1-9849\" srcset=\"https:\/\/blogs.correiobraziliense.com.br\/lianasabo\/wp-content\/uploads\/sites\/25\/2025\/08\/WhatsApp-Image-2025-08-20-at-13.43.27.jpeg 683w, https:\/\/blogs.correiobraziliense.com.br\/lianasabo\/wp-content\/uploads\/sites\/25\/2025\/08\/WhatsApp-Image-2025-08-20-at-13.43.27-200x300.jpeg 200w, https:\/\/blogs.correiobraziliense.com.br\/lianasabo\/wp-content\/uploads\/sites\/25\/2025\/08\/WhatsApp-Image-2025-08-20-at-13.43.27-768x1152.jpeg 768w, https:\/\/blogs.correiobraziliense.com.br\/lianasabo\/wp-content\/uploads\/sites\/25\/2025\/08\/WhatsApp-Image-2025-08-20-at-13.43.27-800x1200.jpeg 800w, https:\/\/blogs.correiobraziliense.com.br\/lianasabo\/wp-content\/uploads\/sites\/25\/2025\/08\/WhatsApp-Image-2025-08-20-at-13.43.27-550x825.jpeg 550w, https:\/\/blogs.correiobraziliense.com.br\/lianasabo\/wp-content\/uploads\/sites\/25\/2025\/08\/WhatsApp-Image-2025-08-20-at-13.43.27-230x345.jpeg 230w\" sizes=\"auto, (max-width: 683px) 100vw, 683px\" \/><\/a>\n\t\t\t<\/div>\n\t\t\t\t<figcaption class='wp-caption-text gallery-caption' id='gallery-1-9849'>\n\t\t\t\tCr\u00e9dito: Serafina\/Divulga\u00e7\u00e3o\n\t\t\t\t<\/figcaption><\/figure>\n\t\t<\/div>\n\n<p>Al\u00e9m do card\u00e1pio, o restaurante Serafina convida o p\u00fablico a uma experi\u00eancia multissensorial, com decora\u00e7\u00e3o alegre, vibrante e com est\u00e9tica mediterr\u00e2nea, que combina elementos tradicionais italianos e refer\u00eancias urbanas nova-iorquinas.<\/p>\n<p>\u201cO Serafina soma muito a esse projeto ao unir sabores, tradi\u00e7\u00f5es e conviv\u00eancia descontra\u00edda em cada visita\u201d, analisa Jo\u00e3o Marcos Mesquita, superintendente do Manhattan Shopping.<\/p>\n","protected":false},"excerpt":{"rendered":"<p>Estabelecimento vai compor a \u00e1rea gastron\u00f4mica do Manhattan Shopping, em \u00c1guas Claras<\/p>\n","protected":false},"author":54,"featured_media":9848,"comment_status":"open","ping_status":"open","sticky":false,"template":"","format":"standard","meta":{"footnotes":""},"categories":[320],"tags":[138,623,1312,1347],"class_list":["post-9847","post","type-post","status-publish","format-standard","has-post-thumbnail","hentry","category-culinaria-internacional","tag-aguas-claras","tag-culinaria-italiana","tag-manhattan-shopping","tag-serafina"],"_links":{"self":[{"href":"https:\/\/blogs.correiobraziliense.com.br\/lianasabo\/wp-json\/wp\/v2\/posts\/9847","targetHints":{"allow":["GET"]}}],"collection":[{"href":"https:\/\/blogs.correiobraziliense.com.br\/lianasabo\/wp-json\/wp\/v2\/posts"}],"about":[{"href":"https:\/\/blogs.correiobraziliense.com.br\/lianasabo\/wp-json\/wp\/v2\/types\/post"}],"author":[{"embeddable":true,"href":"https:\/\/blogs.correiobraziliense.com.br\/lianasabo\/wp-json\/wp\/v2\/users\/54"}],"replies":[{"embeddable":true,"href":"https:\/\/blogs.correiobraziliense.com.br\/lianasabo\/wp-json\/wp\/v2\/comments?post=9847"}],"version-history":[{"count":1,"href":"https:\/\/blogs.correiobraziliense.com.br\/lianasabo\/wp-json\/wp\/v2\/posts\/9847\/revisions"}],"predecessor-version":[{"id":9852,"href":"https:\/\/blogs.correiobraziliense.com.br\/lianasabo\/wp-json\/wp\/v2\/posts\/9847\/revisions\/9852"}],"wp:featuredmedia":[{"embeddable":true,"href":"https:\/\/blogs.correiobraziliense.com.br\/lianasabo\/wp-json\/wp\/v2\/media\/9848"}],"wp:attachment":[{"href":"https:\/\/blogs.correiobraziliense.com.br\/lianasabo\/wp-json\/wp\/v2\/media?parent=9847"}],"wp:term":[{"taxonomy":"category","embeddable":true,"href":"https:\/\/blogs.correiobraziliense.com.br\/lianasabo\/wp-json\/wp\/v2\/categories?post=9847"},{"taxonomy":"post_tag","embeddable":true,"href":"https:\/\/blogs.correiobraziliense.com.br\/lianasabo\/wp-json\/wp\/v2\/tags?post=9847"}],"curies":[{"name":"wp","href":"https:\/\/api.w.org\/{rel}","templated":true}]}}