{"id":9817,"date":"2025-08-19T09:02:30","date_gmt":"2025-08-19T12:02:30","guid":{"rendered":"https:\/\/blogs.correiobraziliense.com.br\/lianasabo\/?p=9817"},"modified":"2025-08-19T09:02:30","modified_gmt":"2025-08-19T12:02:30","slug":"o-vinho-perde-seu-mestre-antonio-duarte","status":"publish","type":"post","link":"https:\/\/blogs.correiobraziliense.com.br\/lianasabo\/o-vinho-perde-seu-mestre-antonio-duarte\/","title":{"rendered":"O vinho perde seu mestre: Antonio Duarte"},"content":{"rendered":"<p><em>Refer\u00eancia na capital federal, o sommelier morreu aos 83 anos; a despedida ocorre nesta ter\u00e7a-feira (19)<\/em><\/p>\n<figure id=\"attachment_9820\" aria-describedby=\"caption-attachment-9820\" style=\"width: 225px\" class=\"wp-caption alignleft\"><a href=\"https:\/\/blogs.correiobraziliense.com.br\/lianasabo\/wp-content\/uploads\/sites\/25\/2025\/08\/IMG-20250819-WA0007.jpg\"><img loading=\"lazy\" decoding=\"async\" class=\"size-medium wp-image-9820\" src=\"https:\/\/blogs.correiobraziliense.com.br\/lianasabo\/wp-content\/uploads\/sites\/25\/2025\/08\/IMG-20250819-WA0007-225x300.jpg\" alt=\"\" width=\"225\" height=\"300\" srcset=\"https:\/\/blogs.correiobraziliense.com.br\/lianasabo\/wp-content\/uploads\/sites\/25\/2025\/08\/IMG-20250819-WA0007-225x300.jpg 225w, https:\/\/blogs.correiobraziliense.com.br\/lianasabo\/wp-content\/uploads\/sites\/25\/2025\/08\/IMG-20250819-WA0007.jpg 768w, https:\/\/blogs.correiobraziliense.com.br\/lianasabo\/wp-content\/uploads\/sites\/25\/2025\/08\/IMG-20250819-WA0007-800x1067.jpg 800w, https:\/\/blogs.correiobraziliense.com.br\/lianasabo\/wp-content\/uploads\/sites\/25\/2025\/08\/IMG-20250819-WA0007-550x733.jpg 550w, https:\/\/blogs.correiobraziliense.com.br\/lianasabo\/wp-content\/uploads\/sites\/25\/2025\/08\/IMG-20250819-WA0007-230x307.jpg 230w\" sizes=\"auto, (max-width: 225px) 100vw, 225px\" \/><\/a><figcaption id=\"caption-attachment-9820\" class=\"wp-caption-text\">Fui encarregada de entregar o trof\u00e9u a Duarte durante o Pr\u00eamio Encontro Gastr\u00f4 2024<\/figcaption><\/figure>\n<p>H\u00e1 exatos 24 anos, o carioca Antonio Duarte, filho de pai portugu\u00eas dono de botequim no bairro da Vila da Penha, que veio a Bras\u00edlia trabalhar no Serpro, inaugurava a Associa\u00e7\u00e3o Brasileira de Sommeliers (ABS) do Distrito Federal no dia 21 de agosto de 2001. Como j\u00e1 escrevia sobre gastronomia e vinho fui pautada para fazer a cobertura. Encontrei Duarte \u00e0 tarde atarefado cuidando do ambiente improvisado para a inaugura\u00e7\u00e3o \u00e0 noite.<\/p>\n<p>Era uma sobreloja do restaurante Dom Francisco Capixaba, na Academia de T\u00eanis, onde funcionou a primeira sede da institui\u00e7\u00e3o. Desta \u00e9poca Duarte sempre fez quest\u00e3o de lembrar: \u201cFrancisco (Ansiliero) me emprestou tudo \u2013 a sala, mesas, toalhas, cadeiras, copos, ta\u00e7as e at\u00e9 gar\u00e7om \u2013 sem nunca cobrar\u201d.<\/p>\n<figure id=\"attachment_9821\" aria-describedby=\"caption-attachment-9821\" style=\"width: 300px\" class=\"wp-caption alignright\"><a href=\"https:\/\/blogs.correiobraziliense.com.br\/lianasabo\/wp-content\/uploads\/sites\/25\/2025\/08\/IMG-20250819-WA0006.jpg\"><img loading=\"lazy\" decoding=\"async\" class=\"size-medium wp-image-9821\" src=\"https:\/\/blogs.correiobraziliense.com.br\/lianasabo\/wp-content\/uploads\/sites\/25\/2025\/08\/IMG-20250819-WA0006-300x225.jpg\" alt=\"\" width=\"300\" height=\"225\" srcset=\"https:\/\/blogs.correiobraziliense.com.br\/lianasabo\/wp-content\/uploads\/sites\/25\/2025\/08\/IMG-20250819-WA0006-300x225.jpg 300w, https:\/\/blogs.correiobraziliense.com.br\/lianasabo\/wp-content\/uploads\/sites\/25\/2025\/08\/IMG-20250819-WA0006-768x576.jpg 768w, https:\/\/blogs.correiobraziliense.com.br\/lianasabo\/wp-content\/uploads\/sites\/25\/2025\/08\/IMG-20250819-WA0006-1024x768.jpg 1024w, https:\/\/blogs.correiobraziliense.com.br\/lianasabo\/wp-content\/uploads\/sites\/25\/2025\/08\/IMG-20250819-WA0006-800x600.jpg 800w, https:\/\/blogs.correiobraziliense.com.br\/lianasabo\/wp-content\/uploads\/sites\/25\/2025\/08\/IMG-20250819-WA0006-550x413.jpg 550w, https:\/\/blogs.correiobraziliense.com.br\/lianasabo\/wp-content\/uploads\/sites\/25\/2025\/08\/IMG-20250819-WA0006-230x173.jpg 230w, https:\/\/blogs.correiobraziliense.com.br\/lianasabo\/wp-content\/uploads\/sites\/25\/2025\/08\/IMG-20250819-WA0006.jpg 1280w\" sizes=\"auto, (max-width: 300px) 100vw, 300px\" \/><\/a><figcaption id=\"caption-attachment-9821\" class=\"wp-caption-text\">Duarte foi homenageado no Pr\u00eamio Encontro Gastr\u00f4. Cr\u00e9dito: Encontro Gastr\u00f4\/Divulga\u00e7\u00e3o<\/figcaption><\/figure>\n<p>Gratid\u00e3o foi uma marca do maior sommelier que viveu em Bras\u00edlia, mestre dos mestres, como era chamado, e de quem at\u00e9 eu recebi um agrado: \u201cmadrinha da ABS\u201d, por reportar seus passos no <strong>Correio Braziliense<\/strong>. Foram centenas de degusta\u00e7\u00f5es que ele comandou, in\u00fameras viagens em regi\u00f5es vin\u00edcolas, milhares de aulas para cerca de cinco mil alunos, calcula Flavio Vieira, um deles.<\/p>\n<p>Tenho certeza de que nesta manh\u00e3 do dia 19 de agosto de 2025, v\u00e9spera do 24\u00ba anivers\u00e1rio de funda\u00e7\u00e3o da ABS-Bras\u00edlia, seremos muitos amigos, sommeliers, admiradores que nos uniremos \u00e0 Maria Eugenia na despedida de Antonio Duarte, no Campo da Esperan\u00e7a. Descanse em paz!<\/p>\n<p><a href=\"https:\/\/blogs.correiobraziliense.com.br\/lianasabo\/wp-content\/uploads\/sites\/25\/2025\/08\/IMG-20250818-WA0050.jpg\"><img loading=\"lazy\" decoding=\"async\" class=\"aligncenter size-full wp-image-9819\" src=\"https:\/\/blogs.correiobraziliense.com.br\/lianasabo\/wp-content\/uploads\/sites\/25\/2025\/08\/IMG-20250818-WA0050.jpg\" alt=\"\" width=\"511\" height=\"646\" srcset=\"https:\/\/blogs.correiobraziliense.com.br\/lianasabo\/wp-content\/uploads\/sites\/25\/2025\/08\/IMG-20250818-WA0050.jpg 511w, https:\/\/blogs.correiobraziliense.com.br\/lianasabo\/wp-content\/uploads\/sites\/25\/2025\/08\/IMG-20250818-WA0050-237x300.jpg 237w, https:\/\/blogs.correiobraziliense.com.br\/lianasabo\/wp-content\/uploads\/sites\/25\/2025\/08\/IMG-20250818-WA0050-230x291.jpg 230w\" sizes=\"auto, (max-width: 511px) 100vw, 511px\" \/><\/a><\/p>\n","protected":false},"excerpt":{"rendered":"<p>Refer\u00eancia na capital federal, o sommelier morreu aos 83 anos; a despedida ocorre nesta ter\u00e7a-feira (19) H\u00e1 exatos 24 anos, o carioca Antonio Duarte, filho de pai portugu\u00eas dono de botequim no bairro da Vila da Penha, que veio a Bras\u00edlia trabalhar no Serpro, inaugurava a Associa\u00e7\u00e3o Brasileira de Sommeliers (ABS) do Distrito Federal no dia 21 de agosto de [&hellip;]<\/p>\n","protected":false},"author":54,"featured_media":9818,"comment_status":"open","ping_status":"open","sticky":false,"template":"","format":"standard","meta":{"footnotes":""},"categories":[1],"tags":[],"class_list":["post-9817","post","type-post","status-publish","format-standard","has-post-thumbnail","hentry","category-sem-categoria"],"_links":{"self":[{"href":"https:\/\/blogs.correiobraziliense.com.br\/lianasabo\/wp-json\/wp\/v2\/posts\/9817","targetHints":{"allow":["GET"]}}],"collection":[{"href":"https:\/\/blogs.correiobraziliense.com.br\/lianasabo\/wp-json\/wp\/v2\/posts"}],"about":[{"href":"https:\/\/blogs.correiobraziliense.com.br\/lianasabo\/wp-json\/wp\/v2\/types\/post"}],"author":[{"embeddable":true,"href":"https:\/\/blogs.correiobraziliense.com.br\/lianasabo\/wp-json\/wp\/v2\/users\/54"}],"replies":[{"embeddable":true,"href":"https:\/\/blogs.correiobraziliense.com.br\/lianasabo\/wp-json\/wp\/v2\/comments?post=9817"}],"version-history":[{"count":1,"href":"https:\/\/blogs.correiobraziliense.com.br\/lianasabo\/wp-json\/wp\/v2\/posts\/9817\/revisions"}],"predecessor-version":[{"id":9822,"href":"https:\/\/blogs.correiobraziliense.com.br\/lianasabo\/wp-json\/wp\/v2\/posts\/9817\/revisions\/9822"}],"wp:featuredmedia":[{"embeddable":true,"href":"https:\/\/blogs.correiobraziliense.com.br\/lianasabo\/wp-json\/wp\/v2\/media\/9818"}],"wp:attachment":[{"href":"https:\/\/blogs.correiobraziliense.com.br\/lianasabo\/wp-json\/wp\/v2\/media?parent=9817"}],"wp:term":[{"taxonomy":"category","embeddable":true,"href":"https:\/\/blogs.correiobraziliense.com.br\/lianasabo\/wp-json\/wp\/v2\/categories?post=9817"},{"taxonomy":"post_tag","embeddable":true,"href":"https:\/\/blogs.correiobraziliense.com.br\/lianasabo\/wp-json\/wp\/v2\/tags?post=9817"}],"curies":[{"name":"wp","href":"https:\/\/api.w.org\/{rel}","templated":true}]}}