{"id":9807,"date":"2025-08-08T17:46:40","date_gmt":"2025-08-08T20:46:40","guid":{"rendered":"https:\/\/blogs.correiobraziliense.com.br\/lianasabo\/?p=9807"},"modified":"2025-08-08T17:46:40","modified_gmt":"2025-08-08T20:46:40","slug":"safras-do-cerrado-reune-chefs-renomados-em-aulas-show-e-degustacoes-no-parque-da-cidade","status":"publish","type":"post","link":"https:\/\/blogs.correiobraziliense.com.br\/lianasabo\/safras-do-cerrado-reune-chefs-renomados-em-aulas-show-e-degustacoes-no-parque-da-cidade\/","title":{"rendered":"Safras do Cerrado re\u00fane chefs renomados em aulas show e degusta\u00e7\u00f5es no Parque da Cidade"},"content":{"rendered":"<p><!--StartFragment --><\/p>\n<p class=\"pf0\"><em><span class=\"cf0\">Entre os nomes confirmados na programa\u00e7\u00e3o est\u00e3o Francisco <\/span><span class=\"cf0\">Ansiliero<\/span><span class=\"cf0\"> e Gil Guimar\u00e3es<\/span><\/em><\/p>\n<p class=\"pf0\"><span class=\"cf0\">At\u00e9 domingo (10), o Estacionamento 11 do Parque da Cidade recebe a segunda edi\u00e7\u00e3o do Safras do Cerrado. Iniciada nesta sexta-feira (8), a programa\u00e7\u00e3o inclui aulas show, degusta\u00e7\u00f5es e palestras conduzidas por chefs renomados, pequenos e m\u00e9dios produtores, empreendedores e especialistas. A participa\u00e7\u00e3o \u00e9 gratuita mediante retirada de ingresso no <a href=\"https:\/\/safrasdocerrado.com.br\/\">site oficial<\/a>.<\/span><\/p>\n<p class=\"pf0\"><span class=\"cf0\">Entre os nomes confirmados, um dos destaques \u00e9 o chef Francisco <\/span><span class=\"cf0\">Ansiliero<\/span><span class=\"cf0\">, que sobe ao palco nesta sexta-feira, \u00e0s 19h. Na ocasi\u00e3o, vai apresentar uma costelinha su\u00edna feita ao forno com <\/span><span class=\"cf0\">chutney<\/span><span class=\"cf0\"> de cagaita, pur\u00ea de mangarito, pimenta de macaco e farofa de buriti. O prato ser\u00e1 harmonizado com Vinho <\/span><span class=\"cf0\">Oma<\/span><span class=\"cf0\"> Sena. A programa\u00e7\u00e3o do primeiro dia conta ainda com <\/span><span class=\"cf0\">talk<\/span><span class=\"cf0\"> show sobre Vinhos do Cerrado, \u00e0s 20h.<\/span><\/p>\n<p class=\"pf0\"><span class=\"cf0\">No s\u00e1bado, as atra\u00e7\u00f5es come\u00e7am a partir das 13h. Entre os destaques do dia est\u00e3o as aulas de Tonico <\/span><span class=\"cf0\">Lichtsztejn<\/span><span class=\"cf0\"> (14h), que apresentar\u00e1 um menu de surpresas com entranhas, da chef Lily Ara\u00fajo, que aproveitar\u00e1 o hit culin\u00e1rio do momento e far\u00e1 o morango do amor do Cerrado; e de L\u00e9o <\/span><span class=\"cf0\">Hamu<\/span><span class=\"cf0\">, que far\u00e1 banhas su\u00ednas aromatizadas.<\/span><\/p>\n<p><a href=\"https:\/\/blogs.correiobraziliense.com.br\/lianasabo\/wp-content\/uploads\/sites\/25\/2025\/08\/WhatsApp-Image-2025-08-08-at-17.14.58.jpeg\"><img loading=\"lazy\" decoding=\"async\" class=\"alignleft size-medium wp-image-9808\" src=\"https:\/\/blogs.correiobraziliense.com.br\/lianasabo\/wp-content\/uploads\/sites\/25\/2025\/08\/WhatsApp-Image-2025-08-08-at-17.14.58-169x300.jpeg\" alt=\"\" width=\"169\" height=\"300\" srcset=\"https:\/\/blogs.correiobraziliense.com.br\/lianasabo\/wp-content\/uploads\/sites\/25\/2025\/08\/WhatsApp-Image-2025-08-08-at-17.14.58-169x300.jpeg 169w, https:\/\/blogs.correiobraziliense.com.br\/lianasabo\/wp-content\/uploads\/sites\/25\/2025\/08\/WhatsApp-Image-2025-08-08-at-17.14.58-768x1365.jpeg 768w, https:\/\/blogs.correiobraziliense.com.br\/lianasabo\/wp-content\/uploads\/sites\/25\/2025\/08\/WhatsApp-Image-2025-08-08-at-17.14.58.jpeg 576w, https:\/\/blogs.correiobraziliense.com.br\/lianasabo\/wp-content\/uploads\/sites\/25\/2025\/08\/WhatsApp-Image-2025-08-08-at-17.14.58-800x1422.jpeg 800w, https:\/\/blogs.correiobraziliense.com.br\/lianasabo\/wp-content\/uploads\/sites\/25\/2025\/08\/WhatsApp-Image-2025-08-08-at-17.14.58-550x978.jpeg 550w, https:\/\/blogs.correiobraziliense.com.br\/lianasabo\/wp-content\/uploads\/sites\/25\/2025\/08\/WhatsApp-Image-2025-08-08-at-17.14.58-230x409.jpeg 230w\" sizes=\"auto, (max-width: 169px) 100vw, 169px\" \/><\/a><\/p>\n<p class=\"pf0\"><span class=\"cf0\">No domingo, em clima de Dia dos Pais, o chef Gil Guimar\u00e3es sobe ao palco ao lado do filho Gabriel Guimar\u00e3es \u00e0s 13h para fazer macarronada de pequi, sobrecoxa assada ao lim\u00e3o e pimenta de macaco, harmonizado com <\/span><span class=\"cf0\">Oros<\/span><span class=\"cf0\"> Vin\u00edcola. No meio da tarde, por volta das 16h, ser\u00e1 feito o <\/span><span class=\"cf0\">talk<\/span><span class=\"cf0\"> show A revolu\u00e7\u00e3o da cerveja artesanal. O encerramento ser\u00e1 com Andrey Angelim que far\u00e1 <\/span><span class=\"cf0\">TBone<\/span><span class=\"cf0\"> Angus, <\/span><span class=\"cf0\">demi<\/span><span class=\"cf0\"> glace de jabuticaba e farofa crocante de <\/span><span class=\"cf0\">jilo<\/span><span class=\"cf0\">.<\/span><\/p>\n<p class=\"pf0\"><strong><span class=\"cf0\">Confira a programa\u00e7\u00e3o completa do evento Safras do Cerrado<\/span><\/strong><\/p>\n<p class=\"pf0\"><strong><span class=\"cf0\">Sexta-feira (8)<\/span><\/strong><\/p>\n<p class=\"pf0\"><span class=\"cf0\">18h<br \/>\n<\/span><span class=\"cf0\">Aula Show e Degusta\u00e7\u00e3o<\/span><span class=\"cf1\">\u2013 Rog<\/span><span class=\"cf0\">\u00e9rio <\/span><span class=\"cf0\">Trondoli<\/span> <span class=\"cf1\">\u2013 Melhor Carnes e Total <\/span><span class=\"cf1\">Serv<br \/>\n<\/span><span class=\"cf1\">Menu: Oficina de desossa e degusta<\/span><span class=\"cf0\">\u00e7\u00e3o de Carnes<\/span><\/p>\n<p class=\"pf0\"><span class=\"cf0\">19h<br \/>\n<\/span><span class=\"cf0\">Aula Show e Degusta\u00e7\u00e3o &#8211; Francisco <\/span><span class=\"cf0\">Ansiliero<br \/>\n<\/span><span class=\"cf0\">Menu: Costelinha Su\u00edna ao forno, <\/span><span class=\"cf0\">chutney<\/span><span class=\"cf0\"> de cagaita, pur\u00ea de mangarito, pimenta de macaco, farofa de buriti<\/span><span class=\"cf0\">Harmoniza\u00e7\u00e3o: Vinho <\/span><span class=\"cf0\">Oma<\/span><span class=\"cf0\"> Sena<\/span><\/p>\n<p class=\"pf0\"><span class=\"cf0\">20h<br \/>\n<\/span>Talk Show &#8211; Vinhos do Cerrado &#8211; A T\u00e9cnica da Dupla Poda e a Colheita de Inverno<br \/>\nEspecialistas:<br \/>\n<span class=\"cf0\">* Rosangela <\/span><span class=\"cf0\">Caino<\/span><span class=\"cf0\"> (sommelier especialista em harmoniza\u00e7\u00e3o)<br \/>\n<\/span><span class=\"cf0\">* Isabella <\/span><span class=\"cf0\">Bonato<\/span><span class=\"cf0\"> (Agr\u00f4noma, Sommelier e Produtora de Vinhos)<br \/>\n<\/span>* Sergio Pires (Sommelier e Presidente da ABS\/DF)<br \/>\n<span class=\"cf0\">* Jose Eduardo Barbosa (Sommelier <\/span><span class=\"cf0\">Senior<\/span><span class=\"cf0\"> e Educador)<\/span><\/p>\n<p class=\"pf0\"><span class=\"cf0\">21h<br \/>\n<\/span>Convite aos Chefs- Jantar- D\u00f3lm\u00e3 ao Descanso<br \/>\n<span class=\"cf0\">Chefs- J\u00falio C\u00e9sar, Leninha Camargo, Rog\u00e9rio <\/span><span class=\"cf0\">Trondoli<\/span><span class=\"cf0\"> e Luiz Alberto<\/span><\/p>\n<p class=\"pf0\"><strong><span class=\"cf0\">S\u00e1bado (9)<\/span><\/strong><\/p>\n<p class=\"pf0\"><span class=\"cf0\">13h<br \/>\n<\/span>Talk Show &#8211; Pr\u00e1ticas sustent\u00e1veis em bares, hot\u00e9is e restaurantes<br \/>\n* Val\u00e9ria Farias (Especialista em Pr\u00e1ticas ESG)<br \/>\n* Pedro Henrique (gestor de hospitalidade)<br \/>\n<span class=\"cf0\">* <\/span><span class=\"cf0\">Kadmo<\/span><span class=\"cf0\"> Cortes (Mentor do <\/span><span class=\"cf0\">Progama<\/span><span class=\"cf0\"> Lixo Zero)<br \/>\n<\/span><span class=\"cf0\">* Participa\u00e7\u00e3o especial: Jael Ant\u00f4nio da Silva &#8211; Presidente do <\/span><span class=\"cf0\">Sindhobar<\/span><\/p>\n<p class=\"pf0\"><span class=\"cf0\">14h<br \/>\n<\/span><span class=\"cf0\">Aula Show e Degusta\u00e7\u00e3o &#8211; Tonico <\/span><span class=\"cf0\">Lichtsztejn<br \/>\n<\/span>Menu: Surpresas com Entranhas<br \/>\n<span class=\"cf0\">Harmoniza\u00e7\u00e3o: <\/span><span class=\"cf0\">Oma<\/span><span class=\"cf0\"> Sena<\/span><\/p>\n<p class=\"pf0\"><span class=\"cf0\">15h<br \/>\n<\/span><span class=\"cf0\">Talk Show e Degusta\u00e7\u00e3o de Caf\u00e9s &#8211; Do <\/span><span class=\"cf0\">terroir<\/span><span class=\"cf0\"> \u00e0 experi\u00eancia sensorial: a for\u00e7a do caf\u00e9 no DF e Entorno<br \/>\n<\/span><span class=\"cf0\">* Claudio Coutinho &#8211; Caf\u00e9 <\/span><span class=\"cf0\">Minelis<\/span><span class=\"cf0\">,<br \/>\n<\/span><span class=\"cf0\">* <\/span><span class=\"cf0\">Nahyara<\/span><span class=\"cf0\"> Vieira &#8211; idealizadora do <\/span><span class=\"cf0\">Coffee<\/span><span class=\"cf0\"> Bras\u00edlia<br \/>\n<\/span><span class=\"cf0\">* <\/span><span class=\"cf0\">Livia<\/span><span class=\"cf0\"> Teobaldo &#8211; produtora e representante da Cooperativa Elo Rural<br \/>\n<\/span><span class=\"cf0\">* <\/span><span class=\"cf0\">Antonello<\/span> <span class=\"cf0\">Monardo<\/span><span class=\"cf0\">&#8211; Especialista em Caf\u00e9s<\/span><\/p>\n<p class=\"pf0\"><span class=\"cf0\">16h<br \/>\n<\/span>Aula Show e Degusta\u00e7\u00e3o- Chef Lily Ara\u00fajo<br \/>\nMenu: Caf\u00e9 da tarde, Torta de massa folhada recheada com frango, requeij\u00e3o cremoso e azeite de pequi<br \/>\nMorango do Amor do Cerrado<br \/>\nHarmoniza\u00e7\u00e3o: infus\u00e3o de ch\u00e1s com insumos do cerrado \/ caf\u00e9<\/p>\n<p class=\"pf0\"><span class=\"cf0\">17h<br \/>\n<\/span>Talk Show &#8211; Hist\u00f3rias que Empreendem<br \/>\n<span class=\"cf0\">* Ricardo <\/span><span class=\"cf0\">Sechis<\/span><span class=\"cf0\"> CEO do Grupo <\/span><span class=\"cf0\">Ricco<\/span><span class=\"cf0\"> Burguer<br \/>\n<\/span><span class=\"cf0\">* Vinicius Campos CEO <\/span><span class=\"cf0\">Vinnys<\/span><span class=\"cf0\"> Pizzaria <\/span><span class=\"cf0\">Napoletana<\/span><span class=\"cf0\"> e <\/span><span class=\"cf0\">Sandys<\/span><span class=\"cf0\"> Shop<br \/>\n<\/span>* Isabelle Nogueira Gestora IFOOD\/DF<br \/>\n<span class=\"cf0\">* Participa\u00e7\u00e3o especial: Beto Pinheiro &#8211; Presidente <\/span><span class=\"cf0\">Abrasel-Df<\/span><\/p>\n<p class=\"pf0\"><span class=\"cf0\">18h<br \/>\n<\/span>Aula Show e Degusta\u00e7\u00e3o- Chef Leninha Camargo<br \/>\n<span class=\"cf0\">Menu: Tutano <\/span><span class=\"cf0\">braseado<\/span><span class=\"cf0\">, <\/span><span class=\"cf0\">crudo<\/span><span class=\"cf0\"> de angus de sol, emuls\u00e3o de pequi, <\/span><span class=\"cf0\">panc<\/span> <span class=\"cf0\">terramana<br \/>\n<\/span><span class=\"cf0\">Harmoniza\u00e7\u00e3o: <\/span><span class=\"cf0\">Jeaninne<\/span><span class=\"cf0\"> Cabernet <\/span><span class=\"cf0\">Franc<\/span> <span class=\"cf1\">\u2013 <\/span><span class=\"cf1\">Syrah<\/span> <span class=\"cf1\">by<\/span> <span class=\"cf1\">Vinicola<\/span><span class=\"cf1\"> Alto Cerrado<\/span><\/p>\n<p class=\"pf0\"><span class=\"cf1\">19h<br \/>\n<\/span><span class=\"cf1\">Aula Show e Degusta<\/span><span class=\"cf0\">\u00e7\u00e3o &#8211; L\u00e9o <\/span><span class=\"cf0\">Hamu<br \/>\n<\/span><span class=\"cf0\">Menu: Banhas su\u00ednas aromatizadas, Frango confitado em banha de a\u00e7afr\u00e3o da terra, ceviche de milho e <\/span><span class=\"cf0\">orapronobis<\/span><span class=\"cf0\"> com emuls\u00e3o de pequi, mandioca salteada em banha de coentro<br \/>\n<\/span><span class=\"cf0\">Harmoniza\u00e7\u00e3o: Drink <\/span><span class=\"cf0\">Macunaima<\/span><span class=\"cf0\"> a base de cacha\u00e7a<\/span><\/p>\n<p class=\"pf0\"><span class=\"cf0\">20h<br \/>\n<\/span>Aula Show e Degusta\u00e7\u00e3o &#8211; Di Oliveira<br \/>\n<span class=\"cf0\">Menu: Prime <\/span><span class=\"cf0\">Rib<\/span><span class=\"cf0\"> Su\u00edno, Farofa de Baru e Laranja, Umbuzada com feij\u00e3o branco, <\/span><span class=\"cf0\">Crispy<\/span><span class=\"cf0\"> de alho poro e couve.<br \/>\n<\/span>Harmoniza\u00e7\u00e3o: Vin\u00edcola Miro<\/p>\n<p class=\"pf0\"><span class=\"cf0\">21h<br \/>\n<\/span>Momento Surpresa de Palco<\/p>\n<p class=\"pf0\"><strong><span class=\"cf0\">Domingo (10)<\/span><\/strong><\/p>\n<p class=\"pf0\"><span class=\"cf0\">13h<br \/>\n<\/span>Aula Show e Degusta\u00e7\u00e3o &#8211; Gil Guimaraes e Gabriel Guimar\u00e3es<br \/>\nMenu: Macarronada de Pequi, Sobrecoxa assada ao lim\u00e3o e pimenta de macaco.<br \/>\n<span class=\"cf0\">Harmoniza\u00e7\u00e3o: <\/span><span class=\"cf0\">Oros<\/span><span class=\"cf0\"> Vin\u00edcola<\/span><\/p>\n<p class=\"pf0\"><span class=\"cf0\">14h<br \/>\n<\/span>Aula Show e Degusta\u00e7\u00e3o &#8211; J\u00falio C\u00e9sar<br \/>\n<span class=\"cf0\">Menu: <\/span><span class=\"cf0\">Porchetta<\/span> <span class=\"cf0\">Pururucada<\/span><span class=\"cf0\">, arroz cremoso, farofa de baru, taioba e <\/span><span class=\"cf0\">roti<\/span><span class=\"cf0\"> de porco<\/span><\/p>\n<p class=\"pf0\"><span class=\"cf0\">15h<br \/>\n<\/span>Aula Show e Degusta\u00e7\u00e3o &#8211; J\u00falia Almeida<br \/>\n<span class=\"cf0\">Menu<\/span><span class=\"cf0\">: Mil folhas de frango com pequi, crocante de pele de frango com arroz arb\u00f3reo, creme de pequi e caviar de quiabo<\/span><\/p>\n<p class=\"pf0\"><span class=\"cf0\">16h<br \/>\n<\/span>Talk Show e Degusta\u00e7\u00e3o &#8211; A Revolu\u00e7\u00e3o da Cerveja Artesanal<br \/>\n* Quatro Poderes<br \/>\n<span class=\"cf0\">* <\/span><span class=\"cf0\">Cruls<br \/>\n<\/span>* Hop Capital<br \/>\n<span class=\"cf0\">* Capital <\/span><span class=\"cf0\">Bracitorium<\/span><\/p>\n<p class=\"pf0\"><span class=\"cf0\">17h<br \/>\n<\/span>Momento Surpresa de Palco<\/p>\n<p class=\"pf0\"><span class=\"cf0\">18h<br \/>\n<\/span><span class=\"cf0\">Talk Show e Degusta\u00e7\u00e3o &#8211; O Cerrado em cada gole <\/span><span class=\"cf1\">\u2013 Cacha<\/span><span class=\"cf0\">\u00e7as<br \/>\n<\/span><span class=\"cf0\">* Hugo Studart <\/span><span class=\"cf1\">\u2013 Cacha<\/span><span class=\"cf0\">\u00e7aria Studart<br \/>\n<\/span><span class=\"cf0\">* Igor Cavalcante <\/span><span class=\"cf1\">\u2013 Cacha<\/span><span class=\"cf0\">\u00e7aria Cavaco<\/span><\/p>\n<p class=\"pf0\"><span class=\"cf0\">19h<br \/>\n<\/span>Aula Show e Degusta\u00e7\u00e3o Andrey Angelim<br \/>\n<span class=\"cf0\">Menu: <\/span><span class=\"cf0\">TBone<\/span><span class=\"cf0\"> Angus, Demi Glace de jabuticaba, Farofa crocante de <\/span><span class=\"cf0\">jilo<br \/>\n<\/span>Harmoniza\u00e7\u00e3o: Vinho do Cerrado<\/p>\n<p class=\"pf0\"><span class=\"cf0\">20h<br \/>\n<\/span>Momento Surpresa de Palco<\/p>\n<p><!--EndFragment --><\/p>\n","protected":false},"excerpt":{"rendered":"<p>Entre os nomes confirmados na programa\u00e7\u00e3o est\u00e3o Francisco Ansiliero e Gil Guimar\u00e3es<\/p>\n","protected":false},"author":54,"featured_media":3230,"comment_status":"open","ping_status":"open","sticky":false,"template":"","format":"standard","meta":{"footnotes":""},"categories":[1319],"tags":[1339],"class_list":["post-9807","post","type-post","status-publish","format-standard","has-post-thumbnail","hentry","category-feira","tag-safras-do-cerrado"],"_links":{"self":[{"href":"https:\/\/blogs.correiobraziliense.com.br\/lianasabo\/wp-json\/wp\/v2\/posts\/9807","targetHints":{"allow":["GET"]}}],"collection":[{"href":"https:\/\/blogs.correiobraziliense.com.br\/lianasabo\/wp-json\/wp\/v2\/posts"}],"about":[{"href":"https:\/\/blogs.correiobraziliense.com.br\/lianasabo\/wp-json\/wp\/v2\/types\/post"}],"author":[{"embeddable":true,"href":"https:\/\/blogs.correiobraziliense.com.br\/lianasabo\/wp-json\/wp\/v2\/users\/54"}],"replies":[{"embeddable":true,"href":"https:\/\/blogs.correiobraziliense.com.br\/lianasabo\/wp-json\/wp\/v2\/comments?post=9807"}],"version-history":[{"count":1,"href":"https:\/\/blogs.correiobraziliense.com.br\/lianasabo\/wp-json\/wp\/v2\/posts\/9807\/revisions"}],"predecessor-version":[{"id":9809,"href":"https:\/\/blogs.correiobraziliense.com.br\/lianasabo\/wp-json\/wp\/v2\/posts\/9807\/revisions\/9809"}],"wp:featuredmedia":[{"embeddable":true,"href":"https:\/\/blogs.correiobraziliense.com.br\/lianasabo\/wp-json\/wp\/v2\/media\/3230"}],"wp:attachment":[{"href":"https:\/\/blogs.correiobraziliense.com.br\/lianasabo\/wp-json\/wp\/v2\/media?parent=9807"}],"wp:term":[{"taxonomy":"category","embeddable":true,"href":"https:\/\/blogs.correiobraziliense.com.br\/lianasabo\/wp-json\/wp\/v2\/categories?post=9807"},{"taxonomy":"post_tag","embeddable":true,"href":"https:\/\/blogs.correiobraziliense.com.br\/lianasabo\/wp-json\/wp\/v2\/tags?post=9807"}],"curies":[{"name":"wp","href":"https:\/\/api.w.org\/{rel}","templated":true}]}}