{"id":9797,"date":"2025-08-08T14:16:03","date_gmt":"2025-08-08T17:16:03","guid":{"rendered":"https:\/\/blogs.correiobraziliense.com.br\/lianasabo\/?p=9797"},"modified":"2025-08-08T14:18:03","modified_gmt":"2025-08-08T17:18:03","slug":"dia-dos-pais-confira-um-roteiro-gastronomico-para-celebrar-a-data","status":"publish","type":"post","link":"https:\/\/blogs.correiobraziliense.com.br\/lianasabo\/dia-dos-pais-confira-um-roteiro-gastronomico-para-celebrar-a-data\/","title":{"rendered":"Dia dos Pais: Confira um roteiro gastron\u00f4mico para celebrar a data"},"content":{"rendered":"<p><!--StartFragment --><\/p>\n<p><span class=\"cf0\">Neste Dia dos Pais, Bras\u00edlia se transforma em um roteiro de sabores para celebrar a data em grande estilo. A capital oferece op\u00e7\u00f5es que agradam desde os pais apreciadores de alta gastronomia at\u00e9 aqueles que preferem a simplicidade de um bom prato afetivo. Confira a seguir uma sele\u00e7\u00e3o do Blog da Liana <\/span><span class=\"cf0\">Sabo.<\/span><\/p>\n<p><strong><span class=\"cf0\">Bla&#8217;s<\/span><span class=\"cf0\"> Cozinha de Culturas<\/span><\/strong><\/p>\n<p><span class=\"cf0\">O restaurante localizado na 406 Norte preparou uma a\u00e7\u00e3o especial para o Dia dos Pais. O local vai oferecer uma ta\u00e7a de vinho ou uma <\/span><span class=\"cf0\">long<\/span> <span class=\"cf0\">neck<\/span><span class=\"cf0\"> de cerveja como cortesia para os pais que almo\u00e7arem no restaurante e realizarem reserva antecipada. No card\u00e1pio da casa, op\u00e7\u00f5es como risoto de cogumelos com queijo da Serra da Canastra (R$ 74), o fil\u00e9 <\/span><span class=\"cf0\">Bla\u2019s<\/span><span class=\"cf0\"> com crosta de <\/span><span class=\"cf0\">panko<\/span><span class=\"cf0\"> e risoto de queijo (R$ 89), o camar\u00e3o ao molho de moqueca com arroz de coco (R$ 89) e o fettuccine artesanal ao molho de rabada (R$ 72). O estabelecimento funciona no domingo das 12h \u00e0s 16h. Reservas: (61) 3879-3430.<\/span><\/p>\n<p><strong><span class=\"cf0\">Don Romano<\/span><\/strong><\/p>\n<figure id=\"attachment_9802\" aria-describedby=\"caption-attachment-9802\" style=\"width: 800px\" class=\"wp-caption aligncenter\"><a href=\"https:\/\/blogs.correiobraziliense.com.br\/lianasabo\/wp-content\/uploads\/sites\/25\/2025\/08\/Ossobuco-Don-Romano-Divulga\u00e7\u00e3o-6.jpg\"><img loading=\"lazy\" decoding=\"async\" class=\"size-full wp-image-9802\" src=\"https:\/\/blogs.correiobraziliense.com.br\/lianasabo\/wp-content\/uploads\/sites\/25\/2025\/08\/Ossobuco-Don-Romano-Divulga\u00e7\u00e3o-6.jpg\" alt=\"\" width=\"800\" height=\"533\" srcset=\"https:\/\/blogs.correiobraziliense.com.br\/lianasabo\/wp-content\/uploads\/sites\/25\/2025\/08\/Ossobuco-Don-Romano-Divulga\u00e7\u00e3o-6.jpg 800w, https:\/\/blogs.correiobraziliense.com.br\/lianasabo\/wp-content\/uploads\/sites\/25\/2025\/08\/Ossobuco-Don-Romano-Divulga\u00e7\u00e3o-6-300x200.jpg 300w, https:\/\/blogs.correiobraziliense.com.br\/lianasabo\/wp-content\/uploads\/sites\/25\/2025\/08\/Ossobuco-Don-Romano-Divulga\u00e7\u00e3o-6-768x512.jpg 768w, https:\/\/blogs.correiobraziliense.com.br\/lianasabo\/wp-content\/uploads\/sites\/25\/2025\/08\/Ossobuco-Don-Romano-Divulga\u00e7\u00e3o-6-550x366.jpg 550w, https:\/\/blogs.correiobraziliense.com.br\/lianasabo\/wp-content\/uploads\/sites\/25\/2025\/08\/Ossobuco-Don-Romano-Divulga\u00e7\u00e3o-6-230x153.jpg 230w\" sizes=\"auto, (max-width: 800px) 100vw, 800px\" \/><\/a><figcaption id=\"caption-attachment-9802\" class=\"wp-caption-text\">Ossobuco. Cr\u00e9dito: Don Romano\/Divulga\u00e7\u00e3o<\/figcaption><\/figure>\n<p><span class=\"cf0\">A celebra\u00e7\u00e3o dos patriarcas nas unidades do Lago Sul e Asa Norte ter\u00e1 uma receita ic\u00f4nica da casa para ser compartilhada em fam\u00edlia. Servido exclusivamente para a data, o ossobuco (R$ 207) preparado com carne marinada por mais de 72 horas em forno a lenha e finalizada com t\u00e9cnica e cuidado artesanal ser\u00e1 servido acompanhado de fettuccine fresco. O prato serve tr\u00eas pessoas. No domingo, o restaurante funciona das 11h \u00e0s 23h.<\/span><\/p>\n<p><strong><span class=\"cf0\">Restaurante Norton<\/span><\/strong><\/p>\n<p><span class=\"cf0\">Para o Dia dos Pais, o restaurante, localizado no Brasil 21, preparou um buf\u00ea exclusivo. Pelo custo de R$ 128 (por pessoa), o estabelecimento servir\u00e1 entradas, pratos principais, esta\u00e7\u00e3o <\/span><span class=\"cf0\">kids<\/span><span class=\"cf0\"> &#8211; com pratos exclusivos para os pequenos &#8211; e sobremesas. Entre as iguarias estar\u00e3o medalh\u00f5es de fil\u00e9 e bob\u00f3 de camar\u00e3o. Reservas pelo WhatsApp: (61) 98228-2121.<\/span><\/p>\n<p><strong><span class=\"cf0\">Nino <\/span><span class=\"cf0\">Cucina<\/span><\/strong><\/p>\n<figure id=\"attachment_9803\" aria-describedby=\"caption-attachment-9803\" style=\"width: 800px\" class=\"wp-caption aligncenter\"><a href=\"https:\/\/blogs.correiobraziliense.com.br\/lianasabo\/wp-content\/uploads\/sites\/25\/2025\/08\/IMG_4181.jpg\"><img loading=\"lazy\" decoding=\"async\" class=\"size-full wp-image-9803\" src=\"https:\/\/blogs.correiobraziliense.com.br\/lianasabo\/wp-content\/uploads\/sites\/25\/2025\/08\/IMG_4181.jpg\" alt=\"\" width=\"800\" height=\"533\" srcset=\"https:\/\/blogs.correiobraziliense.com.br\/lianasabo\/wp-content\/uploads\/sites\/25\/2025\/08\/IMG_4181.jpg 800w, https:\/\/blogs.correiobraziliense.com.br\/lianasabo\/wp-content\/uploads\/sites\/25\/2025\/08\/IMG_4181-300x200.jpg 300w, https:\/\/blogs.correiobraziliense.com.br\/lianasabo\/wp-content\/uploads\/sites\/25\/2025\/08\/IMG_4181-768x512.jpg 768w, https:\/\/blogs.correiobraziliense.com.br\/lianasabo\/wp-content\/uploads\/sites\/25\/2025\/08\/IMG_4181-550x366.jpg 550w, https:\/\/blogs.correiobraziliense.com.br\/lianasabo\/wp-content\/uploads\/sites\/25\/2025\/08\/IMG_4181-230x153.jpg 230w\" sizes=\"auto, (max-width: 800px) 100vw, 800px\" \/><\/a><figcaption id=\"caption-attachment-9803\" class=\"wp-caption-text\">Cr\u00e9dito: Nino Cucina\/Divulga\u00e7\u00e3o<\/figcaption><\/figure>\n<p><span class=\"cf0\">A comemora\u00e7\u00e3o no restaurante da 403 Sul comandado pelo chef Marco <\/span><span class=\"cf0\">Renzetti<\/span><span class=\"cf0\"> aposta nos sabores cl\u00e1ssicos da It\u00e1lia. A sugest\u00e3o \u00e9 a bisteca <\/span><span class=\"cf0\">alla<\/span><span class=\"cf0\"> Fiorentina (R$ 440), bisteca servida no ponto com crosta dourada e interior suculento. O tamanho \u00e9 ideal para dividir em fam\u00edlia. No domingo, o espa\u00e7o funciona das 12h \u00e0s 16h. Reservas: (11) 3368-6863.<\/span><\/p>\n<p><strong><span class=\"cf0\">Fazenda Churrascada<\/span><\/strong><\/p>\n<p><span class=\"cf0\">No Clube de Golfe, o destaque \u00e9 o assado de tira (750g), servido com tr\u00eas acompanhamentos: o cl\u00e1ssico arroz da Fazenda, salada Juliana e batatas fritas crocantes, com dois molhos da casa. O prato ser\u00e1 oferecido por R$ 375 servindo de tr\u00eas a quatro pessoas. Al\u00e9m disso, os pais ser\u00e3o recebidos com um drinque de boas-vindas, o <\/span><span class=\"cf0\">Maracujack<\/span><span class=\"cf0\">, preparado com Jack <\/span><span class=\"cf0\">Daniel\u2019s<\/span> <span class=\"cf0\">Old<\/span><span class=\"cf0\"> No. 7, polpa de maracuj\u00e1, xarope de a\u00e7\u00facar, refrigerante citrus e gelo. Funcionamento das 11h30 \u00e0s 19h.<\/span><\/p>\n<p><strong><span class=\"cf0\">Olinda Bar e Restaurante<\/span><\/strong><\/p>\n<p><span class=\"cf0\">Com unidades na Asa Sul e em Taguatinga, o estabelecimento conduzido por pai e filho, Rom\u00e3o Gomes de Olinda e Rom\u00e3o Gomes de Olinda Filho, oferece um card\u00e1pio especial do sert\u00e3o. Entre as entradas, destaque para o dadinho de tapioca com queijo coalho e geleia de pimenta artesanal (R$ 36), o queijo coalho artesanal com mela\u00e7o de cana (R$ 34) e a <\/span><span class=\"cf0\">croqueta<\/span><span class=\"cf0\"> de carne de sol na nata (R$ 44). Nos pratos principais, a estrela \u00e9 a tradicional carne de sol assada na brasa, servida com arroz branco, feij\u00e3o fradinho, macaxeira, pa\u00e7oca de carne de sol, vinagrete, cheiro verde e manteiga de garrafa (a partir de R$ 52). Funcionamento a partir das 11h. <\/span><\/p>\n<p><strong><span class=\"cf0\">Juscelino Bar<\/span><\/strong><\/p>\n<figure id=\"attachment_9804\" aria-describedby=\"caption-attachment-9804\" style=\"width: 800px\" class=\"wp-caption aligncenter\"><a href=\"https:\/\/blogs.correiobraziliense.com.br\/lianasabo\/wp-content\/uploads\/sites\/25\/2025\/08\/Juscelino-Divulga\u00e7\u00e3o-1.jpeg\"><img loading=\"lazy\" decoding=\"async\" class=\"size-full wp-image-9804\" src=\"https:\/\/blogs.correiobraziliense.com.br\/lianasabo\/wp-content\/uploads\/sites\/25\/2025\/08\/Juscelino-Divulga\u00e7\u00e3o-1.jpeg\" alt=\"\" width=\"800\" height=\"600\" srcset=\"https:\/\/blogs.correiobraziliense.com.br\/lianasabo\/wp-content\/uploads\/sites\/25\/2025\/08\/Juscelino-Divulga\u00e7\u00e3o-1.jpeg 800w, https:\/\/blogs.correiobraziliense.com.br\/lianasabo\/wp-content\/uploads\/sites\/25\/2025\/08\/Juscelino-Divulga\u00e7\u00e3o-1-300x225.jpeg 300w, https:\/\/blogs.correiobraziliense.com.br\/lianasabo\/wp-content\/uploads\/sites\/25\/2025\/08\/Juscelino-Divulga\u00e7\u00e3o-1-768x576.jpeg 768w, https:\/\/blogs.correiobraziliense.com.br\/lianasabo\/wp-content\/uploads\/sites\/25\/2025\/08\/Juscelino-Divulga\u00e7\u00e3o-1-550x413.jpeg 550w, https:\/\/blogs.correiobraziliense.com.br\/lianasabo\/wp-content\/uploads\/sites\/25\/2025\/08\/Juscelino-Divulga\u00e7\u00e3o-1-230x173.jpeg 230w\" sizes=\"auto, (max-width: 800px) 100vw, 800px\" \/><\/a><figcaption id=\"caption-attachment-9804\" class=\"wp-caption-text\">Cr\u00e9dito: Juscelino\/Divulga\u00e7\u00e3o<\/figcaption><\/figure>\n<p><span class=\"cf0\">Novo ponto de encontro da Asa Sul, o restaurante ter\u00e1 cortesia para pais e av\u00f4s que estiverem acompanhados, que ganhar\u00e3o o primeiro chope. A promo\u00e7\u00e3o \u00e9 v\u00e1lida durante todo o dia. Entre os destaques para o almo\u00e7o ou jantar de Dia dos Pais, est\u00e3o a picanha na chapa com fritas (R$ 129,90), a costela prensada ao molho <\/span><span class=\"cf0\">demi-glace<\/span><span class=\"cf0\"> com pur\u00ea de mandioca e br\u00f3colis ao shoyu (R$ 89,90) e o camar\u00e3o no espeto com arroz de tr\u00eas queijos e fritas (R$ 89,90). Funcionamento das 11h30 \u00e0 0h.<\/span><\/p>\n<p><strong><span class=\"cf0\">Tayp\u00e1<\/span><\/strong><\/p>\n<p><span class=\"cf0\">No Dia dos Pais, o restaurante peruano comandado pelo chef Marco Espinoza oferece, por R$ 195, um menu individual com tr\u00eas etapas. De entrada, ser\u00e1 servido um <\/span><span class=\"cf0\">carpaccio<\/span><span class=\"cf0\"> de polvo com <\/span><span class=\"cf0\">alioli<\/span><span class=\"cf0\"> de abacate e azeitona. O prato principal \u00e9 uma picanha na brasa, acompanhada de tortilla de batata e calabresa com molho <\/span><span class=\"cf0\">huancaina<\/span><span class=\"cf0\">. J\u00e1 a sobremesa \u00e9 churros com molho de chocolate branco e Nutella. Quem escolher a casa para a comemora\u00e7\u00e3o tamb\u00e9m ganha como drinque de boas-vindas Videiras Merlot. Funcionamento das 12h \u00e0s 17h.<\/span><\/p>\n<p><strong><span class=\"cf0\">O Concorrente<\/span><\/strong><\/p>\n<figure id=\"attachment_9801\" aria-describedby=\"caption-attachment-9801\" style=\"width: 800px\" class=\"wp-caption aligncenter\"><a href=\"https:\/\/blogs.correiobraziliense.com.br\/lianasabo\/wp-content\/uploads\/sites\/25\/2025\/08\/Costelada-Geleia-Burger-Divulga\u00e7\u00e3o-20.jpg\"><img loading=\"lazy\" decoding=\"async\" class=\"size-full wp-image-9801\" src=\"https:\/\/blogs.correiobraziliense.com.br\/lianasabo\/wp-content\/uploads\/sites\/25\/2025\/08\/Costelada-Geleia-Burger-Divulga\u00e7\u00e3o-20.jpg\" alt=\"\" width=\"800\" height=\"533\" srcset=\"https:\/\/blogs.correiobraziliense.com.br\/lianasabo\/wp-content\/uploads\/sites\/25\/2025\/08\/Costelada-Geleia-Burger-Divulga\u00e7\u00e3o-20.jpg 800w, https:\/\/blogs.correiobraziliense.com.br\/lianasabo\/wp-content\/uploads\/sites\/25\/2025\/08\/Costelada-Geleia-Burger-Divulga\u00e7\u00e3o-20-300x200.jpg 300w, https:\/\/blogs.correiobraziliense.com.br\/lianasabo\/wp-content\/uploads\/sites\/25\/2025\/08\/Costelada-Geleia-Burger-Divulga\u00e7\u00e3o-20-768x512.jpg 768w, https:\/\/blogs.correiobraziliense.com.br\/lianasabo\/wp-content\/uploads\/sites\/25\/2025\/08\/Costelada-Geleia-Burger-Divulga\u00e7\u00e3o-20-550x366.jpg 550w, https:\/\/blogs.correiobraziliense.com.br\/lianasabo\/wp-content\/uploads\/sites\/25\/2025\/08\/Costelada-Geleia-Burger-Divulga\u00e7\u00e3o-20-230x153.jpg 230w\" sizes=\"auto, (max-width: 800px) 100vw, 800px\" \/><\/a><figcaption id=\"caption-attachment-9801\" class=\"wp-caption-text\">Costelada. Cr\u00e9dito: Geleia Burger\/Divulga\u00e7\u00e3o<\/figcaption><\/figure>\n<p><span class=\"cf0\">Localizada na 409 Norte, a hamburgueria tem como sugest\u00e3o para a data <\/span><span class=\"cf0\">oPanino<\/span><span class=\"cf0\"> (R$ 27) feito com p\u00e3o brioche selado, <\/span><span class=\"cf0\">blend<\/span><span class=\"cf0\"> Angus de 180\u202fg, <\/span><span class=\"cf0\">mussarela<\/span><span class=\"cf0\">, tomate grelhado e maionese caseira e o <\/span><span class=\"cf0\">smash<\/span><span class=\"cf0\"> burger (R$ 24), op\u00e7\u00f5es mais cl\u00e1ssicas. Para quem curte novidades, a sugest\u00e3o \u00e9 a <\/span><span class=\"cf0\">costelada<\/span><span class=\"cf0\">, feita com um hamb\u00farguer de 180g e 80g de costela bovina defumada e desfiada em um p\u00e3o brioche macio, com cheddar derretido, vinagrete fresquinho e molho barbecue. Por R$ 34 (sandu\u00edche) ou R$ 49 (combo com acompanhamento e bebida). Funcionamento das 11h45 \u00e0s 23h30.<\/span><\/p>\n<p><!--EndFragment --><\/p>\n","protected":false},"excerpt":{"rendered":"<p>Neste Dia dos Pais, Bras\u00edlia se transforma em um roteiro de sabores para celebrar a data em grande estilo. A capital oferece op\u00e7\u00f5es que agradam desde os pais apreciadores de alta gastronomia at\u00e9 aqueles que preferem a simplicidade de um bom prato afetivo. Confira a seguir uma sele\u00e7\u00e3o do Blog da Liana Sabo. Bla&#8217;s Cozinha de Culturas O restaurante localizado [&hellip;]<\/p>\n","protected":false},"author":54,"featured_media":9799,"comment_status":"open","ping_status":"open","sticky":false,"template":"","format":"standard","meta":{"footnotes":""},"categories":[73],"tags":[554],"class_list":["post-9797","post","type-post","status-publish","format-standard","has-post-thumbnail","hentry","category-materia","tag-dia-dos-pais"],"_links":{"self":[{"href":"https:\/\/blogs.correiobraziliense.com.br\/lianasabo\/wp-json\/wp\/v2\/posts\/9797","targetHints":{"allow":["GET"]}}],"collection":[{"href":"https:\/\/blogs.correiobraziliense.com.br\/lianasabo\/wp-json\/wp\/v2\/posts"}],"about":[{"href":"https:\/\/blogs.correiobraziliense.com.br\/lianasabo\/wp-json\/wp\/v2\/types\/post"}],"author":[{"embeddable":true,"href":"https:\/\/blogs.correiobraziliense.com.br\/lianasabo\/wp-json\/wp\/v2\/users\/54"}],"replies":[{"embeddable":true,"href":"https:\/\/blogs.correiobraziliense.com.br\/lianasabo\/wp-json\/wp\/v2\/comments?post=9797"}],"version-history":[{"count":4,"href":"https:\/\/blogs.correiobraziliense.com.br\/lianasabo\/wp-json\/wp\/v2\/posts\/9797\/revisions"}],"predecessor-version":[{"id":9806,"href":"https:\/\/blogs.correiobraziliense.com.br\/lianasabo\/wp-json\/wp\/v2\/posts\/9797\/revisions\/9806"}],"wp:featuredmedia":[{"embeddable":true,"href":"https:\/\/blogs.correiobraziliense.com.br\/lianasabo\/wp-json\/wp\/v2\/media\/9799"}],"wp:attachment":[{"href":"https:\/\/blogs.correiobraziliense.com.br\/lianasabo\/wp-json\/wp\/v2\/media?parent=9797"}],"wp:term":[{"taxonomy":"category","embeddable":true,"href":"https:\/\/blogs.correiobraziliense.com.br\/lianasabo\/wp-json\/wp\/v2\/categories?post=9797"},{"taxonomy":"post_tag","embeddable":true,"href":"https:\/\/blogs.correiobraziliense.com.br\/lianasabo\/wp-json\/wp\/v2\/tags?post=9797"}],"curies":[{"name":"wp","href":"https:\/\/api.w.org\/{rel}","templated":true}]}}