{"id":9765,"date":"2025-08-05T11:49:17","date_gmt":"2025-08-05T14:49:17","guid":{"rendered":"https:\/\/blogs.correiobraziliense.com.br\/lianasabo\/?p=9765"},"modified":"2025-08-05T12:22:47","modified_gmt":"2025-08-05T15:22:47","slug":"nova-edicao-da-brasilia-restaurant-week-celebra-os-sabores-do-norte-com-menus-a-partir-de-r-5990","status":"publish","type":"post","link":"https:\/\/blogs.correiobraziliense.com.br\/lianasabo\/nova-edicao-da-brasilia-restaurant-week-celebra-os-sabores-do-norte-com-menus-a-partir-de-r-5990\/","title":{"rendered":"Nova edi\u00e7\u00e3o da Bras\u00edlia Restaurant Week celebra os sabores do Norte com menus a partir de R$ 59,90"},"content":{"rendered":"<p><!--StartFragment --><\/p>\n<p><em>Ao todo, ser\u00e3o 150 estabelecimentos participantes, entre eles, nove casas estreantes<\/em><\/p>\n<p class=\"pf0\"><span class=\"cf0\">De 7 de agosto a 7 de setembro, a capital federal ser\u00e1 palco da 32\u00aa edi\u00e7\u00e3o da Bras\u00edlia <\/span><span class=\"cf0\">Restaurant<\/span><span class=\"cf0\"> Week. Desta vez, o festival prop\u00f5e uma imers\u00e3o gastron\u00f4mica na culin\u00e1ria nortista, com pratos feitos com ingredientes t\u00edpicos, do tucupi ao pirarucu, passando pelo jambu e pelas frutas amaz\u00f4nicas como cupua\u00e7u e bacuri. <\/span><\/p>\n<p class=\"pf0\"><span class=\"cf0\">A inspira\u00e7\u00e3o \u00e9 o tema \u201cUma homenagem \u00e0 Regi\u00e3o Norte do Brasil: Riqueza e Diversidade\u201d, que dialoga com a recente estreia do evento em Bel\u00e9m do Par\u00e1 e com a agenda da COP-30. \u201cCom essa iniciativa, incentivamos a produ\u00e7\u00e3o sustent\u00e1vel e a manuten\u00e7\u00e3o dos ecossistemas amaz\u00f4nicos, al\u00e9m de estimular a troca de conhecimento e a inova\u00e7\u00e3o em cada polo gastron\u00f4mico em que estamos inseridos, como Bras\u00edlia, por exemplo\u201d, explica Fernando Reis, idealizador da Brasil <\/span><span class=\"cf0\">Restaurant<\/span><span class=\"cf0\"> Week.<\/span><\/p>\n<p class=\"pf0\"><span class=\"cf0\">Ser\u00e3o 150 estabelecimentos participantes oferecendo card\u00e1pios a pre\u00e7os acess\u00edveis, que variam de R$ 59,90 a R$ 149 a depender da categoria do menu (Tradicional, Plus, Premium e Diamond), sendo todos completos com direito a entrada, prato principal e sobremesa. <\/span><\/p>\n<p class=\"pf0\"><span class=\"cf0\">Veteranos como Nau, Villa <\/span><span class=\"cf0\">Tevere<\/span><span class=\"cf0\">, <\/span><span class=\"cf0\">Barbacoa<\/span><span class=\"cf0\">, Dudu Bar, Dom Francisco e Universal dividem espa\u00e7o com estreantes como Casa Baco, <\/span><span class=\"cf0\">Barolo<\/span> <span class=\"cf0\">Trattoria<\/span><span class=\"cf0\"> e <\/span><span class=\"cf0\">Panapan\u00e1<\/span><span class=\"cf0\"> Bistr\u00f4. Ao todo, ser\u00e3o nove casas participando pela primeira vez. \u201cA presen\u00e7a de restaurantes veteranos que retornam a cada edi\u00e7\u00e3o e de novas casas que estreiam no festival refor\u00e7a o sucesso e a credibilidade da <\/span><span class=\"cf0\">Restaurant<\/span><span class=\"cf0\"> Week. Essa combina\u00e7\u00e3o mostra n\u00e3o apenas o alcance do evento, mas tamb\u00e9m o entusiasmo cont\u00ednuo do setor gastron\u00f4mico em fazer parte dessa celebra\u00e7\u00e3o\u201d, acredita Fernando.<\/span><\/p>\n<p class=\"pf0\"><span class=\"cf0\">Este ano, a expectativa \u00e9 ultrapassar 250 mil menus vendidos e gerar mais de R$ 35 milh\u00f5es em movimenta\u00e7\u00e3o financeira no Distrito Federal. Parte da arrecada\u00e7\u00e3o tamb\u00e9m ser\u00e1 destinada \u00e0 ONG Amigos da Vida, com a sugest\u00e3o de doa\u00e7\u00e3o de R$ 2 por menu para projetos que beneficiam crian\u00e7as com HIV.<\/span><\/p>\n<p class=\"pf0\"><strong><span class=\"cf0\">SERVI\u00c7O<\/span><\/strong><\/p>\n<p class=\"pf0\"><strong><span class=\"cf0\">32\u00aa Bras\u00edlia\u202f<\/span><span class=\"cf0\">Restaurant<\/span><span class=\"cf0\">\u202fWeek<br \/>\n<\/span>Data:<\/strong> 7 de agosto a 7 de setembro de 2025<br \/>\n<strong>Pre\u00e7os:<\/strong> Tradicional:\u202fR$ 59,90 (almo\u00e7o) e R$ 74,90 (jantar); Plus:\u202fR$ 73,90 (almo\u00e7o) e R$ 94,90 (jantar); Premium:\u202fR$ 95 (almo\u00e7o) e R$ 115 (jantar); Diamond: R$ 109 (almo\u00e7o) e R$ 149 (jantar). Mais informa\u00e7\u00f5es e novidades em <a href=\"https:\/\/www.instagram.com\/restaurantweekbrasil\">@restaurantweekbrasil<\/a><\/p>\n<p class=\"pf0\"><strong><span class=\"cf0\">Conhe\u00e7a os restaurantes participantes<\/span><\/strong><\/p>\n<p class=\"pf0\"><strong><span class=\"cf0\">Menu Tradicional (21)<\/span><\/strong><\/p>\n<p class=\"pf0\"><span class=\"cf0\">Bosque Park<br \/>\n<\/span><span class=\"cf0\">BSquare<\/span><span class=\"cf0\"> Pizza Burger<br \/>\n<\/span>Castanho Caf\u00e9<br \/>\n<span class=\"cf0\">Doma <\/span><span class=\"cf0\">Terrazza<br \/>\n<\/span>Ernesto Caf\u00e9s Especiais &#8211; Asa Norte e Asa Sul<br \/>\n<span class=\"cf0\">Forneria<\/span><span class=\"cf0\"> Di Capri &#8211; Asa Sul e Park Sul<br \/>\n<\/span><span class=\"cf0\">Gordeixos<\/span><span class=\"cf0\"> &#8211; Sudoeste<br \/>\n<\/span><span class=\"cf0\">Helena <\/span><span class=\"cf0\">Nolleto<\/span><span class=\"cf0\"> Confeitaria e Bistr\u00f4<br \/>\n<\/span>Jo\u00e3o Brasileiro<br \/>\n<span class=\"cf0\">Kay <\/span><span class=\"cf0\">Pacha<br \/>\n<\/span><span class=\"cf0\">Luzia <\/span><span class=\"cf0\">Gastro<br \/>\n<\/span>Moca Caf\u00e9 e Confeitaria<br \/>\nRaiz Caipira<br \/>\n<span class=\"cf0\">Rapport<\/span><span class=\"cf0\"> Caf\u00e9<br \/>\n<\/span>Veloce<br \/>\n<span class=\"cf0\">Vero <\/span><span class=\"cf0\">Trattoria<\/span><span class=\"cf0\"> Italiana<br \/>\n<\/span><span class=\"cf0\">Xique<\/span> <span class=\"cf0\">Xique<\/span><span class=\"cf0\"> &#8211; \u00c1guas Claras, Asa Norte e Asa Sul<\/span><\/p>\n<p class=\"pf0\"><strong><span class=\"cf0\">Menu Plus (86)<\/span><\/strong><\/p>\n<p class=\"pf0\"><span class=\"cf0\">Barolo<\/span> <span class=\"cf0\">Trattoria<\/span><span class=\"cf0\"> &#8211; Park Shopping<br \/>\n<\/span><span class=\"cf0\">Benita<\/span> <span class=\"cf0\">Paninoteca<br \/>\n<\/span>Bla\u00b4s<br \/>\nBosque Park &#8211; Asa Norte<br \/>\nCaf\u00e9 Angelita<br \/>\n<span class=\"cf0\">Caf\u00e9 e um <\/span><span class=\"cf0\">Ch\u00earo<\/span><span class=\"cf0\"> &#8211; Man\u00e9 Mercado<br \/>\n<\/span><span class=\"cf0\">Caminito<\/span> <span class=\"cf0\">Parrilla<\/span><span class=\"cf0\"> &#8211; \u00c1guas Claras, Asa Norte, Asa Sul e Sudoeste<br \/>\n<\/span><span class=\"cf0\">Canton<\/span><span class=\"cf0\"> &#8211; DF Plaza<br \/>\n<\/span><span class=\"cf0\">Canton<\/span><span class=\"cf0\"> &#8211; Ven\u00e2ncio Shopping<br \/>\n<\/span><span class=\"cf0\">Cantucci<\/span><span class=\"cf0\"> &#8211; \u00c1guas Claras e Asa Sul<br \/>\n<\/span><span class=\"cf0\">Cantucci<\/span> <span class=\"cf0\">Osteria<br \/>\n<\/span>Casa Almeria<br \/>\nCasa Baco &#8211; Shopping Casa Park<br \/>\n<span class=\"cf0\">Ch\u00earo<\/span><span class=\"cf0\"> Verde &#8211; Man\u00e9 Mercado<br \/>\n<\/span>Coco Bambu &#8211; \u00c1guas Claras, Bras\u00edlia Shopping, Iguatemi Bras\u00edlia, Lago Sul e Taguatinga Shopping<br \/>\nConfraria do Camar\u00e3o &#8211; Terra\u00e7o Shopping e Ven\u00e2ncio Shopping<br \/>\n<span class=\"cf0\">Croissanterie<\/span><span class=\"cf0\"> Caf\u00e9 | Bistr\u00f4<br \/>\n<\/span><span class=\"cf0\">De Paulina <\/span><span class=\"cf0\">Bodegon<\/span><span class=\"cf0\"> &#8211; Man\u00e9 Mercado<br \/>\n<\/span><span class=\"cf0\">Doma <\/span><span class=\"cf0\">Rooftop<br \/>\n<\/span><span class=\"cf0\">Domaine<\/span><span class=\"cf0\"> Bistr\u00f4<br \/>\n<\/span>Dudu Bar<br \/>\nFarol Restaurante<br \/>\n<span class=\"cf0\">Figueira <\/span><span class=\"cf0\">la<\/span> <span class=\"cf0\">Parrilla<br \/>\n<\/span>Fred Restaurante &#8211; Asa Sul e \u00c1guas Claras<br \/>\n<span class=\"cf0\">Iacina<\/span><span class=\"cf0\"> Restaurante<br \/>\n<\/span><span class=\"cf0\">Italianissimo<\/span><span class=\"cf0\"> &#8211; Man\u00e9 Mercado<br \/>\n<\/span>Izakaya<br \/>\nJijoca<br \/>\nJuscelino Bar e Restaurante<br \/>\n<span class=\"cf0\">L&#8217;Entr\u00eacote<\/span><span class=\"cf0\"> de Paris &#8211; \u00c1guas Claras e Asa Sul<br \/>\n<\/span><span class=\"cf0\">La <\/span><span class=\"cf0\">Fleur<\/span><span class=\"cf0\"> Bistr\u00f4<br \/>\n<\/span>La Terrasse &#8211; Unidade Lago<br \/>\n<span class=\"cf0\">Le <\/span><span class=\"cf0\">Vin<\/span><span class=\"cf0\"> Bistr\u00f4<br \/>\n<\/span>Magn\u00f3lias Caf\u00e9 e Bistr\u00f4<br \/>\n<span class=\"cf0\">Mahalo<\/span> <span class=\"cf0\">Poke<\/span><span class=\"cf0\"> &#8211; Man\u00e9 Mercado<br \/>\n<\/span><span class=\"cf0\">Manuelzinho<\/span><span class=\"cf0\"> Restaurante<br \/>\n<\/span>Mar\u00e9 Camar\u00f5es e Frutos do Mar &#8211; Man\u00e9 Mercado<br \/>\n<span class=\"cf0\">Marzuk<\/span><span class=\"cf0\"> Emp\u00f3rio <\/span><span class=\"cf0\">Arabe<\/span><span class=\"cf0\"> &#8211; Man\u00e9 Mercado<br \/>\n<\/span><span class=\"cf0\">Mercado <\/span><span class=\"cf0\">del<\/span><span class=\"cf0\"> Puerto <\/span><span class=\"cf0\">Parrilla<br \/>\n<\/span>Nau Frutos do Mar &#8211; Asa Sul e Terra\u00e7o<br \/>\n<span class=\"cf0\">Nonna<\/span><span class=\"cf0\"> Augusta &#8211; Asa Norte<br \/>\n<\/span>Olinda Bar e Restaurante &#8211; Asa Sul<br \/>\nOuri\u00e7o<br \/>\n<span class=\"cf0\">Palomina<\/span> <span class=\"cf0\">Wine<\/span><span class=\"cf0\"> Bar<br \/>\n<\/span><span class=\"cf0\">Panapan\u00e1<\/span><span class=\"cf0\"> Bistr\u00f4<br \/>\n<\/span>Pecorino &#8211; Asa Sul e Park Shopping<br \/>\n<span class=\"cf0\">Quattro<\/span><span class=\"cf0\"> Pizza<br \/>\n<\/span>Quitinete Gourmet<br \/>\n<span class=\"cf0\">Regali<\/span><span class=\"cf0\"> Della <\/span><span class=\"cf0\">Cucina<br \/>\n<\/span><span class=\"cf0\">Ricco<\/span><span class=\"cf0\"> Burger &#8211; Man\u00e9 Mercado<br \/>\n<\/span>Rio Bistr\u00f4 e Lounge<br \/>\nRota do Vinho<br \/>\nSamostano<br \/>\n<span class=\"cf0\">Sant\u00e9<\/span><span class=\"cf0\"> Lago<br \/>\n<\/span><span class=\"cf0\">Sant\u00e9<\/span><span class=\"cf0\"> 13<br \/>\n<\/span>Strogonoff do Paulo Tarso &#8211; Man\u00e9 Mercado<br \/>\nSuperquadra &#8211; Man\u00e9 Mercado<br \/>\nSuperquadra Bar<br \/>\nTarum\u00e3 Cozinha e Bar &#8211; Gama e Sudoeste<br \/>\n<span class=\"cf0\">Teta <\/span><span class=\"cf0\">Cheese<\/span><span class=\"cf0\"> Bar &#8211; Asa Sul<br \/>\n<\/span><span class=\"cf0\">Toro <\/span><span class=\"cf0\">Parrilla<\/span><span class=\"cf0\"> &#8211; Asa Sul, Golden <\/span><span class=\"cf0\">Tulip<\/span><span class=\"cf0\"> e Park Sul<br \/>\n<\/span>Tudo do Porco &#8211; Man\u00e9 Mercado<br \/>\n<span class=\"cf0\">V\u00e9i<\/span><span class=\"cf0\"> Chico &#8211; Man\u00e9 Mercado<br \/>\n<\/span><span class=\"cf0\">Verona <\/span><span class=\"cf0\">Ristorante<br \/>\n<\/span><span class=\"cf0\">Vert<\/span><span class=\"cf0\"> Caf\u00e9 &#8211; \u00c1guas Claras e Asa Sul<br \/>\n<\/span>Villa Carioca<br \/>\n<span class=\"cf0\">Vinalla<\/span><span class=\"cf0\"> Vinhos &#8211; <\/span><span class=\"cf0\">CasaPark<br \/>\n<\/span><span class=\"cf0\">Vino<\/span><span class=\"cf0\">! Asa Sul<br \/>\n<\/span>Zante Taverna Grega<\/p>\n<p class=\"pf0\"><strong><span class=\"cf0\">Menu Premium (34)<\/span><\/strong><\/p>\n<p class=\"pf0\"><span class=\"cf0\">Almer\u00eda Restaurante<br \/>\n<\/span><span class=\"cf0\">Avenida JK <\/span><span class=\"cf0\">Forneria<\/span><span class=\"cf0\"> &#8211; Bras\u00edlia<br \/>\n<\/span><span class=\"cf0\">Barbacoa<\/span><span class=\"cf0\"> &#8211; Bras\u00edlia<br \/>\n<\/span>BSB Grill &#8211; Norte<br \/>\nCantina da Massa<br \/>\nCasa Baco &#8211; Bras\u00edlia Shopping e Man\u00e9 Mercado<br \/>\nCasa Brisa<br \/>\nDOC Cl\u00e1ssico<br \/>\n<span class=\"cf0\">Dom Francisco &#8211; 402 Sul e <\/span><span class=\"cf0\">Asbac<br \/>\n<\/span><span class=\"cf0\">Dom Tango <\/span><span class=\"cf0\">Parrilla<br \/>\n<\/span><span class=\"cf0\">Don <\/span><span class=\"cf0\">Parrillero<br \/>\n<\/span>Fortunata<br \/>\n<span class=\"cf0\">Fuego<\/span><span class=\"cf0\"> Alma e <\/span><span class=\"cf0\">Vino<br \/>\n<\/span><span class=\"cf0\">Gran<\/span><span class=\"cf0\"> Bier<br \/>\n<\/span><span class=\"cf0\">Gurum\u00ea<\/span><span class=\"cf0\"> &#8211; Park Shopping<br \/>\n<\/span><span class=\"cf0\">Izzi<\/span> <span class=\"cf0\">Wine<\/span><span class=\"cf0\"> Garden<br \/>\n<\/span><span class=\"cf0\">Jamie Oliver <\/span><span class=\"cf0\">Kitchen<br \/>\n<\/span>Manzu\u00e1<br \/>\nMezanino Torre de TV de Bras\u00edlia<br \/>\n<span class=\"cf0\">Nazo<\/span> <span class=\"cf0\">Japanese<\/span><span class=\"cf0\"> Food &#8211; \u00c1guas Claras, Asa Sul, Asa Norte e Sudoeste<br \/>\n<\/span><span class=\"cf0\">Ocean<\/span><span class=\"cf0\"> Bras\u00edlia<br \/>\n<\/span>Restaurante Universal<br \/>\nSagres<br \/>\n<span class=\"cf0\">Solo <\/span><span class=\"cf0\">Ristorante<br \/>\n<\/span><span class=\"cf0\">Ticiana<\/span><span class=\"cf0\"> Werner Restaurante e <\/span><span class=\"cf0\">Wine<\/span><span class=\"cf0\"> Bar<br \/>\n<\/span>Vasto &#8211; 108 Sul e Bras\u00edlia Shopping<br \/>\n<span class=\"cf0\">Villa <\/span><span class=\"cf0\">Tevere<br \/>\n<\/span>Vinhedo Lacustre<\/p>\n<p class=\"pf0\"><strong><span class=\"cf0\">Menu Diamond (2)<\/span><\/strong><\/p>\n<p class=\"pf0\"><span class=\"cf0\">Piselli<br \/>\n<\/span><span class=\"cf0\">Saveur<\/span> <span class=\"cf0\">Bistrot<\/span><\/p>\n<p><!--EndFragment --><\/p>\n","protected":false},"excerpt":{"rendered":"<p>Ao todo, ser\u00e3o 150 estabelecimentos participantes, entre eles, nove casas estreantes<\/p>\n","protected":false},"author":54,"featured_media":9766,"comment_status":"open","ping_status":"open","sticky":false,"template":"","format":"standard","meta":{"footnotes":""},"categories":[201],"tags":[680],"class_list":["post-9765","post","type-post","status-publish","format-standard","has-post-thumbnail","hentry","category-festival","tag-brasilia-restaurant-week"],"_links":{"self":[{"href":"https:\/\/blogs.correiobraziliense.com.br\/lianasabo\/wp-json\/wp\/v2\/posts\/9765","targetHints":{"allow":["GET"]}}],"collection":[{"href":"https:\/\/blogs.correiobraziliense.com.br\/lianasabo\/wp-json\/wp\/v2\/posts"}],"about":[{"href":"https:\/\/blogs.correiobraziliense.com.br\/lianasabo\/wp-json\/wp\/v2\/types\/post"}],"author":[{"embeddable":true,"href":"https:\/\/blogs.correiobraziliense.com.br\/lianasabo\/wp-json\/wp\/v2\/users\/54"}],"replies":[{"embeddable":true,"href":"https:\/\/blogs.correiobraziliense.com.br\/lianasabo\/wp-json\/wp\/v2\/comments?post=9765"}],"version-history":[{"count":2,"href":"https:\/\/blogs.correiobraziliense.com.br\/lianasabo\/wp-json\/wp\/v2\/posts\/9765\/revisions"}],"predecessor-version":[{"id":9768,"href":"https:\/\/blogs.correiobraziliense.com.br\/lianasabo\/wp-json\/wp\/v2\/posts\/9765\/revisions\/9768"}],"wp:featuredmedia":[{"embeddable":true,"href":"https:\/\/blogs.correiobraziliense.com.br\/lianasabo\/wp-json\/wp\/v2\/media\/9766"}],"wp:attachment":[{"href":"https:\/\/blogs.correiobraziliense.com.br\/lianasabo\/wp-json\/wp\/v2\/media?parent=9765"}],"wp:term":[{"taxonomy":"category","embeddable":true,"href":"https:\/\/blogs.correiobraziliense.com.br\/lianasabo\/wp-json\/wp\/v2\/categories?post=9765"},{"taxonomy":"post_tag","embeddable":true,"href":"https:\/\/blogs.correiobraziliense.com.br\/lianasabo\/wp-json\/wp\/v2\/tags?post=9765"}],"curies":[{"name":"wp","href":"https:\/\/api.w.org\/{rel}","templated":true}]}}