{"id":9739,"date":"2025-08-01T16:29:01","date_gmt":"2025-08-01T19:29:01","guid":{"rendered":"https:\/\/blogs.correiobraziliense.com.br\/lianasabo\/?p=9739"},"modified":"2025-08-01T16:31:37","modified_gmt":"2025-08-01T19:31:37","slug":"jungle-food-festival-aposta-em-carnes-exoticas-no-cardapio","status":"publish","type":"post","link":"https:\/\/blogs.correiobraziliense.com.br\/lianasabo\/jungle-food-festival-aposta-em-carnes-exoticas-no-cardapio\/","title":{"rendered":"Jungle Food Festival aposta em carnes ex\u00f3ticas no card\u00e1pio"},"content":{"rendered":"<p><!--StartFragment --><\/p>\n<p><strong><span class=\"cf0\">Evento ser\u00e1 entre os dias 9 e 10 de agosto na Arena BRB Man\u00e9 Garrincha<\/span><\/strong><\/p>\n<p><span class=\"cf0\">Nos dias 9 e 10 de agosto, a Arena BRB Man\u00e9 Garrincha ser\u00e1 ocupada pelo <\/span><span class=\"cf0\">Jungle<\/span><span class=\"cf0\"> Food Festival, atra\u00e7\u00e3o gastron\u00f4mica que integra a programa\u00e7\u00e3o oficial do BOP Games 2025 <\/span><span class=\"cf1\">\u2014<\/span><span class=\"cf0\"> considerado o maior festival multiesportivo e cultural da Am\u00e9rica Latina.\u00a0<\/span>Com entrada gratuita mediante a doa\u00e7\u00e3o de 1 kg de alimento n\u00e3o perec\u00edvel, o festival aposta na combina\u00e7\u00e3o de gastronomia, drinques autorais, m\u00fasica ao vivo e experi\u00eancias sensoriais. A proposta \u00e9 simples: transformar o espa\u00e7o em uma selva de sabores onde tradi\u00e7\u00e3o e ousadia se encontram no prato.<\/p>\n<p><span class=\"cf0\">De curadoria de Gustavo Tavares, o evento destaca carnes ex\u00f3ticas como jacar\u00e9, coelho e cordeiro, servidas em vers\u00f5es que v\u00e3o do r\u00fastico ao sofisticado. O menu contempla ainda p\u00e3o de queijo mineiro com recheios variados <\/span><span class=\"cf1\">\u2014<\/span><span class=\"cf0\"> entre eles, pernil desfiado, lingui\u00e7a artesanal, doce de leite e at\u00e9 Nutella, em uma curiosa fus\u00e3o entre salgado e doce.<\/span><\/p>\n<p><span class=\"cf0\">Aos adeptos do <\/span><span class=\"cf0\">street<\/span><span class=\"cf0\"> food com toque gourmet, o festival oferece hamb\u00fargueres artesanais, hot <\/span><span class=\"cf0\">dogs<\/span><span class=\"cf0\">, pizzas e past\u00e9is. Sabores da culin\u00e1ria grega tamb\u00e9m marcam presen\u00e7a, ampliando o repert\u00f3rio multicultural da feira. Quem prefere op\u00e7\u00f5es mais leves ou funcionais encontrar\u00e1 <\/span><span class=\"cf0\">bowls<\/span><span class=\"cf0\">, saladas de frutas, pratos vegetarianos e veganos, al\u00e9m de sucos naturais e smoothies. <\/span><span class=\"cf0\">Para os que n\u00e3o dispensam uma boa bebida, o evento contar\u00e1 com cervejas artesanais produzidas em Minas Gerais, al\u00e9m do que promete ser \u201co a\u00e7a\u00ed mais fresco do Brasil\u201d, direto da floresta para o copo.<\/span><\/p>\n<figure id=\"attachment_9743\" aria-describedby=\"caption-attachment-9743\" style=\"width: 800px\" class=\"wp-caption aligncenter\"><a href=\"https:\/\/blogs.correiobraziliense.com.br\/lianasabo\/wp-content\/uploads\/sites\/25\/2025\/08\/Bop-Divulga\u00e7\u00e3o-1.jpeg\"><img loading=\"lazy\" decoding=\"async\" class=\"size-full wp-image-9743\" src=\"https:\/\/blogs.correiobraziliense.com.br\/lianasabo\/wp-content\/uploads\/sites\/25\/2025\/08\/Bop-Divulga\u00e7\u00e3o-1.jpeg\" alt=\"\" width=\"800\" height=\"450\" srcset=\"https:\/\/blogs.correiobraziliense.com.br\/lianasabo\/wp-content\/uploads\/sites\/25\/2025\/08\/Bop-Divulga\u00e7\u00e3o-1.jpeg 800w, https:\/\/blogs.correiobraziliense.com.br\/lianasabo\/wp-content\/uploads\/sites\/25\/2025\/08\/Bop-Divulga\u00e7\u00e3o-1-300x169.jpeg 300w, https:\/\/blogs.correiobraziliense.com.br\/lianasabo\/wp-content\/uploads\/sites\/25\/2025\/08\/Bop-Divulga\u00e7\u00e3o-1-768x432.jpeg 768w, https:\/\/blogs.correiobraziliense.com.br\/lianasabo\/wp-content\/uploads\/sites\/25\/2025\/08\/Bop-Divulga\u00e7\u00e3o-1-550x309.jpeg 550w, https:\/\/blogs.correiobraziliense.com.br\/lianasabo\/wp-content\/uploads\/sites\/25\/2025\/08\/Bop-Divulga\u00e7\u00e3o-1-230x129.jpeg 230w\" sizes=\"auto, (max-width: 800px) 100vw, 800px\" \/><\/a><figcaption id=\"caption-attachment-9743\" class=\"wp-caption-text\">Cr\u00e9dito: Bop\/Divulga\u00e7\u00e3o<\/figcaption><\/figure>\n<p><span class=\"cf0\">Com ambienta\u00e7\u00e3o tem\u00e1tica e espa\u00e7os distribu\u00eddos por toda a arena, o <\/span><span class=\"cf0\">Jungle<\/span><span class=\"cf0\"> Food Festival convida o p\u00fablico a passear por esta\u00e7\u00f5es gastron\u00f4micas enquanto desfruta de atra\u00e7\u00f5es musicais e culturais ao vivo. Para quem busca uma experi\u00eancia mais exclusiva, haver\u00e1 a op\u00e7\u00e3o de camarote premium open bar, das 10h \u00e0s 18h, com valor de R$ 250 por dia.<\/span><\/p>\n<p><strong><span class=\"cf0\">Jungle<\/span><\/strong><span class=\"cf0\"><strong> Food Festival<\/strong><br \/>\n<\/span><strong><span class=\"cf0\">Local:<\/span><\/strong><span class=\"cf0\"> Arena BRB Man\u00e9 Garrincha <\/span><span class=\"cf1\">\u2013<\/span><span class=\"cf0\"> Bras\u00edlia<br \/>\n<\/span><strong><span class=\"cf0\">Data: <\/span><\/strong><span class=\"cf0\">Dias 9 e 10 de agosto, as 10h \u00e0s 20h<br \/>\n<\/span><strong><span class=\"cf0\">Entrada:<\/span><\/strong> <span class=\"cf0\">G<\/span><span class=\"cf0\">ratuita (mediante doa\u00e7\u00e3o de 1kg de alimento n\u00e3o perec\u00edvel) <\/span><span class=\"cf0\">e <\/span><span class=\"cf0\">R$ 250 (<\/span><span class=\"cf0\">camarote premium open)<\/span><span class=\"cf0\">. <\/span><span class=\"cf0\">\u00c0 venda no site <\/span><a href=\"https:\/\/www.sympla.com.br\/evento\/jungle-food-festival-2025-bsb\/2980481?referrer=www.google.com\"><span class=\"cf0\">Sympla<\/span><\/a><span class=\"cf0\">.<\/span><\/p>\n<p><!--EndFragment --><\/p>\n","protected":false},"excerpt":{"rendered":"<p>Evento ser\u00e1 entre os dias 9 e 10 de agosto na Arena BRB Man\u00e9 Garrincha<\/p>\n","protected":false},"author":54,"featured_media":9742,"comment_status":"open","ping_status":"open","sticky":false,"template":"","format":"standard","meta":{"footnotes":""},"categories":[201],"tags":[1333],"class_list":["post-9739","post","type-post","status-publish","format-standard","has-post-thumbnail","hentry","category-festival","tag-jungle-food-festival"],"_links":{"self":[{"href":"https:\/\/blogs.correiobraziliense.com.br\/lianasabo\/wp-json\/wp\/v2\/posts\/9739","targetHints":{"allow":["GET"]}}],"collection":[{"href":"https:\/\/blogs.correiobraziliense.com.br\/lianasabo\/wp-json\/wp\/v2\/posts"}],"about":[{"href":"https:\/\/blogs.correiobraziliense.com.br\/lianasabo\/wp-json\/wp\/v2\/types\/post"}],"author":[{"embeddable":true,"href":"https:\/\/blogs.correiobraziliense.com.br\/lianasabo\/wp-json\/wp\/v2\/users\/54"}],"replies":[{"embeddable":true,"href":"https:\/\/blogs.correiobraziliense.com.br\/lianasabo\/wp-json\/wp\/v2\/comments?post=9739"}],"version-history":[{"count":3,"href":"https:\/\/blogs.correiobraziliense.com.br\/lianasabo\/wp-json\/wp\/v2\/posts\/9739\/revisions"}],"predecessor-version":[{"id":9745,"href":"https:\/\/blogs.correiobraziliense.com.br\/lianasabo\/wp-json\/wp\/v2\/posts\/9739\/revisions\/9745"}],"wp:featuredmedia":[{"embeddable":true,"href":"https:\/\/blogs.correiobraziliense.com.br\/lianasabo\/wp-json\/wp\/v2\/media\/9742"}],"wp:attachment":[{"href":"https:\/\/blogs.correiobraziliense.com.br\/lianasabo\/wp-json\/wp\/v2\/media?parent=9739"}],"wp:term":[{"taxonomy":"category","embeddable":true,"href":"https:\/\/blogs.correiobraziliense.com.br\/lianasabo\/wp-json\/wp\/v2\/categories?post=9739"},{"taxonomy":"post_tag","embeddable":true,"href":"https:\/\/blogs.correiobraziliense.com.br\/lianasabo\/wp-json\/wp\/v2\/tags?post=9739"}],"curies":[{"name":"wp","href":"https:\/\/api.w.org\/{rel}","templated":true}]}}