{"id":9701,"date":"2025-07-10T15:54:12","date_gmt":"2025-07-10T18:54:12","guid":{"rendered":"https:\/\/blogs.correiobraziliense.com.br\/lianasabo\/?p=9701"},"modified":"2025-07-10T15:54:12","modified_gmt":"2025-07-10T18:54:12","slug":"casa-baco-chega-ao-brasilia-shopping-reforcando-cena-gastronomica-do-centro-de-compras","status":"publish","type":"post","link":"https:\/\/blogs.correiobraziliense.com.br\/lianasabo\/casa-baco-chega-ao-brasilia-shopping-reforcando-cena-gastronomica-do-centro-de-compras\/","title":{"rendered":"Casa Baco chega ao Bras\u00edlia Shopping refor\u00e7ando cena gastron\u00f4mica do centro de compras"},"content":{"rendered":"<p><!--StartFragment --><\/p>\n<p class=\"pf0\"><em><span class=\"cf0\">Nova unidade da marca do chef Gil Guimar\u00e3es aposta em card\u00e1pio com ingredientes do Cerrado; \u00c0 noite, o espa\u00e7o oferece tamb\u00e9m o menu da Baco Pizzaria<\/span><\/em><\/p>\n<p class=\"pf0\"><span class=\"cf0\">Nos \u00faltimos anos, o Bras\u00edlia Shopping tem se consolidado como um polo gastron\u00f4mico, com a chegada de estabelecimentos como <\/span><span class=\"cf0\">Nonno<\/span> <span class=\"cf0\">Cantinetta<\/span><span class=\"cf0\"> e Vasto Restaurante. Agora, o <\/span><span class=\"cf0\">mall<\/span><span class=\"cf0\"> recebe a Casa Baco, marca do chef Gil Guimar\u00e3es, que j\u00e1 marca presen\u00e7a no Man\u00e9 Mercado e no <\/span><span class=\"cf0\">Casapark<\/span><span class=\"cf0\">.<\/span><\/p>\n<p class=\"pf0\"><span class=\"cf0\">Localizado em um ponto privilegiado da pra\u00e7a de alimenta\u00e7\u00e3o, o restaurante se destaca pelo projeto assinado pelo Bloco Arquitetos, que mescla modernidade e conforto. O ambiente abriga desde lugares no bar at\u00e9 mesas amplas para grupos maiores. Grafites nas paredes e uma adega vis\u00edvel contribuem para a atmosfera sofisticada e contempor\u00e2nea.<\/span><\/p>\n<p><a href=\"https:\/\/blogs.correiobraziliense.com.br\/lianasabo\/wp-content\/uploads\/sites\/25\/2025\/07\/FAC_5165.jpg\"><img loading=\"lazy\" decoding=\"async\" class=\"aligncenter size-full wp-image-9703\" src=\"https:\/\/blogs.correiobraziliense.com.br\/lianasabo\/wp-content\/uploads\/sites\/25\/2025\/07\/FAC_5165.jpg\" alt=\"\" width=\"800\" height=\"533\" srcset=\"https:\/\/blogs.correiobraziliense.com.br\/lianasabo\/wp-content\/uploads\/sites\/25\/2025\/07\/FAC_5165.jpg 800w, https:\/\/blogs.correiobraziliense.com.br\/lianasabo\/wp-content\/uploads\/sites\/25\/2025\/07\/FAC_5165-300x200.jpg 300w, https:\/\/blogs.correiobraziliense.com.br\/lianasabo\/wp-content\/uploads\/sites\/25\/2025\/07\/FAC_5165-768x512.jpg 768w, https:\/\/blogs.correiobraziliense.com.br\/lianasabo\/wp-content\/uploads\/sites\/25\/2025\/07\/FAC_5165-550x366.jpg 550w, https:\/\/blogs.correiobraziliense.com.br\/lianasabo\/wp-content\/uploads\/sites\/25\/2025\/07\/FAC_5165-230x153.jpg 230w\" sizes=\"auto, (max-width: 800px) 100vw, 800px\" \/><\/a><\/p>\n<p class=\"pf0\"><span class=\"cf0\">O card\u00e1pio aposta na aut\u00eantica culin\u00e1ria brasileira influenciada pelo regionalismo, com a valoriza\u00e7\u00e3o dos ingredientes do Cerrado. O menu traz tanto cl\u00e1ssicos das outras unidades, como novas receitas. \u00c9 o caso das novas entradas: dupla caipira (R$ 56), feita com lingui\u00e7a artesanal e ovo caipira cremoso, e a <\/span><span class=\"cf0\">fritattine<\/span><span class=\"cf0\"> de lasanha ala <\/span><span class=\"cf0\">bolognese<\/span><span class=\"cf0\"> (R$ 44), um petisco crocante recheado com lasanha empanada.<\/span><\/p>\n<p class=\"pf0\"><span class=\"cf0\">Entre as novidades est\u00e1 tamb\u00e9m a pizza <\/span><span class=\"cf0\">Cerratense<\/span><span class=\"cf0\"> (R$ 81, individual, e R$ 109, tamanho grande). Com um sabor diferenciado, a receita traz a mistura de mu\u00e7arela de b\u00fafala defumada, <\/span><span class=\"cf0\">passata<\/span><span class=\"cf0\"> de tomate Baco, lingui\u00e7a caipira, <\/span><span class=\"cf0\">pralin\u00e9<\/span><span class=\"cf0\"> de gergelim <\/span><span class=\"cf0\">kalunga<\/span><span class=\"cf0\">, alfavaca fresca e o <\/span><span class=\"cf0\">pesto<\/span> <span class=\"cf0\">cerratense<\/span><span class=\"cf0\"> feito com <\/span><span class=\"cf0\">bar\u00fa<\/span><span class=\"cf0\">, pimenta-de-macaco e outros ingredientes do bioma. A massa integra o card\u00e1pio dispon\u00edvel \u00e0 noite junto as outras pizzas da Baco Pizzaria.<\/span><\/p>\n<p class=\"pf0\"><span class=\"cf0\">Para o almo\u00e7o, a casa oferece um menu executivo a R$ 69, com entrada e prato principal. Entre as op\u00e7\u00f5es est\u00e3o galinhada, bai\u00e3o de dois, feij\u00e3o tropeiro com porco e uma saborosa macarronada de pequi com frango na brasa.<\/span><\/p>\n<p class=\"pf0\"><strong><span class=\"cf0\">SERVI\u00c7O<br \/>\n<\/span><\/strong><strong><span class=\"cf0\">Casa Baco<br \/>\n<\/span><\/strong><strong>(Bras\u00edlia Shopping, loja 63L E 84L)<br \/>\n<\/strong>Funcionamento de segunda a quinta-feira, das 12h \u00e0s 15h30 e das 18h \u00e0s 23h30; sexta-feira, das 12h \u00e0s 16h e das 18h \u00e0 0h; s\u00e1bado, das 12h \u00e0 0h; e domingo, das 12h \u00e0s 23h30.<\/p>\n<p><!--EndFragment --><\/p>\n","protected":false},"excerpt":{"rendered":"<p>Nova unidade da marca do chef Gil Guimar\u00e3es aposta em card\u00e1pio com ingredientes do Cerrado; \u00c0 noite, o espa\u00e7o oferece tamb\u00e9m o menu da Baco Pizzaria<\/p>\n","protected":false},"author":54,"featured_media":9702,"comment_status":"open","ping_status":"open","sticky":false,"template":"","format":"standard","meta":{"footnotes":""},"categories":[1],"tags":[168,64,39],"class_list":["post-9701","post","type-post","status-publish","format-standard","has-post-thumbnail","hentry","category-sem-categoria","tag-brasilia-shopping","tag-casa-baco","tag-gil-guimaraes"],"_links":{"self":[{"href":"https:\/\/blogs.correiobraziliense.com.br\/lianasabo\/wp-json\/wp\/v2\/posts\/9701","targetHints":{"allow":["GET"]}}],"collection":[{"href":"https:\/\/blogs.correiobraziliense.com.br\/lianasabo\/wp-json\/wp\/v2\/posts"}],"about":[{"href":"https:\/\/blogs.correiobraziliense.com.br\/lianasabo\/wp-json\/wp\/v2\/types\/post"}],"author":[{"embeddable":true,"href":"https:\/\/blogs.correiobraziliense.com.br\/lianasabo\/wp-json\/wp\/v2\/users\/54"}],"replies":[{"embeddable":true,"href":"https:\/\/blogs.correiobraziliense.com.br\/lianasabo\/wp-json\/wp\/v2\/comments?post=9701"}],"version-history":[{"count":1,"href":"https:\/\/blogs.correiobraziliense.com.br\/lianasabo\/wp-json\/wp\/v2\/posts\/9701\/revisions"}],"predecessor-version":[{"id":9704,"href":"https:\/\/blogs.correiobraziliense.com.br\/lianasabo\/wp-json\/wp\/v2\/posts\/9701\/revisions\/9704"}],"wp:featuredmedia":[{"embeddable":true,"href":"https:\/\/blogs.correiobraziliense.com.br\/lianasabo\/wp-json\/wp\/v2\/media\/9702"}],"wp:attachment":[{"href":"https:\/\/blogs.correiobraziliense.com.br\/lianasabo\/wp-json\/wp\/v2\/media?parent=9701"}],"wp:term":[{"taxonomy":"category","embeddable":true,"href":"https:\/\/blogs.correiobraziliense.com.br\/lianasabo\/wp-json\/wp\/v2\/categories?post=9701"},{"taxonomy":"post_tag","embeddable":true,"href":"https:\/\/blogs.correiobraziliense.com.br\/lianasabo\/wp-json\/wp\/v2\/tags?post=9701"}],"curies":[{"name":"wp","href":"https:\/\/api.w.org\/{rel}","templated":true}]}}