{"id":97,"date":"2016-07-01T08:42:42","date_gmt":"2016-07-01T11:42:42","guid":{"rendered":"https:\/\/blogs.correiobraziliense.com.br\/lianasabo\/?p=97"},"modified":"2016-06-30T18:48:25","modified_gmt":"2016-06-30T21:48:25","slug":"sabor-junino","status":"publish","type":"post","link":"https:\/\/blogs.correiobraziliense.com.br\/lianasabo\/sabor-junino\/","title":{"rendered":"Sabor junino"},"content":{"rendered":"<p style=\"margin-bottom: .0001pt\"><span style=\"font-size: 10.0pt;font-family: 'Arial','sans-serif'\">Receitas juninas s\u00e3o, sim, convencionais. Afinal, todos os anos celebram-se os santos, mas pode-se dar roupagem nova aos sabores que chegam at\u00e9 julho. Como fez Denise Odermatt, que recheou o fin\u00edssimo bombom de tradi\u00e7\u00e3o su\u00ed\u00e7a e chocolate belga com o gosto da festa brasileira: amendoim, coco, milho, pequi, pinga e at\u00e9 baru. Na Stans (407 Sul), por R$ 3,80 a unidade. Telefone: 3443-0199. <\/span><\/p>\n<p style=\"margin-bottom: .0001pt\"><span style=\"font-size: 10.0pt;font-family: 'Arial','sans-serif'\">\u00a0<\/span><\/p>\n<figure id=\"attachment_98\" aria-describedby=\"caption-attachment-98\" style=\"width: 800px\" class=\"wp-caption aligncenter\"><a href=\"https:\/\/blogs.correiobraziliense.com.br\/lianasabo\/wp-content\/uploads\/sites\/25\/2016\/06\/CBNFOT280620161119-1.jpg\" rel=\"attachment wp-att-98\"><img loading=\"lazy\" decoding=\"async\" class=\"wp-image-98 size-full\" src=\"https:\/\/blogs.correiobraziliense.com.br\/lianasabo\/wp-content\/uploads\/sites\/25\/2016\/06\/CBNFOT280620161119-1.jpg\" alt=\"Cr\u00e9ditos: Felipe Bastos\/Divulga\u00e7\u00e3o. Bombons da Stans com recheio de ingredientes juninos.\" width=\"800\" height=\"533\" srcset=\"https:\/\/blogs.correiobraziliense.com.br\/lianasabo\/wp-content\/uploads\/sites\/25\/2016\/06\/CBNFOT280620161119-1.jpg 800w, https:\/\/blogs.correiobraziliense.com.br\/lianasabo\/wp-content\/uploads\/sites\/25\/2016\/06\/CBNFOT280620161119-1-300x200.jpg 300w, https:\/\/blogs.correiobraziliense.com.br\/lianasabo\/wp-content\/uploads\/sites\/25\/2016\/06\/CBNFOT280620161119-1-768x512.jpg 768w, https:\/\/blogs.correiobraziliense.com.br\/lianasabo\/wp-content\/uploads\/sites\/25\/2016\/06\/CBNFOT280620161119-1-550x366.jpg 550w, https:\/\/blogs.correiobraziliense.com.br\/lianasabo\/wp-content\/uploads\/sites\/25\/2016\/06\/CBNFOT280620161119-1-230x153.jpg 230w\" sizes=\"auto, (max-width: 800px) 100vw, 800px\" \/><\/a><figcaption id=\"caption-attachment-98\" class=\"wp-caption-text\">Felipe Bastos\/Divulga\u00e7\u00e3o. Bombons da Stans com recheio de ingredientes juninos.<\/figcaption><\/figure>\n","protected":false},"excerpt":{"rendered":"<p>Receitas juninas s\u00e3o, sim, convencionais. Afinal, todos os anos celebram-se os santos, mas pode-se dar roupagem nova aos sabores que chegam at\u00e9 julho. Como fez Denise Odermatt, que recheou o fin\u00edssimo bombom de tradi\u00e7\u00e3o su\u00ed\u00e7a e chocolate belga com o gosto da festa brasileira: amendoim, coco, milho, pequi, pinga e at\u00e9 baru. Na Stans (407 Sul), por R$ 3,80 a [&hellip;]<\/p>\n","protected":false},"author":54,"featured_media":0,"comment_status":"open","ping_status":"open","sticky":false,"template":"","format":"standard","meta":{"footnotes":""},"categories":[1],"tags":[],"class_list":["post-97","post","type-post","status-publish","format-standard","hentry","category-sem-categoria"],"_links":{"self":[{"href":"https:\/\/blogs.correiobraziliense.com.br\/lianasabo\/wp-json\/wp\/v2\/posts\/97","targetHints":{"allow":["GET"]}}],"collection":[{"href":"https:\/\/blogs.correiobraziliense.com.br\/lianasabo\/wp-json\/wp\/v2\/posts"}],"about":[{"href":"https:\/\/blogs.correiobraziliense.com.br\/lianasabo\/wp-json\/wp\/v2\/types\/post"}],"author":[{"embeddable":true,"href":"https:\/\/blogs.correiobraziliense.com.br\/lianasabo\/wp-json\/wp\/v2\/users\/54"}],"replies":[{"embeddable":true,"href":"https:\/\/blogs.correiobraziliense.com.br\/lianasabo\/wp-json\/wp\/v2\/comments?post=97"}],"version-history":[{"count":1,"href":"https:\/\/blogs.correiobraziliense.com.br\/lianasabo\/wp-json\/wp\/v2\/posts\/97\/revisions"}],"predecessor-version":[{"id":99,"href":"https:\/\/blogs.correiobraziliense.com.br\/lianasabo\/wp-json\/wp\/v2\/posts\/97\/revisions\/99"}],"wp:attachment":[{"href":"https:\/\/blogs.correiobraziliense.com.br\/lianasabo\/wp-json\/wp\/v2\/media?parent=97"}],"wp:term":[{"taxonomy":"category","embeddable":true,"href":"https:\/\/blogs.correiobraziliense.com.br\/lianasabo\/wp-json\/wp\/v2\/categories?post=97"},{"taxonomy":"post_tag","embeddable":true,"href":"https:\/\/blogs.correiobraziliense.com.br\/lianasabo\/wp-json\/wp\/v2\/tags?post=97"}],"curies":[{"name":"wp","href":"https:\/\/api.w.org\/{rel}","templated":true}]}}