{"id":9697,"date":"2025-07-07T15:24:58","date_gmt":"2025-07-07T18:24:58","guid":{"rendered":"https:\/\/blogs.correiobraziliense.com.br\/lianasabo\/?p=9697"},"modified":"2025-07-07T15:24:58","modified_gmt":"2025-07-07T18:24:58","slug":"competicao-cuisines-dasie-le-cordon-bleu-abre-portas-para-apaixonados-por-gastronomia-asiatica","status":"publish","type":"post","link":"https:\/\/blogs.correiobraziliense.com.br\/lianasabo\/competicao-cuisines-dasie-le-cordon-bleu-abre-portas-para-apaixonados-por-gastronomia-asiatica\/","title":{"rendered":"Competi\u00e7\u00e3o Cuisines D\u2019Asie: Le Cordon Bleu abre portas para apaixonados por gastronomia asi\u00e1tica"},"content":{"rendered":"<figure id=\"attachment_9699\" aria-describedby=\"caption-attachment-9699\" style=\"width: 200px\" class=\"wp-caption alignright\"><a href=\"https:\/\/blogs.correiobraziliense.com.br\/lianasabo\/wp-content\/uploads\/sites\/25\/2025\/07\/Chef-Rodrigo-Canto-Cr\u00e9dito-Gustavo-Ferreira-1.jpg\"><img loading=\"lazy\" decoding=\"async\" class=\"size-medium wp-image-9699\" src=\"https:\/\/blogs.correiobraziliense.com.br\/lianasabo\/wp-content\/uploads\/sites\/25\/2025\/07\/Chef-Rodrigo-Canto-Cr\u00e9dito-Gustavo-Ferreira-1-200x300.jpg\" alt=\"\" width=\"200\" height=\"300\" srcset=\"https:\/\/blogs.correiobraziliense.com.br\/lianasabo\/wp-content\/uploads\/sites\/25\/2025\/07\/Chef-Rodrigo-Canto-Cr\u00e9dito-Gustavo-Ferreira-1-200x300.jpg 200w, https:\/\/blogs.correiobraziliense.com.br\/lianasabo\/wp-content\/uploads\/sites\/25\/2025\/07\/Chef-Rodrigo-Canto-Cr\u00e9dito-Gustavo-Ferreira-1-768x1151.jpg 768w, https:\/\/blogs.correiobraziliense.com.br\/lianasabo\/wp-content\/uploads\/sites\/25\/2025\/07\/Chef-Rodrigo-Canto-Cr\u00e9dito-Gustavo-Ferreira-1.jpg 683w, https:\/\/blogs.correiobraziliense.com.br\/lianasabo\/wp-content\/uploads\/sites\/25\/2025\/07\/Chef-Rodrigo-Canto-Cr\u00e9dito-Gustavo-Ferreira-1-800x1199.jpg 800w, https:\/\/blogs.correiobraziliense.com.br\/lianasabo\/wp-content\/uploads\/sites\/25\/2025\/07\/Chef-Rodrigo-Canto-Cr\u00e9dito-Gustavo-Ferreira-1-550x824.jpg 550w, https:\/\/blogs.correiobraziliense.com.br\/lianasabo\/wp-content\/uploads\/sites\/25\/2025\/07\/Chef-Rodrigo-Canto-Cr\u00e9dito-Gustavo-Ferreira-1-230x345.jpg 230w\" sizes=\"auto, (max-width: 200px) 100vw, 200px\" \/><\/a><figcaption id=\"caption-attachment-9699\" class=\"wp-caption-text\">Chef Rodrigo Canto. Cr\u00e9dito: Gustavo Ferreira\/Divulga\u00e7\u00e3o<\/figcaption><\/figure>\n<p>Est\u00e3o abertas as inscri\u00e7\u00f5es para a Competi\u00e7\u00e3o Cuisines D\u2019Asie, promovida pelo Le Cordon Bleu S\u00e3o Paulo, um concurso de culin\u00e1ria asi\u00e1tica. Podem se inscrever participantes de todo o Brasil &#8211;inclusive, quem n\u00e3o \u00e9 aluno da escola &#8212; at\u00e9 22 de julho pelo <a href=\"https:\/\/docs.google.com\/forms\/d\/e\/1FAIpQLSe2_qr5yC0TnmmZZ1Me-oNS-33klrSdh4JPJebuWkYHJyS6RA\/viewform\">formul\u00e1rio online<\/a>. O edital completo est\u00e1 dispon\u00edvel no <a href=\"https:\/\/globalac.cordonbleu.edu\/le-cordon-bleu-competicao-cuisines-dasie\">site oficial<\/a>.<\/p>\n<p>Para participar, os candidatos devem criar um prato principal autoral com, no m\u00ednimo, cinco ingredientes asi\u00e1ticos, incluindo uma prote\u00edna (animal ou vegetal) e duas guarni\u00e7\u00f5es. As melhores cria\u00e7\u00f5es chegar\u00e3o \u00e0 final, nas cozinhas do Le Cordon Bleu S\u00e3o Paulo, diante de um j\u00fari de especialistas. A grande final ser\u00e1 em 30 de agosto durante o Culinary Village.<\/p>\n<p>Essa \u00e9 uma iniciativa in\u00e9dita do Le Cordon Blue para descobrir e valorizar talentos da gastronomia em todo o Brasil por meio da celebra\u00e7\u00e3o da riqueza e da t\u00e9cnica da culin\u00e1ria asi\u00e1tica.<\/p>\n<p>O grande vencedor da Competi\u00e7\u00e3o Cuisines D\u2019Asie receber\u00e1 uma bolsa de estudos integral no novo Certificado Cuisines D\u2019Asie. Trata-se de uma oportunidade para mergulhar nas t\u00e9cnicas, sabores e tradi\u00e7\u00f5es de pa\u00edses como Jap\u00e3o, China, Tail\u00e2ndia e Vietn\u00e3, com o selo de qualidade do Le Cordon Bleu.<\/p>\n","protected":false},"excerpt":{"rendered":"<p>Est\u00e3o abertas as inscri\u00e7\u00f5es para a Competi\u00e7\u00e3o Cuisines D\u2019Asie, promovida pelo Le Cordon Bleu S\u00e3o Paulo, um concurso de culin\u00e1ria asi\u00e1tica. Podem se inscrever participantes de todo o Brasil &#8211;inclusive, quem n\u00e3o \u00e9 aluno da escola &#8212; at\u00e9 22 de julho pelo formul\u00e1rio online. O edital completo est\u00e1 dispon\u00edvel no site oficial. Para participar, os candidatos devem criar um prato [&hellip;]<\/p>\n","protected":false},"author":54,"featured_media":9698,"comment_status":"open","ping_status":"open","sticky":false,"template":"","format":"standard","meta":{"footnotes":""},"categories":[320,476],"tags":[1322,440,1045],"class_list":["post-9697","post","type-post","status-publish","format-standard","has-post-thumbnail","hentry","category-culinaria-internacional","category-curso","tag-competicao-cuisines-dasie","tag-concurso","tag-le-cordon-bleu"],"_links":{"self":[{"href":"https:\/\/blogs.correiobraziliense.com.br\/lianasabo\/wp-json\/wp\/v2\/posts\/9697","targetHints":{"allow":["GET"]}}],"collection":[{"href":"https:\/\/blogs.correiobraziliense.com.br\/lianasabo\/wp-json\/wp\/v2\/posts"}],"about":[{"href":"https:\/\/blogs.correiobraziliense.com.br\/lianasabo\/wp-json\/wp\/v2\/types\/post"}],"author":[{"embeddable":true,"href":"https:\/\/blogs.correiobraziliense.com.br\/lianasabo\/wp-json\/wp\/v2\/users\/54"}],"replies":[{"embeddable":true,"href":"https:\/\/blogs.correiobraziliense.com.br\/lianasabo\/wp-json\/wp\/v2\/comments?post=9697"}],"version-history":[{"count":1,"href":"https:\/\/blogs.correiobraziliense.com.br\/lianasabo\/wp-json\/wp\/v2\/posts\/9697\/revisions"}],"predecessor-version":[{"id":9700,"href":"https:\/\/blogs.correiobraziliense.com.br\/lianasabo\/wp-json\/wp\/v2\/posts\/9697\/revisions\/9700"}],"wp:featuredmedia":[{"embeddable":true,"href":"https:\/\/blogs.correiobraziliense.com.br\/lianasabo\/wp-json\/wp\/v2\/media\/9698"}],"wp:attachment":[{"href":"https:\/\/blogs.correiobraziliense.com.br\/lianasabo\/wp-json\/wp\/v2\/media?parent=9697"}],"wp:term":[{"taxonomy":"category","embeddable":true,"href":"https:\/\/blogs.correiobraziliense.com.br\/lianasabo\/wp-json\/wp\/v2\/categories?post=9697"},{"taxonomy":"post_tag","embeddable":true,"href":"https:\/\/blogs.correiobraziliense.com.br\/lianasabo\/wp-json\/wp\/v2\/tags?post=9697"}],"curies":[{"name":"wp","href":"https:\/\/api.w.org\/{rel}","templated":true}]}}