{"id":9665,"date":"2025-06-25T16:15:34","date_gmt":"2025-06-25T19:15:34","guid":{"rendered":"https:\/\/blogs.correiobraziliense.com.br\/lianasabo\/?p=9665"},"modified":"2025-06-25T16:20:21","modified_gmt":"2025-06-25T19:20:21","slug":"ricco-burger-comemora-oito-anos-com-acao-solidaria-nesta-quinta-feira-26","status":"publish","type":"post","link":"https:\/\/blogs.correiobraziliense.com.br\/lianasabo\/ricco-burger-comemora-oito-anos-com-acao-solidaria-nesta-quinta-feira-26\/","title":{"rendered":"Ricco Burger comemora oito anos com a\u00e7\u00e3o solid\u00e1ria nesta quinta-feira (26)"},"content":{"rendered":"<p><em>A compra de um hamb\u00farguer na unidade da Asa Sul se transformar\u00e1 em recursos para a ONG A.M.E.<\/em><\/p>\n<p>A comemora\u00e7\u00e3o do anivers\u00e1rio da marca Ricco Burger vai unir celebra\u00e7\u00e3o e solidariedade. Nesta quinta-feira (26\/6), todo o valor arrecadado com as vendas dos burger carne e queijo e carne e queijo com bacon (com blend Angus ou Wagyu) ser\u00e1 revertido para a ONG A.M.E (Associa\u00e7\u00e3o Mulheres Esquecidas) que destinar\u00e1 o recurso a projetos voltados \u00e0 capacita\u00e7\u00e3o e reintegra\u00e7\u00e3o de mulheres em situa\u00e7\u00e3o de c\u00e1rcere.<\/p>\n<p>A iniciativa ocorre exclusivamente na unidade de 306 Sul, para compras na loja f\u00edsica ou pelo delivery iFood, que tamb\u00e9m participar\u00e1 doando toda a taxa de entrega gerada nas vendas pelo aplicativo.<\/p>\n<p>Essa n\u00e3o \u00e9 a primeira vez que a Ricco se junta a A.M.E. Desde 2022, a marca arrecadou mais de R$ 53 mil em a\u00e7\u00f5es solid\u00e1rias. S\u00f3 em 2024, o n\u00famero ultrapassou os R$ 25 mil, com impacto direto na forma\u00e7\u00e3o e empregabilidade de mulheres apenadas. A hamburgueria promove capacita\u00e7\u00f5es dentro dos pres\u00eddios, com aulas pr\u00e1ticas e te\u00f3ricas de gastronomia, atendimento e at\u00e9 medita\u00e7\u00e3o, criando um ciclo de recome\u00e7o com dignidade.<\/p>\n<p><strong>Onde comer e ajudar?<\/strong><br \/>\n<strong>Data:<\/strong> Somente na quinta-feira, 26 de junho<br \/>\n<strong>Local:<\/strong> Ricco Burger (Unidade 306 Sul ou no delivery pelo iFood)<br \/>\n<strong>Pratos:<\/strong> Carne e Queijo e Carne e Queijo com Bacon (com blend Angus ou Wagyu)<\/p>\n","protected":false},"excerpt":{"rendered":"<p>A compra de um hamb\u00farguer na unidade da Asa Sul se transformar\u00e1 em recursos para a ONG A.M.E.<\/p>\n","protected":false},"author":54,"featured_media":9667,"comment_status":"open","ping_status":"open","sticky":false,"template":"","format":"standard","meta":{"footnotes":""},"categories":[311],"tags":[438,1117],"class_list":["post-9665","post","type-post","status-publish","format-standard","has-post-thumbnail","hentry","category-hamburguer","tag-aniversario","tag-ricco-burger"],"_links":{"self":[{"href":"https:\/\/blogs.correiobraziliense.com.br\/lianasabo\/wp-json\/wp\/v2\/posts\/9665","targetHints":{"allow":["GET"]}}],"collection":[{"href":"https:\/\/blogs.correiobraziliense.com.br\/lianasabo\/wp-json\/wp\/v2\/posts"}],"about":[{"href":"https:\/\/blogs.correiobraziliense.com.br\/lianasabo\/wp-json\/wp\/v2\/types\/post"}],"author":[{"embeddable":true,"href":"https:\/\/blogs.correiobraziliense.com.br\/lianasabo\/wp-json\/wp\/v2\/users\/54"}],"replies":[{"embeddable":true,"href":"https:\/\/blogs.correiobraziliense.com.br\/lianasabo\/wp-json\/wp\/v2\/comments?post=9665"}],"version-history":[{"count":1,"href":"https:\/\/blogs.correiobraziliense.com.br\/lianasabo\/wp-json\/wp\/v2\/posts\/9665\/revisions"}],"predecessor-version":[{"id":9666,"href":"https:\/\/blogs.correiobraziliense.com.br\/lianasabo\/wp-json\/wp\/v2\/posts\/9665\/revisions\/9666"}],"wp:featuredmedia":[{"embeddable":true,"href":"https:\/\/blogs.correiobraziliense.com.br\/lianasabo\/wp-json\/wp\/v2\/media\/9667"}],"wp:attachment":[{"href":"https:\/\/blogs.correiobraziliense.com.br\/lianasabo\/wp-json\/wp\/v2\/media?parent=9665"}],"wp:term":[{"taxonomy":"category","embeddable":true,"href":"https:\/\/blogs.correiobraziliense.com.br\/lianasabo\/wp-json\/wp\/v2\/categories?post=9665"},{"taxonomy":"post_tag","embeddable":true,"href":"https:\/\/blogs.correiobraziliense.com.br\/lianasabo\/wp-json\/wp\/v2\/tags?post=9665"}],"curies":[{"name":"wp","href":"https:\/\/api.w.org\/{rel}","templated":true}]}}