{"id":965,"date":"2017-02-10T08:55:10","date_gmt":"2017-02-10T10:55:10","guid":{"rendered":"https:\/\/blogs.correiobraziliense.com.br\/lianasabo\/?p=965"},"modified":"2017-02-09T16:19:30","modified_gmt":"2017-02-09T18:19:30","slug":"flavia-quaresma-vai-abrir-restaurante-no-museu-do-amanha","status":"publish","type":"post","link":"https:\/\/blogs.correiobraziliense.com.br\/lianasabo\/flavia-quaresma-vai-abrir-restaurante-no-museu-do-amanha\/","title":{"rendered":"Fl\u00e1via Quaresma vai abrir restaurante no Museu do Amanh\u00e3"},"content":{"rendered":"<p><strong>Rio de Janeiro<\/strong> &#8211; Uma boa surpresa no Rio foi conhecer o caf\u00e9 Fazenda Culin\u00e1ria no Museu do Amanh\u00e3, na Pra\u00e7a Mau\u00e1. L\u00e1 fico sabendo que \u00e9 da chef Fl\u00e1via Quaresma, a quem encontro \u00e0 noite no L`ulivo e ela me diz que est\u00e1 quase tudo pronto para abrir o restaurante com o mesmo nome no museu. Fica na ponta da nave com vista para a Guanabara. Al\u00e9m de polvo no cuscuz de milho e sardinha grelhada no vinagrete de maxixe, Fl\u00e1via vai servir mini feijoadas, rabada com agri\u00e3o e picadinho com ovo poch\u00ea e farofa.<\/p>\n","protected":false},"excerpt":{"rendered":"<p>Rio de Janeiro &#8211; Uma boa surpresa no Rio foi conhecer o caf\u00e9 Fazenda Culin\u00e1ria no Museu do Amanh\u00e3, na Pra\u00e7a Mau\u00e1. L\u00e1 fico sabendo que \u00e9 da chef Fl\u00e1via Quaresma, a quem encontro \u00e0 noite no L`ulivo e ela me diz que est\u00e1 quase tudo pronto para abrir o restaurante com o mesmo nome no museu. Fica na ponta [&hellip;]<\/p>\n","protected":false},"author":54,"featured_media":966,"comment_status":"open","ping_status":"open","sticky":false,"template":"","format":"standard","meta":{"footnotes":""},"categories":[1],"tags":[],"class_list":["post-965","post","type-post","status-publish","format-standard","has-post-thumbnail","hentry","category-sem-categoria"],"_links":{"self":[{"href":"https:\/\/blogs.correiobraziliense.com.br\/lianasabo\/wp-json\/wp\/v2\/posts\/965","targetHints":{"allow":["GET"]}}],"collection":[{"href":"https:\/\/blogs.correiobraziliense.com.br\/lianasabo\/wp-json\/wp\/v2\/posts"}],"about":[{"href":"https:\/\/blogs.correiobraziliense.com.br\/lianasabo\/wp-json\/wp\/v2\/types\/post"}],"author":[{"embeddable":true,"href":"https:\/\/blogs.correiobraziliense.com.br\/lianasabo\/wp-json\/wp\/v2\/users\/54"}],"replies":[{"embeddable":true,"href":"https:\/\/blogs.correiobraziliense.com.br\/lianasabo\/wp-json\/wp\/v2\/comments?post=965"}],"version-history":[{"count":1,"href":"https:\/\/blogs.correiobraziliense.com.br\/lianasabo\/wp-json\/wp\/v2\/posts\/965\/revisions"}],"predecessor-version":[{"id":967,"href":"https:\/\/blogs.correiobraziliense.com.br\/lianasabo\/wp-json\/wp\/v2\/posts\/965\/revisions\/967"}],"wp:featuredmedia":[{"embeddable":true,"href":"https:\/\/blogs.correiobraziliense.com.br\/lianasabo\/wp-json\/wp\/v2\/media\/966"}],"wp:attachment":[{"href":"https:\/\/blogs.correiobraziliense.com.br\/lianasabo\/wp-json\/wp\/v2\/media?parent=965"}],"wp:term":[{"taxonomy":"category","embeddable":true,"href":"https:\/\/blogs.correiobraziliense.com.br\/lianasabo\/wp-json\/wp\/v2\/categories?post=965"},{"taxonomy":"post_tag","embeddable":true,"href":"https:\/\/blogs.correiobraziliense.com.br\/lianasabo\/wp-json\/wp\/v2\/tags?post=965"}],"curies":[{"name":"wp","href":"https:\/\/api.w.org\/{rel}","templated":true}]}}