{"id":9639,"date":"2025-06-20T09:32:19","date_gmt":"2025-06-20T12:32:19","guid":{"rendered":"https:\/\/blogs.correiobraziliense.com.br\/lianasabo\/?p=9639"},"modified":"2025-06-20T11:03:25","modified_gmt":"2025-06-20T14:03:25","slug":"arabella-pizzaria-chega-a-302-sul-com-forno-a-lenha-e-cardapio-autoral","status":"publish","type":"post","link":"https:\/\/blogs.correiobraziliense.com.br\/lianasabo\/arabella-pizzaria-chega-a-302-sul-com-forno-a-lenha-e-cardapio-autoral\/","title":{"rendered":"Arabella Pizzaria chega \u00e0 302 Sul com forno a lenha e card\u00e1pio autoral"},"content":{"rendered":"<p><em>Estabelecimento \u00e9 a primeira pizzaria na entrequadra gourmet da Asa Sul<\/em><\/p>\n<figure id=\"attachment_9640\" aria-describedby=\"caption-attachment-9640\" style=\"width: 640px\" class=\"wp-caption aligncenter\"><a href=\"https:\/\/blogs.correiobraziliense.com.br\/lianasabo\/wp-content\/uploads\/sites\/25\/2025\/06\/05062025-6M9A0018.jpg\"><img loading=\"lazy\" decoding=\"async\" class=\"wp-image-9640 size-full\" src=\"https:\/\/blogs.correiobraziliense.com.br\/lianasabo\/wp-content\/uploads\/sites\/25\/2025\/06\/05062025-6M9A0018.jpg\" alt=\"\" width=\"640\" height=\"428\" srcset=\"https:\/\/blogs.correiobraziliense.com.br\/lianasabo\/wp-content\/uploads\/sites\/25\/2025\/06\/05062025-6M9A0018.jpg 640w, https:\/\/blogs.correiobraziliense.com.br\/lianasabo\/wp-content\/uploads\/sites\/25\/2025\/06\/05062025-6M9A0018-300x201.jpg 300w, https:\/\/blogs.correiobraziliense.com.br\/lianasabo\/wp-content\/uploads\/sites\/25\/2025\/06\/05062025-6M9A0018-550x368.jpg 550w, https:\/\/blogs.correiobraziliense.com.br\/lianasabo\/wp-content\/uploads\/sites\/25\/2025\/06\/05062025-6M9A0018-230x154.jpg 230w\" sizes=\"auto, (max-width: 640px) 100vw, 640px\" \/><\/a><figcaption id=\"caption-attachment-9640\" class=\"wp-caption-text\">Cr\u00e9dito: Roberto Peixoto\/Divulga\u00e7\u00e3o<\/figcaption><\/figure>\n<p>Ponto comercial estrat\u00e9gico no in\u00edcio da Asa Sul, as Quadras 302 e 303 re\u00fanem diversas opera\u00e7\u00f5es gastron\u00f4micas bombadas \u2013 desde a cantina da Alda Bressan com massas frescas, servidas h\u00e1 quase tr\u00eas d\u00e9cadas, at\u00e9 o Primitivo de cortes nobre, passando pelo tradicional Dudu Bar e a nov\u00edssima confeitaria Flora. S\u00f3 n\u00e3o tinha pizzaria. Agora tem!<\/p>\n<figure id=\"attachment_9641\" aria-describedby=\"caption-attachment-9641\" style=\"width: 225px\" class=\"wp-caption alignleft\"><a href=\"https:\/\/blogs.correiobraziliense.com.br\/lianasabo\/wp-content\/uploads\/sites\/25\/2025\/06\/WhatsApp-Image-2025-06-19-at-17.37.55-1.jpeg\"><img loading=\"lazy\" decoding=\"async\" class=\"size-medium wp-image-9641\" src=\"https:\/\/blogs.correiobraziliense.com.br\/lianasabo\/wp-content\/uploads\/sites\/25\/2025\/06\/WhatsApp-Image-2025-06-19-at-17.37.55-1-225x300.jpeg\" alt=\"\" width=\"225\" height=\"300\" srcset=\"https:\/\/blogs.correiobraziliense.com.br\/lianasabo\/wp-content\/uploads\/sites\/25\/2025\/06\/WhatsApp-Image-2025-06-19-at-17.37.55-1-225x300.jpeg 225w, https:\/\/blogs.correiobraziliense.com.br\/lianasabo\/wp-content\/uploads\/sites\/25\/2025\/06\/WhatsApp-Image-2025-06-19-at-17.37.55-1-768x1024.jpeg 768w, https:\/\/blogs.correiobraziliense.com.br\/lianasabo\/wp-content\/uploads\/sites\/25\/2025\/06\/WhatsApp-Image-2025-06-19-at-17.37.55-1.jpeg 800w, https:\/\/blogs.correiobraziliense.com.br\/lianasabo\/wp-content\/uploads\/sites\/25\/2025\/06\/WhatsApp-Image-2025-06-19-at-17.37.55-1-550x734.jpeg 550w, https:\/\/blogs.correiobraziliense.com.br\/lianasabo\/wp-content\/uploads\/sites\/25\/2025\/06\/WhatsApp-Image-2025-06-19-at-17.37.55-1-230x307.jpeg 230w\" sizes=\"auto, (max-width: 225px) 100vw, 225px\" \/><\/a><figcaption id=\"caption-attachment-9641\" class=\"wp-caption-text\">Vando Albuquerque<\/figcaption><\/figure>\n<p>O cearense Vando Albuquerque, de 36 anos, inaugura amanh\u00e3 (21) \u00e0 noite, a Arabella Pizzaria que j\u00e1 vem funcionando h\u00e1 um m\u00eas em low profile no Bloco C da 302 Sul, onde por \u00faltimo abrigou Assados do Fred. A nova unidade pratica o mesmo card\u00e1pio da Arabella, que Vando abriu h\u00e1 quatro anos sozinho na 116 Norte, em plena pandemia.<\/p>\n<p>Desta vez, o empres\u00e1rio est\u00e1 com um s\u00f3cio no neg\u00f3cio, que conta com quatro pizzaiolos, dos quais dois treinados no forno a lenha da Asa Norte, como Luis Rabelo, o mais experiente. Antes de iniciar carreira solo na gastronomia, Vando trabalhou por 10 anos no bar de cerveja Godofredo e na pizzaria Alfredo&#8217;s na Asa Norte. L\u00e1 ganhou experi\u00eancia a ponto de elaborar o pr\u00f3prio card\u00e1pio, uma atividade que vem sendo cada vez mais facilitada. \u201cEste ano entrei no curso de gastronomia do Iesb\u201d, anuncia o futuro chef.<\/p>\n<p><strong>Mais pedidas<\/strong><\/p>\n<figure id=\"attachment_9651\" aria-describedby=\"caption-attachment-9651\" style=\"width: 200px\" class=\"wp-caption alignright\"><a href=\"https:\/\/blogs.correiobraziliense.com.br\/lianasabo\/wp-content\/uploads\/sites\/25\/2025\/06\/IMG_5749.jpg\"><img loading=\"lazy\" decoding=\"async\" class=\"size-medium wp-image-9651\" src=\"https:\/\/blogs.correiobraziliense.com.br\/lianasabo\/wp-content\/uploads\/sites\/25\/2025\/06\/IMG_5749-200x300.jpg\" alt=\"\" width=\"200\" height=\"300\" srcset=\"https:\/\/blogs.correiobraziliense.com.br\/lianasabo\/wp-content\/uploads\/sites\/25\/2025\/06\/IMG_5749-200x300.jpg 200w, https:\/\/blogs.correiobraziliense.com.br\/lianasabo\/wp-content\/uploads\/sites\/25\/2025\/06\/IMG_5749-768x1152.jpg 768w, https:\/\/blogs.correiobraziliense.com.br\/lianasabo\/wp-content\/uploads\/sites\/25\/2025\/06\/IMG_5749.jpg 683w, https:\/\/blogs.correiobraziliense.com.br\/lianasabo\/wp-content\/uploads\/sites\/25\/2025\/06\/IMG_5749-800x1200.jpg 800w, https:\/\/blogs.correiobraziliense.com.br\/lianasabo\/wp-content\/uploads\/sites\/25\/2025\/06\/IMG_5749-550x825.jpg 550w, https:\/\/blogs.correiobraziliense.com.br\/lianasabo\/wp-content\/uploads\/sites\/25\/2025\/06\/IMG_5749-230x345.jpg 230w\" sizes=\"auto, (max-width: 200px) 100vw, 200px\" \/><\/a><figcaption id=\"caption-attachment-9651\" class=\"wp-caption-text\">Pizza Siciliana<\/figcaption><\/figure>\n<p>Confeccionadas com massa artesanal, assadas no forno a lenha e cobertas com ingredientes frescos e sazonais, s\u00e3o mais de 30 sabores de pizzas salgadas e doces com destaque para 12 veganas. Al\u00e9m das cl\u00e1ssicas, como marguerita, mu\u00e7arela, calabresa, pepperoni e 4 queijos, h\u00e1 as especiais, mas todas podem ser pedidas em dois tamanhos: individual, que s\u00e3o quatro fatias e, grande, oito fatias.<\/p>\n<p>As mais pedidas s\u00e3o a Siciliana com molho italiano, mu\u00e7arela de b\u00fafala, tomate seco artesanal levemente adocicado, molho pesto de manjeric\u00e3o e r\u00facula e queijo grana padano com folhinhas de manjeric\u00e3o por cima. A outra campe\u00e3 de venda \u00e9 La Divina, que leva, al\u00e9m da base de mu\u00e7arela, lingui\u00e7a calabresa artesanal curada, provolone, parmes\u00e3o e cebola caramelizada, um diferencial no sabor. Saem por R$ 58, individual e R$ 81, a grande. \u00c0 dupla do mesmo pre\u00e7o se juntam ainda mais duas: Capricciosa, com provolone, bacon crispy e um toque de geleia de alho negro e Pancetta Defumada, cuja mat\u00e9ria prima \u00e9 fornecida pela grife Goiy\u00e1s Defumados com queijo da Canastra e pimenta rosa.<\/p>\n<div id='gallery-1' class='gallery galleryid-9639 gallery-columns-3 gallery-size-full'><figure class='gallery-item'>\n\t\t\t<div class='gallery-icon portrait'>\n\t\t\t\t<a href='https:\/\/blogs.correiobraziliense.com.br\/lianasabo\/arabella-pizzaria-chega-a-302-sul-com-forno-a-lenha-e-cardapio-autoral\/img_5725\/'><img loading=\"lazy\" decoding=\"async\" width=\"683\" height=\"1024\" src=\"https:\/\/blogs.correiobraziliense.com.br\/lianasabo\/wp-content\/uploads\/sites\/25\/2025\/06\/IMG_5725.jpg\" class=\"attachment-full size-full\" alt=\"\" aria-describedby=\"gallery-1-9652\" srcset=\"https:\/\/blogs.correiobraziliense.com.br\/lianasabo\/wp-content\/uploads\/sites\/25\/2025\/06\/IMG_5725.jpg 683w, https:\/\/blogs.correiobraziliense.com.br\/lianasabo\/wp-content\/uploads\/sites\/25\/2025\/06\/IMG_5725-200x300.jpg 200w, https:\/\/blogs.correiobraziliense.com.br\/lianasabo\/wp-content\/uploads\/sites\/25\/2025\/06\/IMG_5725-768x1152.jpg 768w, https:\/\/blogs.correiobraziliense.com.br\/lianasabo\/wp-content\/uploads\/sites\/25\/2025\/06\/IMG_5725-800x1200.jpg 800w, https:\/\/blogs.correiobraziliense.com.br\/lianasabo\/wp-content\/uploads\/sites\/25\/2025\/06\/IMG_5725-550x825.jpg 550w, https:\/\/blogs.correiobraziliense.com.br\/lianasabo\/wp-content\/uploads\/sites\/25\/2025\/06\/IMG_5725-230x345.jpg 230w\" sizes=\"auto, (max-width: 683px) 100vw, 683px\" \/><\/a>\n\t\t\t<\/div>\n\t\t\t\t<figcaption class='wp-caption-text gallery-caption' id='gallery-1-9652'>\n\t\t\t\tPizza Pancetta Defumada\n\t\t\t\t<\/figcaption><\/figure><figure class='gallery-item'>\n\t\t\t<div class='gallery-icon portrait'>\n\t\t\t\t<a href='https:\/\/blogs.correiobraziliense.com.br\/lianasabo\/arabella-pizzaria-chega-a-302-sul-com-forno-a-lenha-e-cardapio-autoral\/img_5749\/'><img loading=\"lazy\" decoding=\"async\" width=\"683\" height=\"1024\" src=\"https:\/\/blogs.correiobraziliense.com.br\/lianasabo\/wp-content\/uploads\/sites\/25\/2025\/06\/IMG_5749.jpg\" class=\"attachment-full size-full\" alt=\"\" aria-describedby=\"gallery-1-9651\" srcset=\"https:\/\/blogs.correiobraziliense.com.br\/lianasabo\/wp-content\/uploads\/sites\/25\/2025\/06\/IMG_5749.jpg 683w, https:\/\/blogs.correiobraziliense.com.br\/lianasabo\/wp-content\/uploads\/sites\/25\/2025\/06\/IMG_5749-200x300.jpg 200w, https:\/\/blogs.correiobraziliense.com.br\/lianasabo\/wp-content\/uploads\/sites\/25\/2025\/06\/IMG_5749-768x1152.jpg 768w, https:\/\/blogs.correiobraziliense.com.br\/lianasabo\/wp-content\/uploads\/sites\/25\/2025\/06\/IMG_5749-800x1200.jpg 800w, https:\/\/blogs.correiobraziliense.com.br\/lianasabo\/wp-content\/uploads\/sites\/25\/2025\/06\/IMG_5749-550x825.jpg 550w, https:\/\/blogs.correiobraziliense.com.br\/lianasabo\/wp-content\/uploads\/sites\/25\/2025\/06\/IMG_5749-230x345.jpg 230w\" sizes=\"auto, (max-width: 683px) 100vw, 683px\" \/><\/a>\n\t\t\t<\/div>\n\t\t\t\t<figcaption class='wp-caption-text gallery-caption' id='gallery-1-9651'>\n\t\t\t\tPizza Siciliana\n\n\t\t\t\t<\/figcaption><\/figure><figure class='gallery-item'>\n\t\t\t<div class='gallery-icon portrait'>\n\t\t\t\t<a href='https:\/\/blogs.correiobraziliense.com.br\/lianasabo\/arabella-pizzaria-chega-a-302-sul-com-forno-a-lenha-e-cardapio-autoral\/img_5866\/'><img loading=\"lazy\" decoding=\"async\" width=\"683\" height=\"1024\" src=\"https:\/\/blogs.correiobraziliense.com.br\/lianasabo\/wp-content\/uploads\/sites\/25\/2025\/06\/IMG_5866.jpg\" class=\"attachment-full size-full\" alt=\"\" aria-describedby=\"gallery-1-9649\" srcset=\"https:\/\/blogs.correiobraziliense.com.br\/lianasabo\/wp-content\/uploads\/sites\/25\/2025\/06\/IMG_5866.jpg 683w, https:\/\/blogs.correiobraziliense.com.br\/lianasabo\/wp-content\/uploads\/sites\/25\/2025\/06\/IMG_5866-200x300.jpg 200w, https:\/\/blogs.correiobraziliense.com.br\/lianasabo\/wp-content\/uploads\/sites\/25\/2025\/06\/IMG_5866-768x1152.jpg 768w, https:\/\/blogs.correiobraziliense.com.br\/lianasabo\/wp-content\/uploads\/sites\/25\/2025\/06\/IMG_5866-800x1200.jpg 800w, https:\/\/blogs.correiobraziliense.com.br\/lianasabo\/wp-content\/uploads\/sites\/25\/2025\/06\/IMG_5866-550x825.jpg 550w, https:\/\/blogs.correiobraziliense.com.br\/lianasabo\/wp-content\/uploads\/sites\/25\/2025\/06\/IMG_5866-230x345.jpg 230w\" sizes=\"auto, (max-width: 683px) 100vw, 683px\" \/><\/a>\n\t\t\t<\/div>\n\t\t\t\t<figcaption class='wp-caption-text gallery-caption' id='gallery-1-9649'>\n\t\t\t\tPizza Capricciosa de bacon com geleia de alho negro.\n\t\t\t\t<\/figcaption><\/figure><figure class='gallery-item'>\n\t\t\t<div class='gallery-icon landscape'>\n\t\t\t\t<a href='https:\/\/blogs.correiobraziliense.com.br\/lianasabo\/arabella-pizzaria-chega-a-302-sul-com-forno-a-lenha-e-cardapio-autoral\/whatsapp-image-2025-06-20-at-09-53-46\/'><img loading=\"lazy\" decoding=\"async\" width=\"800\" height=\"600\" src=\"https:\/\/blogs.correiobraziliense.com.br\/lianasabo\/wp-content\/uploads\/sites\/25\/2025\/06\/WhatsApp-Image-2025-06-20-at-09.53.46.jpeg\" class=\"attachment-full size-full\" alt=\"\" aria-describedby=\"gallery-1-9646\" srcset=\"https:\/\/blogs.correiobraziliense.com.br\/lianasabo\/wp-content\/uploads\/sites\/25\/2025\/06\/WhatsApp-Image-2025-06-20-at-09.53.46.jpeg 800w, https:\/\/blogs.correiobraziliense.com.br\/lianasabo\/wp-content\/uploads\/sites\/25\/2025\/06\/WhatsApp-Image-2025-06-20-at-09.53.46-300x225.jpeg 300w, https:\/\/blogs.correiobraziliense.com.br\/lianasabo\/wp-content\/uploads\/sites\/25\/2025\/06\/WhatsApp-Image-2025-06-20-at-09.53.46-768x576.jpeg 768w, https:\/\/blogs.correiobraziliense.com.br\/lianasabo\/wp-content\/uploads\/sites\/25\/2025\/06\/WhatsApp-Image-2025-06-20-at-09.53.46-550x413.jpeg 550w, https:\/\/blogs.correiobraziliense.com.br\/lianasabo\/wp-content\/uploads\/sites\/25\/2025\/06\/WhatsApp-Image-2025-06-20-at-09.53.46-230x173.jpeg 230w\" sizes=\"auto, (max-width: 800px) 100vw, 800px\" \/><\/a>\n\t\t\t<\/div>\n\t\t\t\t<figcaption class='wp-caption-text gallery-caption' id='gallery-1-9646'>\n\t\t\t\tCr\u00e9dito: Liana Sabo\/CB\/D.A Press\n\t\t\t\t<\/figcaption><\/figure><figure class='gallery-item'>\n\t\t\t<div class='gallery-icon landscape'>\n\t\t\t\t<a href='https:\/\/blogs.correiobraziliense.com.br\/lianasabo\/arabella-pizzaria-chega-a-302-sul-com-forno-a-lenha-e-cardapio-autoral\/whatsapp-image-2025-06-20-at-09-53-25\/'><img loading=\"lazy\" decoding=\"async\" width=\"800\" height=\"600\" src=\"https:\/\/blogs.correiobraziliense.com.br\/lianasabo\/wp-content\/uploads\/sites\/25\/2025\/06\/WhatsApp-Image-2025-06-20-at-09.53.25.jpeg\" class=\"attachment-full size-full\" alt=\"\" aria-describedby=\"gallery-1-9645\" srcset=\"https:\/\/blogs.correiobraziliense.com.br\/lianasabo\/wp-content\/uploads\/sites\/25\/2025\/06\/WhatsApp-Image-2025-06-20-at-09.53.25.jpeg 800w, https:\/\/blogs.correiobraziliense.com.br\/lianasabo\/wp-content\/uploads\/sites\/25\/2025\/06\/WhatsApp-Image-2025-06-20-at-09.53.25-300x225.jpeg 300w, https:\/\/blogs.correiobraziliense.com.br\/lianasabo\/wp-content\/uploads\/sites\/25\/2025\/06\/WhatsApp-Image-2025-06-20-at-09.53.25-768x576.jpeg 768w, https:\/\/blogs.correiobraziliense.com.br\/lianasabo\/wp-content\/uploads\/sites\/25\/2025\/06\/WhatsApp-Image-2025-06-20-at-09.53.25-550x413.jpeg 550w, https:\/\/blogs.correiobraziliense.com.br\/lianasabo\/wp-content\/uploads\/sites\/25\/2025\/06\/WhatsApp-Image-2025-06-20-at-09.53.25-230x173.jpeg 230w\" sizes=\"auto, (max-width: 800px) 100vw, 800px\" \/><\/a>\n\t\t\t<\/div>\n\t\t\t\t<figcaption class='wp-caption-text gallery-caption' id='gallery-1-9645'>\n\t\t\t\tCr\u00e9dito: Liana Sabo\/CB\/D.A Press\n\t\t\t\t<\/figcaption><\/figure><figure class='gallery-item'>\n\t\t\t<div class='gallery-icon landscape'>\n\t\t\t\t<a href='https:\/\/blogs.correiobraziliense.com.br\/lianasabo\/arabella-pizzaria-chega-a-302-sul-com-forno-a-lenha-e-cardapio-autoral\/whatsapp-image-2025-06-20-at-09-53-06\/'><img loading=\"lazy\" decoding=\"async\" width=\"800\" height=\"600\" src=\"https:\/\/blogs.correiobraziliense.com.br\/lianasabo\/wp-content\/uploads\/sites\/25\/2025\/06\/WhatsApp-Image-2025-06-20-at-09.53.06.jpeg\" class=\"attachment-full size-full\" alt=\"\" aria-describedby=\"gallery-1-9644\" srcset=\"https:\/\/blogs.correiobraziliense.com.br\/lianasabo\/wp-content\/uploads\/sites\/25\/2025\/06\/WhatsApp-Image-2025-06-20-at-09.53.06.jpeg 800w, https:\/\/blogs.correiobraziliense.com.br\/lianasabo\/wp-content\/uploads\/sites\/25\/2025\/06\/WhatsApp-Image-2025-06-20-at-09.53.06-300x225.jpeg 300w, https:\/\/blogs.correiobraziliense.com.br\/lianasabo\/wp-content\/uploads\/sites\/25\/2025\/06\/WhatsApp-Image-2025-06-20-at-09.53.06-768x576.jpeg 768w, https:\/\/blogs.correiobraziliense.com.br\/lianasabo\/wp-content\/uploads\/sites\/25\/2025\/06\/WhatsApp-Image-2025-06-20-at-09.53.06-550x413.jpeg 550w, https:\/\/blogs.correiobraziliense.com.br\/lianasabo\/wp-content\/uploads\/sites\/25\/2025\/06\/WhatsApp-Image-2025-06-20-at-09.53.06-230x173.jpeg 230w\" sizes=\"auto, (max-width: 800px) 100vw, 800px\" \/><\/a>\n\t\t\t<\/div>\n\t\t\t\t<figcaption class='wp-caption-text gallery-caption' id='gallery-1-9644'>\n\t\t\t\tCr\u00e9dito: Liana Sabo\/CB\/D.A Press\n\t\t\t\t<\/figcaption><\/figure><figure class='gallery-item'>\n\t\t\t<div class='gallery-icon landscape'>\n\t\t\t\t<a href='https:\/\/blogs.correiobraziliense.com.br\/lianasabo\/arabella-pizzaria-chega-a-302-sul-com-forno-a-lenha-e-cardapio-autoral\/whatsapp-image-2025-06-20-at-09-52-49\/'><img loading=\"lazy\" decoding=\"async\" width=\"800\" height=\"600\" src=\"https:\/\/blogs.correiobraziliense.com.br\/lianasabo\/wp-content\/uploads\/sites\/25\/2025\/06\/WhatsApp-Image-2025-06-20-at-09.52.49.jpeg\" class=\"attachment-full size-full\" alt=\"\" aria-describedby=\"gallery-1-9643\" srcset=\"https:\/\/blogs.correiobraziliense.com.br\/lianasabo\/wp-content\/uploads\/sites\/25\/2025\/06\/WhatsApp-Image-2025-06-20-at-09.52.49.jpeg 800w, https:\/\/blogs.correiobraziliense.com.br\/lianasabo\/wp-content\/uploads\/sites\/25\/2025\/06\/WhatsApp-Image-2025-06-20-at-09.52.49-300x225.jpeg 300w, https:\/\/blogs.correiobraziliense.com.br\/lianasabo\/wp-content\/uploads\/sites\/25\/2025\/06\/WhatsApp-Image-2025-06-20-at-09.52.49-768x576.jpeg 768w, https:\/\/blogs.correiobraziliense.com.br\/lianasabo\/wp-content\/uploads\/sites\/25\/2025\/06\/WhatsApp-Image-2025-06-20-at-09.52.49-550x413.jpeg 550w, https:\/\/blogs.correiobraziliense.com.br\/lianasabo\/wp-content\/uploads\/sites\/25\/2025\/06\/WhatsApp-Image-2025-06-20-at-09.52.49-230x173.jpeg 230w\" sizes=\"auto, (max-width: 800px) 100vw, 800px\" \/><\/a>\n\t\t\t<\/div>\n\t\t\t\t<figcaption class='wp-caption-text gallery-caption' id='gallery-1-9643'>\n\t\t\t\tCr\u00e9dito: Liana Sabo\/CB\/D.A Press\n\t\t\t\t<\/figcaption><\/figure>\n\t\t<\/div>\n\n<p>Entre as pizzas doces h\u00e1 de chocolate pelos valores R$ 39 e R$ 58; Choconana que mistura chocolate e banana (R$ 41 e R$ 61), Bananela, de banana, canela e a\u00e7\u00facar (R$ 37 e R$ 52) e Dodileite com doce de leite mineiro e pa\u00e7oquinha (R$ 41 e R$ 52).<\/p>\n<p>Para acompanhar voc\u00ea pode escolher entre poucos r\u00f3tulos de vinhos m\u00e9dios (importados pela Del Maipo), como Tannat Toscanini por R$ 127 e um ros\u00e9 chileno da Vi\u00f1a Marty por R$ 79,90, ou ent\u00e3o degustar vinho em ta\u00e7a de 200ml por R$ 22,90. Caso queira levar sua pr\u00f3pria garrafa, a casa cobra R$ 60 para servir, mas segunda e ter\u00e7a-feira a rolha \u00e9 free!<\/p>\n<p>Arabella funciona de segunda a quinta, das 17h30 \u00e0s 23h; sexta e s\u00e1bado, das 17h30 \u00e0s 23h30 e domingo, das 17h30 \u00e0s 22h. Telefone: 98572-1665.<\/p>\n","protected":false},"excerpt":{"rendered":"<p>Estabelecimento \u00e9 a primeira pizzaria na entrequadra gourmet da Asa Sul<\/p>\n","protected":false},"author":54,"featured_media":9649,"comment_status":"open","ping_status":"open","sticky":false,"template":"","format":"standard","meta":{"footnotes":""},"categories":[227],"tags":[1314,17],"class_list":["post-9639","post","type-post","status-publish","format-standard","has-post-thumbnail","hentry","category-pizzarias","tag-arabella-pizzaria","tag-asa-sul"],"_links":{"self":[{"href":"https:\/\/blogs.correiobraziliense.com.br\/lianasabo\/wp-json\/wp\/v2\/posts\/9639","targetHints":{"allow":["GET"]}}],"collection":[{"href":"https:\/\/blogs.correiobraziliense.com.br\/lianasabo\/wp-json\/wp\/v2\/posts"}],"about":[{"href":"https:\/\/blogs.correiobraziliense.com.br\/lianasabo\/wp-json\/wp\/v2\/types\/post"}],"author":[{"embeddable":true,"href":"https:\/\/blogs.correiobraziliense.com.br\/lianasabo\/wp-json\/wp\/v2\/users\/54"}],"replies":[{"embeddable":true,"href":"https:\/\/blogs.correiobraziliense.com.br\/lianasabo\/wp-json\/wp\/v2\/comments?post=9639"}],"version-history":[{"count":7,"href":"https:\/\/blogs.correiobraziliense.com.br\/lianasabo\/wp-json\/wp\/v2\/posts\/9639\/revisions"}],"predecessor-version":[{"id":9655,"href":"https:\/\/blogs.correiobraziliense.com.br\/lianasabo\/wp-json\/wp\/v2\/posts\/9639\/revisions\/9655"}],"wp:featuredmedia":[{"embeddable":true,"href":"https:\/\/blogs.correiobraziliense.com.br\/lianasabo\/wp-json\/wp\/v2\/media\/9649"}],"wp:attachment":[{"href":"https:\/\/blogs.correiobraziliense.com.br\/lianasabo\/wp-json\/wp\/v2\/media?parent=9639"}],"wp:term":[{"taxonomy":"category","embeddable":true,"href":"https:\/\/blogs.correiobraziliense.com.br\/lianasabo\/wp-json\/wp\/v2\/categories?post=9639"},{"taxonomy":"post_tag","embeddable":true,"href":"https:\/\/blogs.correiobraziliense.com.br\/lianasabo\/wp-json\/wp\/v2\/tags?post=9639"}],"curies":[{"name":"wp","href":"https:\/\/api.w.org\/{rel}","templated":true}]}}