{"id":9627,"date":"2025-06-18T14:13:41","date_gmt":"2025-06-18T17:13:41","guid":{"rendered":"https:\/\/blogs.correiobraziliense.com.br\/lianasabo\/?p=9627"},"modified":"2025-06-18T15:02:41","modified_gmt":"2025-06-18T18:02:41","slug":"feriado-de-corpus-christi-tera-evento-com-vinicolas-brasileiras-no-pad-df","status":"publish","type":"post","link":"https:\/\/blogs.correiobraziliense.com.br\/lianasabo\/feriado-de-corpus-christi-tera-evento-com-vinicolas-brasileiras-no-pad-df\/","title":{"rendered":"Feriado de Corpus Christi ter\u00e1 evento com vin\u00edcolas brasileiras no PAD-DF"},"content":{"rendered":"<p><strong>A Expovitis Brasil 2025 reunir\u00e1 mais de 500 r\u00f3tulos nacionais em sua segunda edi\u00e7\u00e3o<\/strong><\/p>\n<p>Entre os dias 19 e 21 de junho, durante o feriado de Corpus Christi, Bras\u00edlia se tornar\u00e1 o epicentro do vinho brasileiro com a realiza\u00e7\u00e3o da segunda edi\u00e7\u00e3o da Expovitis Brasil 2025 &#8211; Feira Nacional de Viticultura, Enologia e Enoturismo.<\/p>\n<p>O evento ocorrer\u00e1 no Parque Tecnol\u00f3gico Ivaldo Cenci, no PAD-DF, das 16h \u00e0s 21h, com degusta\u00e7\u00e3o, masterclasses, palestras, experi\u00eancias sensoriais, debates e atra\u00e7\u00f5es culturais. Ser\u00e3o mais de 100 vin\u00edcolas nacionais participantes oferecendo mais de 500 r\u00f3tulos 100% brasileiros.<\/p>\n<p>Segundo a organiza\u00e7\u00e3o, a feira foi pensada para proporcionar uma imers\u00e3o no universo do vinho brasileiro, destacando a diversidade dos terroirs e dos processos que envolvem a produ\u00e7\u00e3o de cada garrafa. Os ingressos est\u00e3o \u00e0 venda a partir de R$ R$ 150,48 pelo site <a href=\"https:\/\/www.sympla.com.br\/evento\/expovitis-brasil-2025\/2798653?referrer=expovitis.com.br&amp;referrer=mail.google.com\">Sympla<\/a>.<\/p>\n<p><strong>SERVI\u00c7O<\/strong><br \/>\n<strong>Expovitis Brasil 2025 \u2013 Feira Nacional de Viticultura, Enologia e Enoturismo<\/strong><br \/>\n<strong>Local:<\/strong> Parque Tecnol\u00f3gico Ivaldo Cenci \u2013 PAD-DF<br \/>\n<strong>Data:<\/strong> 19 a 21 de junho de 2025<br \/>\n<strong>Hor\u00e1rio:<\/strong> das 16h \u00e0s 21h.<\/p>\n","protected":false},"excerpt":{"rendered":"<p>A Expovitis Brasil 2025 reunir\u00e1 mais de 500 r\u00f3tulos nacionais em sua segunda edi\u00e7\u00e3o<\/p>\n","protected":false},"author":54,"featured_media":9628,"comment_status":"open","ping_status":"open","sticky":false,"template":"","format":"standard","meta":{"footnotes":""},"categories":[222],"tags":[1311,425],"class_list":["post-9627","post","type-post","status-publish","format-standard","has-post-thumbnail","hentry","category-vinhos","tag-expovitis-brasil-2025","tag-vinhos"],"_links":{"self":[{"href":"https:\/\/blogs.correiobraziliense.com.br\/lianasabo\/wp-json\/wp\/v2\/posts\/9627","targetHints":{"allow":["GET"]}}],"collection":[{"href":"https:\/\/blogs.correiobraziliense.com.br\/lianasabo\/wp-json\/wp\/v2\/posts"}],"about":[{"href":"https:\/\/blogs.correiobraziliense.com.br\/lianasabo\/wp-json\/wp\/v2\/types\/post"}],"author":[{"embeddable":true,"href":"https:\/\/blogs.correiobraziliense.com.br\/lianasabo\/wp-json\/wp\/v2\/users\/54"}],"replies":[{"embeddable":true,"href":"https:\/\/blogs.correiobraziliense.com.br\/lianasabo\/wp-json\/wp\/v2\/comments?post=9627"}],"version-history":[{"count":3,"href":"https:\/\/blogs.correiobraziliense.com.br\/lianasabo\/wp-json\/wp\/v2\/posts\/9627\/revisions"}],"predecessor-version":[{"id":9631,"href":"https:\/\/blogs.correiobraziliense.com.br\/lianasabo\/wp-json\/wp\/v2\/posts\/9627\/revisions\/9631"}],"wp:featuredmedia":[{"embeddable":true,"href":"https:\/\/blogs.correiobraziliense.com.br\/lianasabo\/wp-json\/wp\/v2\/media\/9628"}],"wp:attachment":[{"href":"https:\/\/blogs.correiobraziliense.com.br\/lianasabo\/wp-json\/wp\/v2\/media?parent=9627"}],"wp:term":[{"taxonomy":"category","embeddable":true,"href":"https:\/\/blogs.correiobraziliense.com.br\/lianasabo\/wp-json\/wp\/v2\/categories?post=9627"},{"taxonomy":"post_tag","embeddable":true,"href":"https:\/\/blogs.correiobraziliense.com.br\/lianasabo\/wp-json\/wp\/v2\/tags?post=9627"}],"curies":[{"name":"wp","href":"https:\/\/api.w.org\/{rel}","templated":true}]}}