{"id":9620,"date":"2025-06-17T09:24:31","date_gmt":"2025-06-17T12:24:31","guid":{"rendered":"https:\/\/blogs.correiobraziliense.com.br\/lianasabo\/?p=9620"},"modified":"2025-06-17T09:24:31","modified_gmt":"2025-06-17T12:24:31","slug":"dois-dias-de-festa-no-arraial-do-pontao-do-lago-sul","status":"publish","type":"post","link":"https:\/\/blogs.correiobraziliense.com.br\/lianasabo\/dois-dias-de-festa-no-arraial-do-pontao-do-lago-sul\/","title":{"rendered":"Dois dias de festa no Arraial do Pont\u00e3o do Lago Sul"},"content":{"rendered":"<p>O brasiliense tem encontro marcado com a alegria, os sabores juninos e a decora\u00e7\u00e3o de tirar o f\u00f4lego no Arraial do Pont\u00e3o. Especialmente quem mora no Lago Sul e na Asa Sul, localidades mais pr\u00f3ximas do complexo gastron\u00f4mico \u00e0s margens do Lago Parano\u00e1, entretanto, vale vir de longe para a festa que chega a terceira edi\u00e7\u00e3o esta ter\u00e7a-feira (17) e quarta-feira (18), no hor\u00e1rio das 17h \u00e0s 23h.<\/p>\n<figure id=\"attachment_9623\" aria-describedby=\"caption-attachment-9623\" style=\"width: 800px\" class=\"wp-caption aligncenter\"><a href=\"https:\/\/blogs.correiobraziliense.com.br\/lianasabo\/wp-content\/uploads\/sites\/25\/2025\/06\/WhatsApp-Image-2025-06-17-at-08.50.49.jpeg\"><img loading=\"lazy\" decoding=\"async\" class=\"size-full wp-image-9623\" src=\"https:\/\/blogs.correiobraziliense.com.br\/lianasabo\/wp-content\/uploads\/sites\/25\/2025\/06\/WhatsApp-Image-2025-06-17-at-08.50.49.jpeg\" alt=\"\" width=\"800\" height=\"600\" srcset=\"https:\/\/blogs.correiobraziliense.com.br\/lianasabo\/wp-content\/uploads\/sites\/25\/2025\/06\/WhatsApp-Image-2025-06-17-at-08.50.49.jpeg 800w, https:\/\/blogs.correiobraziliense.com.br\/lianasabo\/wp-content\/uploads\/sites\/25\/2025\/06\/WhatsApp-Image-2025-06-17-at-08.50.49-300x225.jpeg 300w, https:\/\/blogs.correiobraziliense.com.br\/lianasabo\/wp-content\/uploads\/sites\/25\/2025\/06\/WhatsApp-Image-2025-06-17-at-08.50.49-768x576.jpeg 768w, https:\/\/blogs.correiobraziliense.com.br\/lianasabo\/wp-content\/uploads\/sites\/25\/2025\/06\/WhatsApp-Image-2025-06-17-at-08.50.49-550x413.jpeg 550w, https:\/\/blogs.correiobraziliense.com.br\/lianasabo\/wp-content\/uploads\/sites\/25\/2025\/06\/WhatsApp-Image-2025-06-17-at-08.50.49-230x173.jpeg 230w\" sizes=\"auto, (max-width: 800px) 100vw, 800px\" \/><\/a><figcaption id=\"caption-attachment-9623\" class=\"wp-caption-text\">O time que faz a festa. Cr\u00e9dito: Liana Sabo\/CB\/D.A Press<\/figcaption><\/figure>\n<p>As comidinhas est\u00e3o deliciosas. Chefs e propriet\u00e1rios das opera\u00e7\u00f5es gastron\u00f4micas do Pont\u00e3o capricharam no card\u00e1pio e estar\u00e3o pessoalmente servindo o p\u00fablico, como Fabiana Pinheiro, chef do Sallva, que com um cora\u00e7\u00e3ozinho pintado no rosto, monta cachorro-quente artesanal (R$ 30) cheio de sabor.<\/p>\n<figure id=\"attachment_9622\" aria-describedby=\"caption-attachment-9622\" style=\"width: 225px\" class=\"wp-caption alignleft\"><a href=\"https:\/\/blogs.correiobraziliense.com.br\/lianasabo\/wp-content\/uploads\/sites\/25\/2025\/06\/WhatsApp-Image-2025-06-17-at-08.48.46.jpeg\"><img loading=\"lazy\" decoding=\"async\" class=\"size-medium wp-image-9622\" src=\"https:\/\/blogs.correiobraziliense.com.br\/lianasabo\/wp-content\/uploads\/sites\/25\/2025\/06\/WhatsApp-Image-2025-06-17-at-08.48.46-225x300.jpeg\" alt=\"\" width=\"225\" height=\"300\" srcset=\"https:\/\/blogs.correiobraziliense.com.br\/lianasabo\/wp-content\/uploads\/sites\/25\/2025\/06\/WhatsApp-Image-2025-06-17-at-08.48.46-225x300.jpeg 225w, https:\/\/blogs.correiobraziliense.com.br\/lianasabo\/wp-content\/uploads\/sites\/25\/2025\/06\/WhatsApp-Image-2025-06-17-at-08.48.46-768x1024.jpeg 768w, https:\/\/blogs.correiobraziliense.com.br\/lianasabo\/wp-content\/uploads\/sites\/25\/2025\/06\/WhatsApp-Image-2025-06-17-at-08.48.46.jpeg 800w, https:\/\/blogs.correiobraziliense.com.br\/lianasabo\/wp-content\/uploads\/sites\/25\/2025\/06\/WhatsApp-Image-2025-06-17-at-08.48.46-550x734.jpeg 550w, https:\/\/blogs.correiobraziliense.com.br\/lianasabo\/wp-content\/uploads\/sites\/25\/2025\/06\/WhatsApp-Image-2025-06-17-at-08.48.46-230x307.jpeg 230w\" sizes=\"auto, (max-width: 225px) 100vw, 225px\" \/><\/a><figcaption id=\"caption-attachment-9622\" class=\"wp-caption-text\">Chef do Sallva. Cr\u00e9dito: Liana Sabo\/CB\/D.A Press<\/figcaption><\/figure>\n<p>Tamb\u00e9m Carol Chaer, dona do Chard supervisiona a barraca de arroz caipira com lingui\u00e7a (R$ 29). J\u00e1 o chef do Gran Bier desenvolveu receitas de vaca atolada (R$ 20) e de arroz carreteiro (R$ 25) dignas dos melhores endere\u00e7os do Sul do pa\u00eds.<\/p>\n<figure id=\"attachment_9624\" aria-describedby=\"caption-attachment-9624\" style=\"width: 800px\" class=\"wp-caption aligncenter\"><a href=\"https:\/\/blogs.correiobraziliense.com.br\/lianasabo\/wp-content\/uploads\/sites\/25\/2025\/06\/pont\u00e3o-2.jpg\"><img loading=\"lazy\" decoding=\"async\" class=\"size-full wp-image-9624\" src=\"https:\/\/blogs.correiobraziliense.com.br\/lianasabo\/wp-content\/uploads\/sites\/25\/2025\/06\/pont\u00e3o-2.jpg\" alt=\"\" width=\"800\" height=\"534\" srcset=\"https:\/\/blogs.correiobraziliense.com.br\/lianasabo\/wp-content\/uploads\/sites\/25\/2025\/06\/pont\u00e3o-2.jpg 800w, https:\/\/blogs.correiobraziliense.com.br\/lianasabo\/wp-content\/uploads\/sites\/25\/2025\/06\/pont\u00e3o-2-300x200.jpg 300w, https:\/\/blogs.correiobraziliense.com.br\/lianasabo\/wp-content\/uploads\/sites\/25\/2025\/06\/pont\u00e3o-2-768x513.jpg 768w, https:\/\/blogs.correiobraziliense.com.br\/lianasabo\/wp-content\/uploads\/sites\/25\/2025\/06\/pont\u00e3o-2-550x367.jpg 550w, https:\/\/blogs.correiobraziliense.com.br\/lianasabo\/wp-content\/uploads\/sites\/25\/2025\/06\/pont\u00e3o-2-230x154.jpg 230w\" sizes=\"auto, (max-width: 800px) 100vw, 800px\" \/><\/a><figcaption id=\"caption-attachment-9624\" class=\"wp-caption-text\">Cr\u00e9dito: Pont\u00e3o\/Divulga\u00e7\u00e3o<\/figcaption><\/figure>\n<p>Os caf\u00e9s Cast\u00e1lia e Caf\u00e9 e um Ch\u00earo apostam no milho como protagonista, oferecendo bolo com creme de caramelo e raspas de laranja (R$ 20), caldo com frango (R$ 20) e pamonha doce e salgada (R$ 19, cada). A barraca do Fausto &amp; Manoel preparou a tradicional galinhada (R$ 15), enquanto o Izzi Wine Garden traz os espetinhos de carne (R$ 36) e frango (R$ 28), outro cl\u00e1ssico das festan\u00e7as.<\/p>\n<figure id=\"attachment_9625\" aria-describedby=\"caption-attachment-9625\" style=\"width: 800px\" class=\"wp-caption aligncenter\"><a href=\"https:\/\/blogs.correiobraziliense.com.br\/lianasabo\/wp-content\/uploads\/sites\/25\/2025\/06\/pont\u00e3o.jpg\"><img loading=\"lazy\" decoding=\"async\" class=\"size-full wp-image-9625\" src=\"https:\/\/blogs.correiobraziliense.com.br\/lianasabo\/wp-content\/uploads\/sites\/25\/2025\/06\/pont\u00e3o.jpg\" alt=\"\" width=\"800\" height=\"529\" srcset=\"https:\/\/blogs.correiobraziliense.com.br\/lianasabo\/wp-content\/uploads\/sites\/25\/2025\/06\/pont\u00e3o.jpg 800w, https:\/\/blogs.correiobraziliense.com.br\/lianasabo\/wp-content\/uploads\/sites\/25\/2025\/06\/pont\u00e3o-300x198.jpg 300w, https:\/\/blogs.correiobraziliense.com.br\/lianasabo\/wp-content\/uploads\/sites\/25\/2025\/06\/pont\u00e3o-768x508.jpg 768w, https:\/\/blogs.correiobraziliense.com.br\/lianasabo\/wp-content\/uploads\/sites\/25\/2025\/06\/pont\u00e3o-550x364.jpg 550w, https:\/\/blogs.correiobraziliense.com.br\/lianasabo\/wp-content\/uploads\/sites\/25\/2025\/06\/pont\u00e3o-230x152.jpg 230w\" sizes=\"auto, (max-width: 800px) 100vw, 800px\" \/><\/a><figcaption id=\"caption-attachment-9625\" class=\"wp-caption-text\">Cr\u00e9dito: Pont\u00e3o\/Divulga\u00e7\u00e3o<\/figcaption><\/figure>\n<p>Al\u00e9m dos pratos t\u00edpicos, a festa \u00e9 embalada pela trilha sonora junina comandada pela banda Marvin, que se apresenta entre 19h e 22h.<\/p>\n<p>Os ingressos custam R$ 30 (inteira) ou R$ 15 (meia-entrada) mediante doa\u00e7\u00e3o de 1kg de alimento n\u00e3o perec\u00edvel (exceto sal e floc\u00e3o). Os alimentos arrecadados ser\u00e3o entregues ao Setor Santa Luzia, na Estrutural. Crian\u00e7as de at\u00e9 7 anos n\u00e3o pagam.<\/p>\n","protected":false},"excerpt":{"rendered":"<p>O brasiliense tem encontro marcado com a alegria, os sabores juninos e a decora\u00e7\u00e3o de tirar o f\u00f4lego no Arraial do Pont\u00e3o. Especialmente quem mora no Lago Sul e na Asa Sul, localidades mais pr\u00f3ximas do complexo gastron\u00f4mico \u00e0s margens do Lago Parano\u00e1, entretanto, vale vir de longe para a festa que chega a terceira edi\u00e7\u00e3o esta ter\u00e7a-feira (17) e [&hellip;]<\/p>\n","protected":false},"author":54,"featured_media":9621,"comment_status":"open","ping_status":"open","sticky":false,"template":"","format":"standard","meta":{"footnotes":""},"categories":[201],"tags":[511,237],"class_list":["post-9620","post","type-post","status-publish","format-standard","has-post-thumbnail","hentry","category-festival","tag-festa-junina","tag-pontao"],"_links":{"self":[{"href":"https:\/\/blogs.correiobraziliense.com.br\/lianasabo\/wp-json\/wp\/v2\/posts\/9620","targetHints":{"allow":["GET"]}}],"collection":[{"href":"https:\/\/blogs.correiobraziliense.com.br\/lianasabo\/wp-json\/wp\/v2\/posts"}],"about":[{"href":"https:\/\/blogs.correiobraziliense.com.br\/lianasabo\/wp-json\/wp\/v2\/types\/post"}],"author":[{"embeddable":true,"href":"https:\/\/blogs.correiobraziliense.com.br\/lianasabo\/wp-json\/wp\/v2\/users\/54"}],"replies":[{"embeddable":true,"href":"https:\/\/blogs.correiobraziliense.com.br\/lianasabo\/wp-json\/wp\/v2\/comments?post=9620"}],"version-history":[{"count":1,"href":"https:\/\/blogs.correiobraziliense.com.br\/lianasabo\/wp-json\/wp\/v2\/posts\/9620\/revisions"}],"predecessor-version":[{"id":9626,"href":"https:\/\/blogs.correiobraziliense.com.br\/lianasabo\/wp-json\/wp\/v2\/posts\/9620\/revisions\/9626"}],"wp:featuredmedia":[{"embeddable":true,"href":"https:\/\/blogs.correiobraziliense.com.br\/lianasabo\/wp-json\/wp\/v2\/media\/9621"}],"wp:attachment":[{"href":"https:\/\/blogs.correiobraziliense.com.br\/lianasabo\/wp-json\/wp\/v2\/media?parent=9620"}],"wp:term":[{"taxonomy":"category","embeddable":true,"href":"https:\/\/blogs.correiobraziliense.com.br\/lianasabo\/wp-json\/wp\/v2\/categories?post=9620"},{"taxonomy":"post_tag","embeddable":true,"href":"https:\/\/blogs.correiobraziliense.com.br\/lianasabo\/wp-json\/wp\/v2\/tags?post=9620"}],"curies":[{"name":"wp","href":"https:\/\/api.w.org\/{rel}","templated":true}]}}