{"id":9577,"date":"2025-06-04T10:32:11","date_gmt":"2025-06-04T13:32:11","guid":{"rendered":"https:\/\/blogs.correiobraziliense.com.br\/lianasabo\/?p=9577"},"modified":"2025-06-04T10:32:11","modified_gmt":"2025-06-04T13:32:11","slug":"pizzafest-brasil-tera-primeira-edicao-na-baco-pizzaria","status":"publish","type":"post","link":"https:\/\/blogs.correiobraziliense.com.br\/lianasabo\/pizzafest-brasil-tera-primeira-edicao-na-baco-pizzaria\/","title":{"rendered":"Pizzafest Brasil ter\u00e1 primeira edi\u00e7\u00e3o na Baco Pizzaria"},"content":{"rendered":"<p><strong>Organizado pela Associa\u00e7\u00e3o Verace Pizza Napoletana, o evento ser\u00e1 em 14 de junho na unidade da Asa Sul<\/strong><\/p>\n<p>A Baco Pizzaria, do chef pizzaiolo Gil Guimar\u00e3es, ser\u00e1 palco da primeira edi\u00e7\u00e3o do Pizzafest Brasil, festival organizado pela Associa\u00e7\u00e3o Verace Pizza Napoletana (AVPN) e sua delega\u00e7\u00e3o brasileira.\u00a0Dedicado \u00e0 aut\u00eantica pizza napolitana, o evento ser\u00e1 em 14 de junho, a partir das 16h, no jardim da Baco, na Asa Sul.<\/p>\n<p>Inspirado no tradicional festival de N\u00e1poles, o Pizzafest Brasil reunir\u00e1 pizzaiolos certificados da AVPN de todo o pa\u00eds e da Am\u00e9rica Latina, como Andr\u00e9 Guidon (Leggera\/SP) e o convidado especial Maestro Attilio, de N\u00e1poles, criador da pizza Carnevalle. Os visitantes poder\u00e3o degustar pizzas cl\u00e1ssicas como margherita e marinara, al\u00e9m de outras receitas ic\u00f4nicas da tradi\u00e7\u00e3o napolitana.<\/p>\n<p>A Baco foi uma das primeiras pizzarias do Brasil a receber a certifica\u00e7\u00e3o da AVPN, em 2012. Para Gil Guimar\u00e3es, o evento \u00e9 uma celebra\u00e7\u00e3o da cultura, da hist\u00f3ria e da paix\u00e3o pela verdadeira pizza napolitana. \u201cQueremos que o p\u00fablico sinta o perfume do molho de tomate fresco e a leveza da massa que descansou por horas. \u00c9 uma oportunidade de aprender, de se conectar com a tradi\u00e7\u00e3o e de provar o que h\u00e1 de melhor\u201d, afirma.<\/p>\n<p><strong>Pizzarias participantes<\/strong><\/p>\n<p>Da Attilio, N\u00e1poles<br \/>\nBaco Pizzaria, Bras\u00edlia<br \/>\nAbbiamo Fatto, Canela<br \/>\nBento, Rio de Janeiro<br \/>\nBont\u00e0, Vila Velha<br \/>\nCiao, Porto Alegre<br \/>\nDella Brianza, Campinas<br \/>\nLeggera, S\u00e3o Paulo<br \/>\nMamma Mia Que Pizza, Fortaleza<br \/>\nVallino, Pedra Azul\/Domingos Martins<br \/>\nVinny&#8217;s, Bras\u00edlia<br \/>\nWilma&#8217;s pizza, Ourinhos<br \/>\n430 gradi, Jundia\u00ed<br \/>\nLa Esquina, Rancagua<br \/>\nFlama, Lima<\/p>\n<p><strong>SERVI\u00c7O<\/strong><br \/>\n<strong>Pizzafest Brasil<\/strong><br \/>\n<strong>Data:<\/strong> 14 de junho (s\u00e1bado)<br \/>\n<strong>Hor\u00e1rio:<\/strong> 16h \u00e0s 22h<br \/>\n<strong>Local:<\/strong> Jardim da Baco Pizzaria, 408 Sul, bloco D<br \/>\n<strong>Entrada:<\/strong> Gratuita.<\/p>\n","protected":false},"excerpt":{"rendered":"<p>Organizado pela Associa\u00e7\u00e3o Verace Pizza Napoletana, o evento ser\u00e1 em 14 de junho na unidade da Asa Sul<\/p>\n","protected":false},"author":54,"featured_media":9578,"comment_status":"open","ping_status":"open","sticky":false,"template":"","format":"standard","meta":{"footnotes":""},"categories":[201],"tags":[1305,674,54,1304],"class_list":["post-9577","post","type-post","status-publish","format-standard","has-post-thumbnail","hentry","category-festival","tag-associacao-verace-pizza-napoletana","tag-baco-pizzaria","tag-festival","tag-pizzafest-brasil"],"_links":{"self":[{"href":"https:\/\/blogs.correiobraziliense.com.br\/lianasabo\/wp-json\/wp\/v2\/posts\/9577","targetHints":{"allow":["GET"]}}],"collection":[{"href":"https:\/\/blogs.correiobraziliense.com.br\/lianasabo\/wp-json\/wp\/v2\/posts"}],"about":[{"href":"https:\/\/blogs.correiobraziliense.com.br\/lianasabo\/wp-json\/wp\/v2\/types\/post"}],"author":[{"embeddable":true,"href":"https:\/\/blogs.correiobraziliense.com.br\/lianasabo\/wp-json\/wp\/v2\/users\/54"}],"replies":[{"embeddable":true,"href":"https:\/\/blogs.correiobraziliense.com.br\/lianasabo\/wp-json\/wp\/v2\/comments?post=9577"}],"version-history":[{"count":1,"href":"https:\/\/blogs.correiobraziliense.com.br\/lianasabo\/wp-json\/wp\/v2\/posts\/9577\/revisions"}],"predecessor-version":[{"id":9579,"href":"https:\/\/blogs.correiobraziliense.com.br\/lianasabo\/wp-json\/wp\/v2\/posts\/9577\/revisions\/9579"}],"wp:featuredmedia":[{"embeddable":true,"href":"https:\/\/blogs.correiobraziliense.com.br\/lianasabo\/wp-json\/wp\/v2\/media\/9578"}],"wp:attachment":[{"href":"https:\/\/blogs.correiobraziliense.com.br\/lianasabo\/wp-json\/wp\/v2\/media?parent=9577"}],"wp:term":[{"taxonomy":"category","embeddable":true,"href":"https:\/\/blogs.correiobraziliense.com.br\/lianasabo\/wp-json\/wp\/v2\/categories?post=9577"},{"taxonomy":"post_tag","embeddable":true,"href":"https:\/\/blogs.correiobraziliense.com.br\/lianasabo\/wp-json\/wp\/v2\/tags?post=9577"}],"curies":[{"name":"wp","href":"https:\/\/api.w.org\/{rel}","templated":true}]}}