{"id":9571,"date":"2025-06-03T15:39:26","date_gmt":"2025-06-03T18:39:26","guid":{"rendered":"https:\/\/blogs.correiobraziliense.com.br\/lianasabo\/?p=9571"},"modified":"2025-06-03T15:39:52","modified_gmt":"2025-06-03T18:39:52","slug":"mais-de-120-vinhos-estarao-disponiveis-no-decanter-wine-day","status":"publish","type":"post","link":"https:\/\/blogs.correiobraziliense.com.br\/lianasabo\/mais-de-120-vinhos-estarao-disponiveis-no-decanter-wine-day\/","title":{"rendered":"Mais de 120 vinhos estar\u00e3o dispon\u00edveis no Decanter Wine Day"},"content":{"rendered":"<p><strong>Evento reunir\u00e1 en\u00f3logos e vin\u00edcolas no dia 6 de junho, no Hotel Quality &amp; Suites Bras\u00edlia<\/strong><\/p>\n<p>Bras\u00edlia ser\u00e1 palco de uma verdadeira celebra\u00e7\u00e3o do vinho na pr\u00f3xima sexta-feira, 6 de junho. Das 18h \u00e0s 22h, o Hotel Quality &amp; Suites Bras\u00edlia (Setor de M\u00faltiplas Atividades Sul) receber\u00e1 o Decanter Wine Day, evento que traz uma sele\u00e7\u00e3o especial de vinhos de 12 pa\u00edses.<\/p>\n<p>Ao todo, mais de 120 r\u00f3tulos estar\u00e3o dispon\u00edveis para degusta\u00e7\u00e3o, acompanhados por uma sofisticada sele\u00e7\u00e3o gastron\u00f4mica, com ilha de queijos nobres, p\u00e3es artesanais, embutidos especiais, geleias finas, doces e finger foods. O investimento \u00e9 de R$ 345.<\/p>\n<p>Entre as vin\u00edcolas confirmadas est\u00e3o nomes de destaque como as argentinas Alta-Yar\u00ed e Colom\u00e9, a chilena TerraNoble e a francesa Paul Mas.<\/p>\n<p><strong>SERVI\u00c7O<\/strong><br \/>\n<strong>Decanter Wine Day<\/strong><br \/>\n<strong>Local:<\/strong> Hotel Quality &amp; Suites Bras\u00edlia (SMAS &#8211; Setor de M\u00faltiplas Atividades Sul &#8211; Trecho 3 Conjunto 2 Bloco A &#8211; Asa Sul)<br \/>\n<strong>Data:<\/strong> 6 de junho (sexta-feira), das 18h \u00e0s 22h<br \/>\n<strong>Ingressos:<\/strong> R$ 345 (<a href=\"http:\/\/www.decanterbsb.com.br\/informa-es-do-evento-e-registro\/wine-day-10-edicao\">www.decanterbsb.com.br\/informa-es-do-evento-e-registro\/wine-day-10-edicao<\/a>).<\/p>\n","protected":false},"excerpt":{"rendered":"<p>Evento reunir\u00e1 en\u00f3logos e vin\u00edcolas no dia 6 de junho, no Hotel Quality &amp; Suites Bras\u00edlia<\/p>\n","protected":false},"author":54,"featured_media":9572,"comment_status":"open","ping_status":"open","sticky":false,"template":"","format":"standard","meta":{"footnotes":""},"categories":[222],"tags":[1094,463,54,92],"class_list":["post-9571","post","type-post","status-publish","format-standard","has-post-thumbnail","hentry","category-vinhos","tag-decanter-wine-day","tag-degustacao","tag-festival","tag-vinho"],"_links":{"self":[{"href":"https:\/\/blogs.correiobraziliense.com.br\/lianasabo\/wp-json\/wp\/v2\/posts\/9571","targetHints":{"allow":["GET"]}}],"collection":[{"href":"https:\/\/blogs.correiobraziliense.com.br\/lianasabo\/wp-json\/wp\/v2\/posts"}],"about":[{"href":"https:\/\/blogs.correiobraziliense.com.br\/lianasabo\/wp-json\/wp\/v2\/types\/post"}],"author":[{"embeddable":true,"href":"https:\/\/blogs.correiobraziliense.com.br\/lianasabo\/wp-json\/wp\/v2\/users\/54"}],"replies":[{"embeddable":true,"href":"https:\/\/blogs.correiobraziliense.com.br\/lianasabo\/wp-json\/wp\/v2\/comments?post=9571"}],"version-history":[{"count":1,"href":"https:\/\/blogs.correiobraziliense.com.br\/lianasabo\/wp-json\/wp\/v2\/posts\/9571\/revisions"}],"predecessor-version":[{"id":9573,"href":"https:\/\/blogs.correiobraziliense.com.br\/lianasabo\/wp-json\/wp\/v2\/posts\/9571\/revisions\/9573"}],"wp:featuredmedia":[{"embeddable":true,"href":"https:\/\/blogs.correiobraziliense.com.br\/lianasabo\/wp-json\/wp\/v2\/media\/9572"}],"wp:attachment":[{"href":"https:\/\/blogs.correiobraziliense.com.br\/lianasabo\/wp-json\/wp\/v2\/media?parent=9571"}],"wp:term":[{"taxonomy":"category","embeddable":true,"href":"https:\/\/blogs.correiobraziliense.com.br\/lianasabo\/wp-json\/wp\/v2\/categories?post=9571"},{"taxonomy":"post_tag","embeddable":true,"href":"https:\/\/blogs.correiobraziliense.com.br\/lianasabo\/wp-json\/wp\/v2\/tags?post=9571"}],"curies":[{"name":"wp","href":"https:\/\/api.w.org\/{rel}","templated":true}]}}