{"id":9564,"date":"2025-06-03T14:59:08","date_gmt":"2025-06-03T17:59:08","guid":{"rendered":"https:\/\/blogs.correiobraziliense.com.br\/lianasabo\/?p=9564"},"modified":"2025-06-03T14:59:08","modified_gmt":"2025-06-03T17:59:08","slug":"outlet-premium-recebe-festival-gastronomico-entre-6-e-8-de-junho","status":"publish","type":"post","link":"https:\/\/blogs.correiobraziliense.com.br\/lianasabo\/outlet-premium-recebe-festival-gastronomico-entre-6-e-8-de-junho\/","title":{"rendered":"Outlet Premium recebe festival gastron\u00f4mico entre 6 e 8 de junho"},"content":{"rendered":"<p><strong>Batizado de FestPremium, evento reunir\u00e1 chefs renomados e marcas consagradas do DF e de Goi\u00e1s<\/strong><\/p>\n<p>Entre os dias 6 e 8 de junho, o estacionamento do Outlet Premium Bras\u00edlia ser\u00e1 palco do FestPremium \u2013 O Sabor da Melhor Gastronomia do Distrito Federal e Goi\u00e1s. Gratuito, o evento promete unir o melhor da culin\u00e1ria regional com m\u00fasica e experi\u00eancias irresist\u00edveis. A programa\u00e7\u00e3o ser\u00e1 das 9h \u00e0s 21h, no Bols\u00e3o Laranja.<\/p>\n<p>Durante tr\u00eas dias, o festival reunir\u00e1 chefs renomados e marcas consagradas do DF e de Goi\u00e1s, com pratos que despertam mem\u00f3rias e com sabores marcantes.\u00a0Entre os nomes confirmados est\u00e3o Dog da Igrejinha, Sabor do Par\u00e1, Ra\u00edzes Bistr\u00f4, Quiosque Chuleta, Quiosque Ara\u00fajo, Braseiro, Ateli\u00ea de Del\u00edcias Confeitaria, Drinkiss, Amazing A\u00e7a\u00ed e Sorvetes, Lima Lacerda Emp\u00f3rio e Carnes Especiais do Chef Osmar Ezequiel.<\/p>\n<figure id=\"attachment_9568\" aria-describedby=\"caption-attachment-9568\" style=\"width: 300px\" class=\"wp-caption alignright\"><a href=\"https:\/\/blogs.correiobraziliense.com.br\/lianasabo\/wp-content\/uploads\/sites\/25\/2025\/06\/Sabor-do-Par\u00e1.jpeg\"><img loading=\"lazy\" decoding=\"async\" class=\"size-medium wp-image-9568\" src=\"https:\/\/blogs.correiobraziliense.com.br\/lianasabo\/wp-content\/uploads\/sites\/25\/2025\/06\/Sabor-do-Par\u00e1-300x300.jpeg\" alt=\"\" width=\"300\" height=\"300\" srcset=\"https:\/\/blogs.correiobraziliense.com.br\/lianasabo\/wp-content\/uploads\/sites\/25\/2025\/06\/Sabor-do-Par\u00e1-300x300.jpeg 300w, https:\/\/blogs.correiobraziliense.com.br\/lianasabo\/wp-content\/uploads\/sites\/25\/2025\/06\/Sabor-do-Par\u00e1-150x150.jpeg 150w, https:\/\/blogs.correiobraziliense.com.br\/lianasabo\/wp-content\/uploads\/sites\/25\/2025\/06\/Sabor-do-Par\u00e1-768x768.jpeg 768w, https:\/\/blogs.correiobraziliense.com.br\/lianasabo\/wp-content\/uploads\/sites\/25\/2025\/06\/Sabor-do-Par\u00e1-1024x1024.jpeg 1024w, https:\/\/blogs.correiobraziliense.com.br\/lianasabo\/wp-content\/uploads\/sites\/25\/2025\/06\/Sabor-do-Par\u00e1-800x800.jpeg 800w, https:\/\/blogs.correiobraziliense.com.br\/lianasabo\/wp-content\/uploads\/sites\/25\/2025\/06\/Sabor-do-Par\u00e1-550x550.jpeg 550w, https:\/\/blogs.correiobraziliense.com.br\/lianasabo\/wp-content\/uploads\/sites\/25\/2025\/06\/Sabor-do-Par\u00e1-230x230.jpeg 230w, https:\/\/blogs.correiobraziliense.com.br\/lianasabo\/wp-content\/uploads\/sites\/25\/2025\/06\/Sabor-do-Par\u00e1.jpeg 1080w\" sizes=\"auto, (max-width: 300px) 100vw, 300px\" \/><\/a><figcaption id=\"caption-attachment-9568\" class=\"wp-caption-text\">Cr\u00e9dito: Sabor do Par\u00e1\/Divulga\u00e7\u00e3o<\/figcaption><\/figure>\n<p>A chef Janete apresenta a tradi\u00e7\u00e3o da cozinha maranhense, enquanto \u00c9rika Guimar\u00e3es comanda o quiosque Sabor do Par\u00e1. Para os f\u00e3s de carne, tem a cl\u00e1ssica chuleta com farofa do Quiosque do Chuleta. O card\u00e1pio conta ainda com os caldos especiais da chef Cida no Quiosque do Ara\u00fajo, as carnes suculentas do chef Osmar Ezequiel, os petiscos de boteco do Lima Lacerda e os hamb\u00fargueres artesanais do Braseiro.<\/p>\n<figure id=\"attachment_9565\" aria-describedby=\"caption-attachment-9565\" style=\"width: 225px\" class=\"wp-caption alignleft\"><a href=\"https:\/\/blogs.correiobraziliense.com.br\/lianasabo\/wp-content\/uploads\/sites\/25\/2025\/06\/Ateli\u00ea-de-Del\u00edcias-1.jpeg\"><img loading=\"lazy\" decoding=\"async\" class=\"size-medium wp-image-9565\" src=\"https:\/\/blogs.correiobraziliense.com.br\/lianasabo\/wp-content\/uploads\/sites\/25\/2025\/06\/Ateli\u00ea-de-Del\u00edcias-1-225x300.jpeg\" alt=\"\" width=\"225\" height=\"300\" srcset=\"https:\/\/blogs.correiobraziliense.com.br\/lianasabo\/wp-content\/uploads\/sites\/25\/2025\/06\/Ateli\u00ea-de-Del\u00edcias-1-225x300.jpeg 225w, https:\/\/blogs.correiobraziliense.com.br\/lianasabo\/wp-content\/uploads\/sites\/25\/2025\/06\/Ateli\u00ea-de-Del\u00edcias-1-768x1024.jpeg 768w, https:\/\/blogs.correiobraziliense.com.br\/lianasabo\/wp-content\/uploads\/sites\/25\/2025\/06\/Ateli\u00ea-de-Del\u00edcias-1.jpeg 800w, https:\/\/blogs.correiobraziliense.com.br\/lianasabo\/wp-content\/uploads\/sites\/25\/2025\/06\/Ateli\u00ea-de-Del\u00edcias-1-550x734.jpeg 550w, https:\/\/blogs.correiobraziliense.com.br\/lianasabo\/wp-content\/uploads\/sites\/25\/2025\/06\/Ateli\u00ea-de-Del\u00edcias-1-230x307.jpeg 230w\" sizes=\"auto, (max-width: 225px) 100vw, 225px\" \/><\/a><figcaption id=\"caption-attachment-9565\" class=\"wp-caption-text\">Cr\u00e9dito: Ateli\u00ea de Del\u00edcias\/Divulga\u00e7\u00e3o<\/figcaption><\/figure>\n<p>A chef Maiana Souza, do Ateli\u00ea das Del\u00edcias ficou por conta do doce, com uma sele\u00e7\u00e3o de bolos gelados, docinhos e comidinhas t\u00edpicas de S\u00e3o Jo\u00e3o. A Amazing estar\u00e1 com sorvetes e a\u00e7a\u00eds gourmets. J\u00e1 para quem curte um bom drinque, o espa\u00e7o Drinkiss ter\u00e1 releituras feitas pelo bartender Ricardo Meneses: \u201cConde Dr\u00e1cula\u201d (vers\u00e3o do Negroni), o \u201cEsquim\u00f3\u201d (Moscow Mule) e o \u201cSelinho\u201d, al\u00e9m de cl\u00e1ssicos como mojito e gin t\u00f4nica.<\/p>\n<p>Entre as atra\u00e7\u00f5es musicais nomes como Jota Santos no pop rock ac\u00fastico, Paula Morelly no sertanejo, o suingue do Samba do Valente e o country da banda Ray Titto e os Calabares. Nas pick-ups, o DJ BlackSin garante o ritmo nos intervalos.<\/p>\n<p><strong>SERVI\u00c7O <\/strong><br \/>\n<strong>FestPremium \u2013 O Sabor da Melhor Gastronomia do Distrito Federal e Goi\u00e1s<\/strong><br \/>\n<strong>Local:<\/strong> Outlet Premium (Alex\u00e2nia &#8211; GO)<br \/>\n<strong>Data:<\/strong> 6 a 8 de junho<br \/>\n<strong>Hor\u00e1rio:<\/strong> 9h \u00e0s 21h<\/p>\n","protected":false},"excerpt":{"rendered":"<p>Batizado de FestPremium, evento reunir\u00e1 chefs renomados e marcas consagradas do DF e de Goi\u00e1s<\/p>\n","protected":false},"author":54,"featured_media":9567,"comment_status":"open","ping_status":"open","sticky":false,"template":"","format":"standard","meta":{"footnotes":""},"categories":[426],"tags":[],"class_list":["post-9564","post","type-post","status-publish","format-standard","has-post-thumbnail","hentry","category-festival-gastronomico"],"_links":{"self":[{"href":"https:\/\/blogs.correiobraziliense.com.br\/lianasabo\/wp-json\/wp\/v2\/posts\/9564","targetHints":{"allow":["GET"]}}],"collection":[{"href":"https:\/\/blogs.correiobraziliense.com.br\/lianasabo\/wp-json\/wp\/v2\/posts"}],"about":[{"href":"https:\/\/blogs.correiobraziliense.com.br\/lianasabo\/wp-json\/wp\/v2\/types\/post"}],"author":[{"embeddable":true,"href":"https:\/\/blogs.correiobraziliense.com.br\/lianasabo\/wp-json\/wp\/v2\/users\/54"}],"replies":[{"embeddable":true,"href":"https:\/\/blogs.correiobraziliense.com.br\/lianasabo\/wp-json\/wp\/v2\/comments?post=9564"}],"version-history":[{"count":2,"href":"https:\/\/blogs.correiobraziliense.com.br\/lianasabo\/wp-json\/wp\/v2\/posts\/9564\/revisions"}],"predecessor-version":[{"id":9569,"href":"https:\/\/blogs.correiobraziliense.com.br\/lianasabo\/wp-json\/wp\/v2\/posts\/9564\/revisions\/9569"}],"wp:featuredmedia":[{"embeddable":true,"href":"https:\/\/blogs.correiobraziliense.com.br\/lianasabo\/wp-json\/wp\/v2\/media\/9567"}],"wp:attachment":[{"href":"https:\/\/blogs.correiobraziliense.com.br\/lianasabo\/wp-json\/wp\/v2\/media?parent=9564"}],"wp:term":[{"taxonomy":"category","embeddable":true,"href":"https:\/\/blogs.correiobraziliense.com.br\/lianasabo\/wp-json\/wp\/v2\/categories?post=9564"},{"taxonomy":"post_tag","embeddable":true,"href":"https:\/\/blogs.correiobraziliense.com.br\/lianasabo\/wp-json\/wp\/v2\/tags?post=9564"}],"curies":[{"name":"wp","href":"https:\/\/api.w.org\/{rel}","templated":true}]}}