{"id":9558,"date":"2025-05-30T14:03:14","date_gmt":"2025-05-30T17:03:14","guid":{"rendered":"https:\/\/blogs.correiobraziliense.com.br\/lianasabo\/?p=9558"},"modified":"2025-05-30T14:05:26","modified_gmt":"2025-05-30T17:05:26","slug":"connection-promove-a-terceira-edicao-do-terroirs-do-brasil-em-gramado","status":"publish","type":"post","link":"https:\/\/blogs.correiobraziliense.com.br\/lianasabo\/connection-promove-a-terceira-edicao-do-terroirs-do-brasil-em-gramado\/","title":{"rendered":"Connection promove a terceira edi\u00e7\u00e3o do Terroirs do Brasil em Gramado"},"content":{"rendered":"<p><em>Evento ocorre at\u00e9 1\u00ba de junho com palestras ligadas ao turismo, agroneg\u00f3cio e comunica\u00e7\u00e3o, al\u00e9m de exposi\u00e7\u00e3o de produtos de 51 produtores<\/em><\/p>\n<p>Segundo destino mais visitado no Brasil, a cidade tur\u00edstica ga\u00facha de Gramado recebe o evento Connection, que promove a terceira edi\u00e7\u00e3o do Terroirs do Brasil. Realizado pela Rossi e Zorzanello com correaliza\u00e7\u00e3o do Sebrae dos tr\u00eas estados sulistas \u2013 Rio Grande do Sul, Santa Catarina e Paran\u00e1 \u2013, o evento teve in\u00edcio no \u00faltimo dia 28 e segue at\u00e9 domingo (1\u00ba).<\/p>\n<figure id=\"attachment_9562\" aria-describedby=\"caption-attachment-9562\" style=\"width: 2080px\" class=\"wp-caption aligncenter\"><a href=\"https:\/\/blogs.correiobraziliense.com.br\/lianasabo\/wp-content\/uploads\/sites\/25\/2025\/05\/Abertura-Connection-Anselmo-Cunha-2-1.jpeg\"><img loading=\"lazy\" decoding=\"async\" class=\"size-full wp-image-9562\" src=\"https:\/\/blogs.correiobraziliense.com.br\/lianasabo\/wp-content\/uploads\/sites\/25\/2025\/05\/Abertura-Connection-Anselmo-Cunha-2-1.jpeg\" alt=\"\" width=\"2080\" height=\"1387\" srcset=\"https:\/\/blogs.correiobraziliense.com.br\/lianasabo\/wp-content\/uploads\/sites\/25\/2025\/05\/Abertura-Connection-Anselmo-Cunha-2-1.jpeg 1440w, https:\/\/blogs.correiobraziliense.com.br\/lianasabo\/wp-content\/uploads\/sites\/25\/2025\/05\/Abertura-Connection-Anselmo-Cunha-2-1-300x200.jpeg 300w, https:\/\/blogs.correiobraziliense.com.br\/lianasabo\/wp-content\/uploads\/sites\/25\/2025\/05\/Abertura-Connection-Anselmo-Cunha-2-1-768x512.jpeg 768w, https:\/\/blogs.correiobraziliense.com.br\/lianasabo\/wp-content\/uploads\/sites\/25\/2025\/05\/Abertura-Connection-Anselmo-Cunha-2-1-1024x683.jpeg 1024w, https:\/\/blogs.correiobraziliense.com.br\/lianasabo\/wp-content\/uploads\/sites\/25\/2025\/05\/Abertura-Connection-Anselmo-Cunha-2-1-800x533.jpeg 800w, https:\/\/blogs.correiobraziliense.com.br\/lianasabo\/wp-content\/uploads\/sites\/25\/2025\/05\/Abertura-Connection-Anselmo-Cunha-2-1-550x367.jpeg 550w, https:\/\/blogs.correiobraziliense.com.br\/lianasabo\/wp-content\/uploads\/sites\/25\/2025\/05\/Abertura-Connection-Anselmo-Cunha-2-1-230x153.jpeg 230w\" sizes=\"auto, (max-width: 2080px) 100vw, 2080px\" \/><\/a><figcaption id=\"caption-attachment-9562\" class=\"wp-caption-text\">Cr\u00e9dito: Anselmo Cunha\/Divulga\u00e7\u00e3o<\/figcaption><\/figure>\n<p>Gratuita, a programa\u00e7\u00e3o inclui palestras ligadas ao turismo, agroneg\u00f3cio e comunica\u00e7\u00e3o, exposi\u00e7\u00e3o de produtos de 51 produtores de agroind\u00fastrias e arena gastron\u00f4mica. As atra\u00e7\u00f5es se estendem pela Rua Coberta, Pra\u00e7a Major Nicoletti e Pal\u00e1cio dos Festivais.<\/p>\n<p>O evento serve de vitrine dos produtos provenientes dos terroirs do Brasil, com exposi\u00e7\u00e3o de queijos, vinhos, caf\u00e9, mel e at\u00e9 cer\u00e2mica. Toda a produ\u00e7\u00e3o \u00e9 certificada pelo Instituto Nacional de Propriedade Intelectual (INPI) e tamb\u00e9m conta com o Selo Sabor Ga\u00facho de Agroind\u00fastrias do Rio Grande do Sul. Mais informa\u00e7\u00f5es em: <a href=\"http:\/\/www.connectionexperience.com.br\">www.connectionexperience.com.br<\/a>.<\/p>\n","protected":false},"excerpt":{"rendered":"<p>Evento ocorre at\u00e9 1\u00ba de junho com palestras ligadas ao turismo, agroneg\u00f3cio e comunica\u00e7\u00e3o, al\u00e9m de exposi\u00e7\u00e3o de produtos de 51 produtores<\/p>\n","protected":false},"author":54,"featured_media":9560,"comment_status":"open","ping_status":"open","sticky":false,"template":"","format":"standard","meta":{"footnotes":""},"categories":[201],"tags":[],"class_list":["post-9558","post","type-post","status-publish","format-standard","has-post-thumbnail","hentry","category-festival"],"_links":{"self":[{"href":"https:\/\/blogs.correiobraziliense.com.br\/lianasabo\/wp-json\/wp\/v2\/posts\/9558","targetHints":{"allow":["GET"]}}],"collection":[{"href":"https:\/\/blogs.correiobraziliense.com.br\/lianasabo\/wp-json\/wp\/v2\/posts"}],"about":[{"href":"https:\/\/blogs.correiobraziliense.com.br\/lianasabo\/wp-json\/wp\/v2\/types\/post"}],"author":[{"embeddable":true,"href":"https:\/\/blogs.correiobraziliense.com.br\/lianasabo\/wp-json\/wp\/v2\/users\/54"}],"replies":[{"embeddable":true,"href":"https:\/\/blogs.correiobraziliense.com.br\/lianasabo\/wp-json\/wp\/v2\/comments?post=9558"}],"version-history":[{"count":2,"href":"https:\/\/blogs.correiobraziliense.com.br\/lianasabo\/wp-json\/wp\/v2\/posts\/9558\/revisions"}],"predecessor-version":[{"id":9563,"href":"https:\/\/blogs.correiobraziliense.com.br\/lianasabo\/wp-json\/wp\/v2\/posts\/9558\/revisions\/9563"}],"wp:featuredmedia":[{"embeddable":true,"href":"https:\/\/blogs.correiobraziliense.com.br\/lianasabo\/wp-json\/wp\/v2\/media\/9560"}],"wp:attachment":[{"href":"https:\/\/blogs.correiobraziliense.com.br\/lianasabo\/wp-json\/wp\/v2\/media?parent=9558"}],"wp:term":[{"taxonomy":"category","embeddable":true,"href":"https:\/\/blogs.correiobraziliense.com.br\/lianasabo\/wp-json\/wp\/v2\/categories?post=9558"},{"taxonomy":"post_tag","embeddable":true,"href":"https:\/\/blogs.correiobraziliense.com.br\/lianasabo\/wp-json\/wp\/v2\/tags?post=9558"}],"curies":[{"name":"wp","href":"https:\/\/api.w.org\/{rel}","templated":true}]}}