{"id":9555,"date":"2025-05-30T11:56:59","date_gmt":"2025-05-30T14:56:59","guid":{"rendered":"https:\/\/blogs.correiobraziliense.com.br\/lianasabo\/?p=9555"},"modified":"2025-05-30T11:56:59","modified_gmt":"2025-05-30T14:56:59","slug":"festival-da-cachaca-de-brasilia-entra-na-reta-final-com-shows-oficinas-e-degustacoes-gratuitas","status":"publish","type":"post","link":"https:\/\/blogs.correiobraziliense.com.br\/lianasabo\/festival-da-cachaca-de-brasilia-entra-na-reta-final-com-shows-oficinas-e-degustacoes-gratuitas\/","title":{"rendered":"Festival da Cacha\u00e7a de Bras\u00edlia entra na reta final com shows, oficinas e degusta\u00e7\u00f5es gratuitas"},"content":{"rendered":"<p>A segunda edi\u00e7\u00e3o do Festival da Cacha\u00e7a de Bras\u00edlia entra em seus \u00faltimos dias com uma programa\u00e7\u00e3o intensa e cheia de atra\u00e7\u00f5es culturais e educativas. Realizado no estacionamento da Arena BRB Nilson Nelson, o evento segue at\u00e9 o domingo, 1\u00ba de junho, com entrada gratuita, das 12h30 \u00e0s 23h. S\u00e3o mais de 600 r\u00f3tulos dispon\u00edveis para degusta\u00e7\u00e3o e 88 expositores em um espa\u00e7o que\u00a0ocupa mais de dois mil metros quadrados.<\/p>\n<p>Nesta sexta-feira (30\/5), o destaque da programa\u00e7\u00e3o\u00a0s\u00e3o as palestras e oficinas: &#8220;Cacha\u00e7a e Gastronomia&#8221;; &#8220;Cacha\u00e7a na Coquetelaria: Do cl\u00e1ssico ao gourmet&#8221; e &#8220;Cacha\u00e7a Classic &#8211; Edi\u00e7\u00e3o Bras\u00edlia&#8221;.\u00a0No s\u00e1bado (31), tem a mesa redonda &#8220;Entre Amigos e Cacha\u00e7a: O Papel das Confrarias na Cultura do Destilado&#8221; e a oficina &#8220;Como Valorizar a Cacha\u00e7a no Mercado Brasileiro&#8221;. J\u00e1 no domingo (1\u00ba\/6), a oficina do dia \u00e9\u00a0&#8220;Degusta\u00e7\u00e3o de Cacha\u00e7a: Descubra os Sabores e Aromas da Bebida Brasileira&#8221;.<\/p>\n<p><strong>SERVI\u00c7O<\/strong><br \/>\n<strong>Festival da Cacha\u00e7a de Bras\u00edlia<\/strong><br \/>\n<strong>Data:<\/strong> At\u00e9 1\u00ba de junho, das 12h30 \u00e0s 23h<br \/>\n<strong>Local:<\/strong> Estacionamento da Arena BRB Nilson Nelson<br \/>\n<strong>Ingresso:<\/strong> Entrada gratuita<\/p>\n","protected":false},"excerpt":{"rendered":"<p>A segunda edi\u00e7\u00e3o do Festival da Cacha\u00e7a de Bras\u00edlia entra em seus \u00faltimos dias com uma programa\u00e7\u00e3o intensa e cheia de atra\u00e7\u00f5es culturais e educativas. Realizado no estacionamento da Arena BRB Nilson Nelson, o evento segue at\u00e9 o domingo, 1\u00ba de junho, com entrada gratuita, das 12h30 \u00e0s 23h. S\u00e3o mais de 600 r\u00f3tulos dispon\u00edveis para degusta\u00e7\u00e3o e 88 expositores [&hellip;]<\/p>\n","protected":false},"author":54,"featured_media":9556,"comment_status":"open","ping_status":"open","sticky":false,"template":"","format":"standard","meta":{"footnotes":""},"categories":[1],"tags":[1087],"class_list":["post-9555","post","type-post","status-publish","format-standard","has-post-thumbnail","hentry","category-sem-categoria","tag-festival-da-cachaca-de-brasilia"],"_links":{"self":[{"href":"https:\/\/blogs.correiobraziliense.com.br\/lianasabo\/wp-json\/wp\/v2\/posts\/9555","targetHints":{"allow":["GET"]}}],"collection":[{"href":"https:\/\/blogs.correiobraziliense.com.br\/lianasabo\/wp-json\/wp\/v2\/posts"}],"about":[{"href":"https:\/\/blogs.correiobraziliense.com.br\/lianasabo\/wp-json\/wp\/v2\/types\/post"}],"author":[{"embeddable":true,"href":"https:\/\/blogs.correiobraziliense.com.br\/lianasabo\/wp-json\/wp\/v2\/users\/54"}],"replies":[{"embeddable":true,"href":"https:\/\/blogs.correiobraziliense.com.br\/lianasabo\/wp-json\/wp\/v2\/comments?post=9555"}],"version-history":[{"count":1,"href":"https:\/\/blogs.correiobraziliense.com.br\/lianasabo\/wp-json\/wp\/v2\/posts\/9555\/revisions"}],"predecessor-version":[{"id":9557,"href":"https:\/\/blogs.correiobraziliense.com.br\/lianasabo\/wp-json\/wp\/v2\/posts\/9555\/revisions\/9557"}],"wp:featuredmedia":[{"embeddable":true,"href":"https:\/\/blogs.correiobraziliense.com.br\/lianasabo\/wp-json\/wp\/v2\/media\/9556"}],"wp:attachment":[{"href":"https:\/\/blogs.correiobraziliense.com.br\/lianasabo\/wp-json\/wp\/v2\/media?parent=9555"}],"wp:term":[{"taxonomy":"category","embeddable":true,"href":"https:\/\/blogs.correiobraziliense.com.br\/lianasabo\/wp-json\/wp\/v2\/categories?post=9555"},{"taxonomy":"post_tag","embeddable":true,"href":"https:\/\/blogs.correiobraziliense.com.br\/lianasabo\/wp-json\/wp\/v2\/tags?post=9555"}],"curies":[{"name":"wp","href":"https:\/\/api.w.org\/{rel}","templated":true}]}}