{"id":9521,"date":"2025-05-16T11:07:09","date_gmt":"2025-05-16T14:07:09","guid":{"rendered":"https:\/\/blogs.correiobraziliense.com.br\/lianasabo\/?p=9521"},"modified":"2025-05-16T18:35:41","modified_gmt":"2025-05-16T21:35:41","slug":"festival-brasil-sabor-chega-a-19a-edicao-em-brasilia-com-participacao-de-59-participantes","status":"publish","type":"post","link":"https:\/\/blogs.correiobraziliense.com.br\/lianasabo\/festival-brasil-sabor-chega-a-19a-edicao-em-brasilia-com-participacao-de-59-participantes\/","title":{"rendered":"Festival Brasil Sabor chega \u00e0 19\u00aa edi\u00e7\u00e3o em Bras\u00edlia com participa\u00e7\u00e3o de 59 participantes"},"content":{"rendered":"<p><em>A nova edi\u00e7\u00e3o come\u00e7ou na \u00faltima quinta-feira (15\/5) e segue at\u00e9 1\u00ba de junho na capital<\/em><\/p>\n<p>O Festival Brasil Sabor est\u00e1 de volta a Bras\u00edlia. Realizado pela Abrasel, o evento chegou a 19\u00aa edi\u00e7\u00e3o com a participa\u00e7\u00e3o de 59 estabelecimentos do Distrito Federal. Iniciado na \u00faltima quinta-feira (15\/5), o festival segue at\u00e9 1\u00ba de junho com o tema &#8220;A Celebra\u00e7\u00e3o da Cozinha Brasileira&#8221;.<\/p>\n<p>Durante o per\u00edodo, os restaurantes participantes oferecem pratos exclusivos a pre\u00e7os promocionais que variam entre R$ 39, R$ 59, R$ 79 e R$ 99. Todos s\u00e3o incentivados a usarem t\u00e9cnicas e ingredientes regionais ressaltando a autenticidade da culin\u00e1ria brasileira.<\/p>\n<p><strong>SERVI\u00c7O<\/strong><br \/>\n<strong>Festival Brasil Sabor<\/strong><br \/>\nDatas: At\u00e9 1\u00ba de junho<br \/>\nInforma\u00e7\u00f5es: <a href=\"http:\/\/www.brasilsabor.com.br\/restaurantes-participantes\/distrito-federal\/brasilia-df\/\">www.brasilsabor.com.br\/restaurantes-participantes\/distrito-federal\/brasilia-df\/<\/a>.<\/p>\n","protected":false},"excerpt":{"rendered":"<p>A nova edi\u00e7\u00e3o come\u00e7ou na \u00faltima quinta-feira (15\/5) e segue at\u00e9 1\u00ba de maio na capital<\/p>\n","protected":false},"author":54,"featured_media":9522,"comment_status":"open","ping_status":"open","sticky":false,"template":"","format":"standard","meta":{"footnotes":""},"categories":[201],"tags":[32],"class_list":["post-9521","post","type-post","status-publish","format-standard","has-post-thumbnail","hentry","category-festival","tag-festival-brasil-sabor"],"_links":{"self":[{"href":"https:\/\/blogs.correiobraziliense.com.br\/lianasabo\/wp-json\/wp\/v2\/posts\/9521","targetHints":{"allow":["GET"]}}],"collection":[{"href":"https:\/\/blogs.correiobraziliense.com.br\/lianasabo\/wp-json\/wp\/v2\/posts"}],"about":[{"href":"https:\/\/blogs.correiobraziliense.com.br\/lianasabo\/wp-json\/wp\/v2\/types\/post"}],"author":[{"embeddable":true,"href":"https:\/\/blogs.correiobraziliense.com.br\/lianasabo\/wp-json\/wp\/v2\/users\/54"}],"replies":[{"embeddable":true,"href":"https:\/\/blogs.correiobraziliense.com.br\/lianasabo\/wp-json\/wp\/v2\/comments?post=9521"}],"version-history":[{"count":4,"href":"https:\/\/blogs.correiobraziliense.com.br\/lianasabo\/wp-json\/wp\/v2\/posts\/9521\/revisions"}],"predecessor-version":[{"id":9526,"href":"https:\/\/blogs.correiobraziliense.com.br\/lianasabo\/wp-json\/wp\/v2\/posts\/9521\/revisions\/9526"}],"wp:featuredmedia":[{"embeddable":true,"href":"https:\/\/blogs.correiobraziliense.com.br\/lianasabo\/wp-json\/wp\/v2\/media\/9522"}],"wp:attachment":[{"href":"https:\/\/blogs.correiobraziliense.com.br\/lianasabo\/wp-json\/wp\/v2\/media?parent=9521"}],"wp:term":[{"taxonomy":"category","embeddable":true,"href":"https:\/\/blogs.correiobraziliense.com.br\/lianasabo\/wp-json\/wp\/v2\/categories?post=9521"},{"taxonomy":"post_tag","embeddable":true,"href":"https:\/\/blogs.correiobraziliense.com.br\/lianasabo\/wp-json\/wp\/v2\/tags?post=9521"}],"curies":[{"name":"wp","href":"https:\/\/api.w.org\/{rel}","templated":true}]}}