{"id":9496,"date":"2025-05-14T17:24:06","date_gmt":"2025-05-14T20:24:06","guid":{"rendered":"https:\/\/blogs.correiobraziliense.com.br\/lianasabo\/?p=9496"},"modified":"2025-05-14T17:24:06","modified_gmt":"2025-05-14T20:24:06","slug":"conheca-os-vencedores-da-primeira-edicao-do-premio-cna-brasil-artesanal-de-geleia","status":"publish","type":"post","link":"https:\/\/blogs.correiobraziliense.com.br\/lianasabo\/conheca-os-vencedores-da-primeira-edicao-do-premio-cna-brasil-artesanal-de-geleia\/","title":{"rendered":"Conhe\u00e7a os vencedores da primeira edi\u00e7\u00e3o do Pr\u00eamio CNA Brasil Artesanal de Geleia"},"content":{"rendered":"<p><em>Os ganhadores foram revelados pela CNA durante solenidade na ter\u00e7a-feira (13\/5)<\/em><\/p>\n<p>A Confedera\u00e7\u00e3o da Agricultura e Pecu\u00e1ria do Brasil (CNA) divulgou, na ter\u00e7a (13), os vencedores da primeira edi\u00e7\u00e3o do Pr\u00eamio CNA Brasil Artesanal de Geleia. Dividido em duas categorias, o concurso selecionou os cinco melhores produtos em cada grupo, avaliados por um j\u00fari t\u00e9cnico e pelo j\u00fari popular.<\/p>\n<figure id=\"attachment_9499\" aria-describedby=\"caption-attachment-9499\" style=\"width: 799px\" class=\"wp-caption aligncenter\"><a href=\"https:\/\/blogs.correiobraziliense.com.br\/lianasabo\/wp-content\/uploads\/sites\/25\/2025\/05\/54518119009_ab3e5a2b0e_c.jpg\"><img loading=\"lazy\" decoding=\"async\" class=\"size-full wp-image-9499\" src=\"https:\/\/blogs.correiobraziliense.com.br\/lianasabo\/wp-content\/uploads\/sites\/25\/2025\/05\/54518119009_ab3e5a2b0e_c.jpg\" alt=\"\" width=\"799\" height=\"533\" srcset=\"https:\/\/blogs.correiobraziliense.com.br\/lianasabo\/wp-content\/uploads\/sites\/25\/2025\/05\/54518119009_ab3e5a2b0e_c.jpg 799w, https:\/\/blogs.correiobraziliense.com.br\/lianasabo\/wp-content\/uploads\/sites\/25\/2025\/05\/54518119009_ab3e5a2b0e_c-300x200.jpg 300w, https:\/\/blogs.correiobraziliense.com.br\/lianasabo\/wp-content\/uploads\/sites\/25\/2025\/05\/54518119009_ab3e5a2b0e_c-768x512.jpg 768w, https:\/\/blogs.correiobraziliense.com.br\/lianasabo\/wp-content\/uploads\/sites\/25\/2025\/05\/54518119009_ab3e5a2b0e_c-550x367.jpg 550w, https:\/\/blogs.correiobraziliense.com.br\/lianasabo\/wp-content\/uploads\/sites\/25\/2025\/05\/54518119009_ab3e5a2b0e_c-230x153.jpg 230w\" sizes=\"auto, (max-width: 799px) 100vw, 799px\" \/><\/a><figcaption id=\"caption-attachment-9499\" class=\"wp-caption-text\">Cr\u00e9dito: Wenderson Ara\u00fajo\/Divulga\u00e7\u00e3o<\/figcaption><\/figure>\n<p>No grupo de geleia simples, o primeiro lugar foi para a Casa Piovene, de Gramado (RS), com a geleia de bergamota. Em segundo lugar, ficou a Fazenda Bacuri, de Bragan\u00e7a (PA), com a geleia de bacuri org\u00e2nico. A terceira posi\u00e7\u00e3o foi para L\u00e9ia Fardin, Doces Artesanais Caseiros, de Santa Rita do Passa Quatro (SP), com a geleia de laranja. O quarto lugar foi a Geleias da Bisa, de Porto Alegre (RS), com sabor de p\u00eassego, e a quinta posi\u00e7\u00e3o ficou com a Geleias Bachmann Artesanal, de Rio do Sul (SC), com a geleia de figo.<\/p>\n<p>J\u00e1 a categoria de geleias mistas teve como vencedora as Geleias Do Rancho, de Formiga (MG), com a combina\u00e7\u00e3o de abacaxi com pimenta. A segunda colocada foi, mais uma vez, a Fazenda Bacuri, com a geleia de cupua\u00e7u com pimenta org\u00e2nica. Em terceiro lugar ficou a Geleias DaJ\u00f4, de Estreito (MA), tamb\u00e9m com a mistura de abacaxi com pimenta. O quarto lugar foi para a Geleia De La Guardia, de Santo \u00c2ngelo (RS), com a geleia de buti\u00e1 com cacha\u00e7a, e o quinto para a Clamar Geleias Artesanais, de Jundia\u00ed (SP), com a geleia de caju com pimenta.<\/p>\n<figure id=\"attachment_9498\" aria-describedby=\"caption-attachment-9498\" style=\"width: 799px\" class=\"wp-caption aligncenter\"><a href=\"https:\/\/blogs.correiobraziliense.com.br\/lianasabo\/wp-content\/uploads\/sites\/25\/2025\/05\/54518191873_8005aeddcd_c.jpg\"><img loading=\"lazy\" decoding=\"async\" class=\"size-full wp-image-9498\" src=\"https:\/\/blogs.correiobraziliense.com.br\/lianasabo\/wp-content\/uploads\/sites\/25\/2025\/05\/54518191873_8005aeddcd_c.jpg\" alt=\"\" width=\"799\" height=\"533\" srcset=\"https:\/\/blogs.correiobraziliense.com.br\/lianasabo\/wp-content\/uploads\/sites\/25\/2025\/05\/54518191873_8005aeddcd_c.jpg 799w, https:\/\/blogs.correiobraziliense.com.br\/lianasabo\/wp-content\/uploads\/sites\/25\/2025\/05\/54518191873_8005aeddcd_c-300x200.jpg 300w, https:\/\/blogs.correiobraziliense.com.br\/lianasabo\/wp-content\/uploads\/sites\/25\/2025\/05\/54518191873_8005aeddcd_c-768x512.jpg 768w, https:\/\/blogs.correiobraziliense.com.br\/lianasabo\/wp-content\/uploads\/sites\/25\/2025\/05\/54518191873_8005aeddcd_c-550x367.jpg 550w, https:\/\/blogs.correiobraziliense.com.br\/lianasabo\/wp-content\/uploads\/sites\/25\/2025\/05\/54518191873_8005aeddcd_c-230x153.jpg 230w\" sizes=\"auto, (max-width: 799px) 100vw, 799px\" \/><\/a><figcaption id=\"caption-attachment-9498\" class=\"wp-caption-text\">Cr\u00e9dito: Wenderson Ara\u00fajo\/Divulga\u00e7\u00e3o<\/figcaption><\/figure>\n<p>O Pr\u00eamio CNA Brasil Artesanal \u00e9 realizado desde 2019 e j\u00e1 reconheceu produtores de chocolates, queijos, salames, cacha\u00e7as, charcutaria, azeites, vinhos e caf\u00e9s especiais. As inscri\u00e7\u00f5es para a edi\u00e7\u00e3o dedicada \u00e0 cerveja artesanal j\u00e1 est\u00e3o abertas.<\/p>\n","protected":false},"excerpt":{"rendered":"<p>Os ganhadores foram revelados pela CNA durante solenidade na ter\u00e7a-feira (13\/5)<\/p>\n","protected":false},"author":54,"featured_media":9497,"comment_status":"open","ping_status":"open","sticky":false,"template":"","format":"standard","meta":{"footnotes":""},"categories":[754],"tags":[1298,1297],"class_list":["post-9496","post","type-post","status-publish","format-standard","has-post-thumbnail","hentry","category-premio","tag-geleia","tag-premio-cna-brasil"],"_links":{"self":[{"href":"https:\/\/blogs.correiobraziliense.com.br\/lianasabo\/wp-json\/wp\/v2\/posts\/9496","targetHints":{"allow":["GET"]}}],"collection":[{"href":"https:\/\/blogs.correiobraziliense.com.br\/lianasabo\/wp-json\/wp\/v2\/posts"}],"about":[{"href":"https:\/\/blogs.correiobraziliense.com.br\/lianasabo\/wp-json\/wp\/v2\/types\/post"}],"author":[{"embeddable":true,"href":"https:\/\/blogs.correiobraziliense.com.br\/lianasabo\/wp-json\/wp\/v2\/users\/54"}],"replies":[{"embeddable":true,"href":"https:\/\/blogs.correiobraziliense.com.br\/lianasabo\/wp-json\/wp\/v2\/comments?post=9496"}],"version-history":[{"count":1,"href":"https:\/\/blogs.correiobraziliense.com.br\/lianasabo\/wp-json\/wp\/v2\/posts\/9496\/revisions"}],"predecessor-version":[{"id":9500,"href":"https:\/\/blogs.correiobraziliense.com.br\/lianasabo\/wp-json\/wp\/v2\/posts\/9496\/revisions\/9500"}],"wp:featuredmedia":[{"embeddable":true,"href":"https:\/\/blogs.correiobraziliense.com.br\/lianasabo\/wp-json\/wp\/v2\/media\/9497"}],"wp:attachment":[{"href":"https:\/\/blogs.correiobraziliense.com.br\/lianasabo\/wp-json\/wp\/v2\/media?parent=9496"}],"wp:term":[{"taxonomy":"category","embeddable":true,"href":"https:\/\/blogs.correiobraziliense.com.br\/lianasabo\/wp-json\/wp\/v2\/categories?post=9496"},{"taxonomy":"post_tag","embeddable":true,"href":"https:\/\/blogs.correiobraziliense.com.br\/lianasabo\/wp-json\/wp\/v2\/tags?post=9496"}],"curies":[{"name":"wp","href":"https:\/\/api.w.org\/{rel}","templated":true}]}}