{"id":9488,"date":"2025-05-13T06:08:21","date_gmt":"2025-05-13T09:08:21","guid":{"rendered":"https:\/\/blogs.correiobraziliense.com.br\/lianasabo\/?p=9488"},"modified":"2025-05-13T10:16:16","modified_gmt":"2025-05-13T13:16:16","slug":"vinho-malbec-argentino-tem-um-dia-para-chamar-de-seu","status":"publish","type":"post","link":"https:\/\/blogs.correiobraziliense.com.br\/lianasabo\/vinho-malbec-argentino-tem-um-dia-para-chamar-de-seu\/","title":{"rendered":"Vinho Malbec argentino tem um dia para chamar de seu"},"content":{"rendered":"<p>De um vinho bom costuma-se dizer que ele \u201ccaptura a fruta\u201d. No caso do Malbec, pode-se acrescentar que \u201ccaptura a eleg\u00e2ncia\u201d, j\u00e1 que a uva nasceu na Fran\u00e7a. Foi no s\u00e9culo 19 que a Auxerrois ou C\u00f4t da regi\u00e3o do Cahors foi levada \u00e0 Argentina pelo franc\u00eas Miguel Pouget. L\u00e1 a tinta francesa batizada de Malbec encontrou sua melhor express\u00e3o em Mendoza.<\/p>\n<p>No in\u00edcio, o vinho de Malbec era empregado para corte misturado com Bonarda, ent\u00e3o preferido dos argentinos. Com o tempo, por\u00e9m, alcan\u00e7ou o respeito e o reconhecimento internacional. Bons resultados na vinifica\u00e7\u00e3o deram-lhe complexidade de aromas, boa persist\u00eancia, tanicidade n\u00edtida, equil\u00edbrio e textura suave. E hoje \u00e9 uma unanimidade a ponto de ter um dia para chamar de seu.<\/p>\n<figure id=\"attachment_9494\" aria-describedby=\"caption-attachment-9494\" style=\"width: 800px\" class=\"wp-caption aligncenter\"><a href=\"https:\/\/blogs.correiobraziliense.com.br\/lianasabo\/wp-content\/uploads\/sites\/25\/2025\/05\/WhatsApp-Image-2025-05-12-at-22.39.15-1-1.jpeg\"><img loading=\"lazy\" decoding=\"async\" class=\"size-full wp-image-9494\" src=\"https:\/\/blogs.correiobraziliense.com.br\/lianasabo\/wp-content\/uploads\/sites\/25\/2025\/05\/WhatsApp-Image-2025-05-12-at-22.39.15-1-1.jpeg\" alt=\"\" width=\"800\" height=\"618\" srcset=\"https:\/\/blogs.correiobraziliense.com.br\/lianasabo\/wp-content\/uploads\/sites\/25\/2025\/05\/WhatsApp-Image-2025-05-12-at-22.39.15-1-1.jpeg 800w, https:\/\/blogs.correiobraziliense.com.br\/lianasabo\/wp-content\/uploads\/sites\/25\/2025\/05\/WhatsApp-Image-2025-05-12-at-22.39.15-1-1-300x232.jpeg 300w, https:\/\/blogs.correiobraziliense.com.br\/lianasabo\/wp-content\/uploads\/sites\/25\/2025\/05\/WhatsApp-Image-2025-05-12-at-22.39.15-1-1-768x593.jpeg 768w, https:\/\/blogs.correiobraziliense.com.br\/lianasabo\/wp-content\/uploads\/sites\/25\/2025\/05\/WhatsApp-Image-2025-05-12-at-22.39.15-1-1-550x425.jpeg 550w, https:\/\/blogs.correiobraziliense.com.br\/lianasabo\/wp-content\/uploads\/sites\/25\/2025\/05\/WhatsApp-Image-2025-05-12-at-22.39.15-1-1-230x178.jpeg 230w\" sizes=\"auto, (max-width: 800px) 100vw, 800px\" \/><\/a><figcaption id=\"caption-attachment-9494\" class=\"wp-caption-text\">Embaixadora da UE sra. Marian Schuegraf, A de vermelho \u00e9 a embaixadora da Eslov\u00eania, Mateja Kra\u010dun, embaixadora Aminata Sana Congo de Burkina Faso, ao meio o anfitri\u00e3o Embaixador Sr Daniel Raimondi, Embaixadora Johanna Karanko da Finl\u00e2ndia e embaixadora da Su\u00e9cia Karin Wallesteen. Cr\u00e9dito: Embaixada Da Argentina\/Divulga\u00e7\u00e3o<\/figcaption><\/figure>\n<p>O Dia Mundial do Malbec (DMM) teve sua primeira edi\u00e7\u00e3o realizada em 17 de abril de 2011. De l\u00e1 para c\u00e1, todos os anos a data \u00e9 comemorada em um evento de repercuss\u00e3o global. \u201cGra\u00e7as \u00e0 contribui\u00e7\u00e3o de winemakers e produtores argentinos, a celebra\u00e7\u00e3o se aprimorou ao longo dos anos levando a Argentina a produzir os melhores Malbecs de sua hist\u00f3ria\u201d, ressalta o setor de divulga\u00e7\u00e3o da embaixada do pa\u00eds vizinho, que h\u00e1 um ano \u00e9 comandada pelo embaixador Daniel Raimondi.<\/p>\n<figure id=\"attachment_9491\" aria-describedby=\"caption-attachment-9491\" style=\"width: 225px\" class=\"wp-caption alignleft\"><a href=\"https:\/\/blogs.correiobraziliense.com.br\/lianasabo\/wp-content\/uploads\/sites\/25\/2025\/05\/WhatsApp-Image-2025-05-12-at-22.41.16-1.jpeg\"><img loading=\"lazy\" decoding=\"async\" class=\"size-medium wp-image-9491\" src=\"https:\/\/blogs.correiobraziliense.com.br\/lianasabo\/wp-content\/uploads\/sites\/25\/2025\/05\/WhatsApp-Image-2025-05-12-at-22.41.16-1-225x300.jpeg\" alt=\"\" width=\"225\" height=\"300\" srcset=\"https:\/\/blogs.correiobraziliense.com.br\/lianasabo\/wp-content\/uploads\/sites\/25\/2025\/05\/WhatsApp-Image-2025-05-12-at-22.41.16-1-225x300.jpeg 225w, https:\/\/blogs.correiobraziliense.com.br\/lianasabo\/wp-content\/uploads\/sites\/25\/2025\/05\/WhatsApp-Image-2025-05-12-at-22.41.16-1-768x1024.jpeg 768w, https:\/\/blogs.correiobraziliense.com.br\/lianasabo\/wp-content\/uploads\/sites\/25\/2025\/05\/WhatsApp-Image-2025-05-12-at-22.41.16-1.jpeg 800w, https:\/\/blogs.correiobraziliense.com.br\/lianasabo\/wp-content\/uploads\/sites\/25\/2025\/05\/WhatsApp-Image-2025-05-12-at-22.41.16-1-550x734.jpeg 550w, https:\/\/blogs.correiobraziliense.com.br\/lianasabo\/wp-content\/uploads\/sites\/25\/2025\/05\/WhatsApp-Image-2025-05-12-at-22.41.16-1-230x307.jpeg 230w\" sizes=\"auto, (max-width: 225px) 100vw, 225px\" \/><\/a><figcaption id=\"caption-attachment-9491\" class=\"wp-caption-text\">Estande da Porto a Porto que vende vinhos da bodega Argentina Alambrado. Cr\u00e9dito: Embaixada Da Argentina\/Divulga\u00e7\u00e3o<\/figcaption><\/figure>\n<p>O Brasil \u00e9 um dos principais mercados para o vinho argentino, cuja exporta\u00e7\u00e3o em 2024 ultrapassou 100 milh\u00f5es de d\u00f3lares, com um crescimento de 61% nos \u00faltimos dez anos. Pelo menos oito vin\u00edcolas argentinas participaram da comemora\u00e7\u00e3o do DMO realizada no dia 30 de abril na embaixada argentina, a saber: Bodegas Lopez (fundada em 1898, a mais antiga de Mendoza, agora no portf\u00f3lio da Del Maipo) Casarena, Alambrado (cliente da importadora Porto a Porto), Pascual Toso, Penedo Borges (destaque para o Malbec branco trazido pela Rota do Vinho), Susana Balbo, Trapiche e Trivento.<\/p>\n","protected":false},"excerpt":{"rendered":"<p>De um vinho bom costuma-se dizer que ele \u201ccaptura a fruta\u201d. No caso do Malbec, pode-se acrescentar que \u201ccaptura a eleg\u00e2ncia\u201d, j\u00e1 que a uva nasceu na Fran\u00e7a. Foi no s\u00e9culo 19 que a Auxerrois ou C\u00f4t da regi\u00e3o do Cahors foi levada \u00e0 Argentina pelo franc\u00eas Miguel Pouget. L\u00e1 a tinta francesa batizada de Malbec encontrou sua melhor express\u00e3o [&hellip;]<\/p>\n","protected":false},"author":54,"featured_media":9493,"comment_status":"open","ping_status":"open","sticky":false,"template":"","format":"standard","meta":{"footnotes":""},"categories":[222],"tags":[1023,92],"class_list":["post-9488","post","type-post","status-publish","format-standard","has-post-thumbnail","hentry","category-vinhos","tag-malbec","tag-vinho"],"_links":{"self":[{"href":"https:\/\/blogs.correiobraziliense.com.br\/lianasabo\/wp-json\/wp\/v2\/posts\/9488","targetHints":{"allow":["GET"]}}],"collection":[{"href":"https:\/\/blogs.correiobraziliense.com.br\/lianasabo\/wp-json\/wp\/v2\/posts"}],"about":[{"href":"https:\/\/blogs.correiobraziliense.com.br\/lianasabo\/wp-json\/wp\/v2\/types\/post"}],"author":[{"embeddable":true,"href":"https:\/\/blogs.correiobraziliense.com.br\/lianasabo\/wp-json\/wp\/v2\/users\/54"}],"replies":[{"embeddable":true,"href":"https:\/\/blogs.correiobraziliense.com.br\/lianasabo\/wp-json\/wp\/v2\/comments?post=9488"}],"version-history":[{"count":3,"href":"https:\/\/blogs.correiobraziliense.com.br\/lianasabo\/wp-json\/wp\/v2\/posts\/9488\/revisions"}],"predecessor-version":[{"id":9495,"href":"https:\/\/blogs.correiobraziliense.com.br\/lianasabo\/wp-json\/wp\/v2\/posts\/9488\/revisions\/9495"}],"wp:featuredmedia":[{"embeddable":true,"href":"https:\/\/blogs.correiobraziliense.com.br\/lianasabo\/wp-json\/wp\/v2\/media\/9493"}],"wp:attachment":[{"href":"https:\/\/blogs.correiobraziliense.com.br\/lianasabo\/wp-json\/wp\/v2\/media?parent=9488"}],"wp:term":[{"taxonomy":"category","embeddable":true,"href":"https:\/\/blogs.correiobraziliense.com.br\/lianasabo\/wp-json\/wp\/v2\/categories?post=9488"},{"taxonomy":"post_tag","embeddable":true,"href":"https:\/\/blogs.correiobraziliense.com.br\/lianasabo\/wp-json\/wp\/v2\/tags?post=9488"}],"curies":[{"name":"wp","href":"https:\/\/api.w.org\/{rel}","templated":true}]}}