{"id":9483,"date":"2025-05-12T17:58:06","date_gmt":"2025-05-12T20:58:06","guid":{"rendered":"https:\/\/blogs.correiobraziliense.com.br\/lianasabo\/?p=9483"},"modified":"2025-05-12T17:58:06","modified_gmt":"2025-05-12T20:58:06","slug":"shopping-abraca-vocacao-gastronomica-com-tres-eventos-do-segmento","status":"publish","type":"post","link":"https:\/\/blogs.correiobraziliense.com.br\/lianasabo\/shopping-abraca-vocacao-gastronomica-com-tres-eventos-do-segmento\/","title":{"rendered":"Shopping abra\u00e7a voca\u00e7\u00e3o gastron\u00f4mica com tr\u00eas eventos do segmento"},"content":{"rendered":"<p><em>Saiba mais sobre a programa\u00e7\u00e3o culin\u00e1ria que domina o estabelecimento neste m\u00eas de maio<\/em><\/p>\n<p>O shopping mais bonito da cidade, inaugurado no ano 2000, al\u00e9m de centro de m\u00f3veis de design tem uma forte voca\u00e7\u00e3o gastron\u00f4mica. Em maio, o Casapark abra\u00e7a veia com tr\u00eas eventos voltados \u00e0 culin\u00e1ria para o p\u00fablico. A programa\u00e7\u00e3o come\u00e7a no dia 15 e segue at\u00e9 o final do m\u00eas.<\/p>\n<p>Na pr\u00f3xima quinta-feira (15\/5), a Casa Baco recebe uma nova temporada do evento <strong>Casa Baco Music Festival<\/strong>, que promove um encontro de sabores regionais, m\u00fasica e cultura com atra\u00e7\u00f5es at\u00e9 setembro, sempre das 19h30 \u00e0s 21h30.<\/p>\n<p>A primeira edi\u00e7\u00e3o de 2025 ter\u00e1 show do trio composto por Tico de Moraes (voz e guitarrista), Misael Barros (bateria) e Alexander Raichenok (saxofone e teclado). Em meio \u00e0 m\u00fasica, o p\u00fablico poder\u00e1 apreciar ta\u00e7as de vinhos e petiscos, como p\u00e3es de queijo canastra e sele\u00e7\u00e3o de queijos nacionais brasileiros. Al\u00e9m disso, o evento ter\u00e1 ainda o lan\u00e7amento do livro <em>Prato Feito<\/em>, de Simone Pontes, que traz um retrato da culin\u00e1ria brasileira. A obra ser\u00e1 distribu\u00edda gratuitamente no evento.<\/p>\n<p><strong>Feira gastron\u00f4mica<\/strong><\/p>\n<figure id=\"attachment_9485\" aria-describedby=\"caption-attachment-9485\" style=\"width: 800px\" class=\"wp-caption aligncenter\"><a href=\"https:\/\/blogs.correiobraziliense.com.br\/lianasabo\/wp-content\/uploads\/sites\/25\/2025\/05\/IMG_9765-1.jpg\"><img loading=\"lazy\" decoding=\"async\" class=\"size-full wp-image-9485\" src=\"https:\/\/blogs.correiobraziliense.com.br\/lianasabo\/wp-content\/uploads\/sites\/25\/2025\/05\/IMG_9765-1.jpg\" alt=\"\" width=\"800\" height=\"533\" srcset=\"https:\/\/blogs.correiobraziliense.com.br\/lianasabo\/wp-content\/uploads\/sites\/25\/2025\/05\/IMG_9765-1.jpg 800w, https:\/\/blogs.correiobraziliense.com.br\/lianasabo\/wp-content\/uploads\/sites\/25\/2025\/05\/IMG_9765-1-300x200.jpg 300w, https:\/\/blogs.correiobraziliense.com.br\/lianasabo\/wp-content\/uploads\/sites\/25\/2025\/05\/IMG_9765-1-768x512.jpg 768w, https:\/\/blogs.correiobraziliense.com.br\/lianasabo\/wp-content\/uploads\/sites\/25\/2025\/05\/IMG_9765-1-550x366.jpg 550w, https:\/\/blogs.correiobraziliense.com.br\/lianasabo\/wp-content\/uploads\/sites\/25\/2025\/05\/IMG_9765-1-230x153.jpg 230w\" sizes=\"auto, (max-width: 800px) 100vw, 800px\" \/><\/a><figcaption id=\"caption-attachment-9485\" class=\"wp-caption-text\">Cr\u00e9dito: Panela Candanga\/Divulga\u00e7\u00e3o<\/figcaption><\/figure>\n<p>Tamb\u00e9m na quinta-feira (15) tem in\u00edcio outro evento no Casapark. A 19\u00aa edi\u00e7\u00e3o da <strong>Feira Panela Candanga<\/strong> segue at\u00e9 domingo (18) com op\u00e7\u00f5es variadas de comidas, bebidas, atra\u00e7\u00f5es art\u00edsticas e oficinas infantis e culin\u00e1rias. No s\u00e1bado, ocorre a aula kids Enfeitando paninhos de prato. No domingo ser\u00e1 feita a aula show Panifica\u00e7\u00e3o b\u00e1sica sem gl\u00faten. Inscri\u00e7\u00e3o pelo site <a href=\"https:\/\/www.sympla.com.br\/evento\/19-feira-panela-candanga\/2946929?referrer=www.google.com\">Sympla<\/a>.<\/p>\n<p>Participam como expositores Adriana Prado P\u00e3es e Doces sem Gl\u00faten, Amanda Marchi Confeitaria, Api\u00e1rios dos Sonhos, Apu\u00e3 Gin, Capital Emp\u00f3rio Queijos Artesanais, Casa do Cuki, Chef Brico, Chimichurri Costumes Argentinas, Cruls Cervejaria, Doces tenta\u00e7\u00e3o 50% menos a\u00e7\u00facar, Emp\u00f3rio Mathias, Fine N\u2019 Rolls, Gaucha Prendada, Goy\u00e1s Defumados, Molhos Artesanais Curitiba, Padi\u00ea Empadas Gourmet, Pi\u00f1on Torroneria, Prioly Gourmet, Q Suculentos Antepastos, Saholi ch\u00e1s Blends e The Koffie Waffles. A programa\u00e7\u00e3o ser\u00e1 de quinta a s\u00e1bado, das 12h \u00e0s 22h, e de domingo, das 12h \u00e0s 20h, na Pra\u00e7a Central.<\/p>\n<p><strong>Vinhos<\/strong><\/p>\n<figure id=\"attachment_9484\" aria-describedby=\"caption-attachment-9484\" style=\"width: 800px\" class=\"wp-caption aligncenter\"><a href=\"https:\/\/blogs.correiobraziliense.com.br\/lianasabo\/wp-content\/uploads\/sites\/25\/2025\/05\/lets-wine-casapark4-1.jpeg\"><img loading=\"lazy\" decoding=\"async\" class=\"size-full wp-image-9484\" src=\"https:\/\/blogs.correiobraziliense.com.br\/lianasabo\/wp-content\/uploads\/sites\/25\/2025\/05\/lets-wine-casapark4-1.jpeg\" alt=\"\" width=\"800\" height=\"533\" srcset=\"https:\/\/blogs.correiobraziliense.com.br\/lianasabo\/wp-content\/uploads\/sites\/25\/2025\/05\/lets-wine-casapark4-1.jpeg 800w, https:\/\/blogs.correiobraziliense.com.br\/lianasabo\/wp-content\/uploads\/sites\/25\/2025\/05\/lets-wine-casapark4-1-300x200.jpeg 300w, https:\/\/blogs.correiobraziliense.com.br\/lianasabo\/wp-content\/uploads\/sites\/25\/2025\/05\/lets-wine-casapark4-1-768x512.jpeg 768w, https:\/\/blogs.correiobraziliense.com.br\/lianasabo\/wp-content\/uploads\/sites\/25\/2025\/05\/lets-wine-casapark4-1-550x366.jpeg 550w, https:\/\/blogs.correiobraziliense.com.br\/lianasabo\/wp-content\/uploads\/sites\/25\/2025\/05\/lets-wine-casapark4-1-230x153.jpeg 230w\" sizes=\"auto, (max-width: 800px) 100vw, 800px\" \/><\/a><figcaption id=\"caption-attachment-9484\" class=\"wp-caption-text\">Cr\u00e9dito: Gilberto Evangelista\/Divulga\u00e7\u00e3o<\/figcaption><\/figure>\n<p>A segunda edi\u00e7\u00e3o do <strong>Let&#8217;s Wine<\/strong> \u00e9 outra atra\u00e7\u00e3o que desembarca no Casapark. Com programa\u00e7\u00e3o prevista para os dias 31 de maio e 1\u00ba de junho, a feira ter\u00e1 mais de 100 r\u00f3tulos entre nacionais e internacionais dispon\u00edveis para degusta\u00e7\u00e3o. Participam os seguintes expositores: Vinhos do Mundo, DUE, Wine C, Rota do Vinho, WM Vinhos, Pontillo du Vin, Na Vizinha, Pater Dominus, Vinalla e Argevino, com espumantes, brancos, ros\u00e9s e tintos.<\/p>\n<p>O ingresso para o evento custa R$ 15 (1\u00ba lote) e d\u00e1 direito a uma ta\u00e7a. Com o item, o visitante poder\u00e1 comprar as bebidas que ser\u00e3o vendidas em dosagens de 100 ml e 150 ml, a partir de R$ 15 a ta\u00e7a. As garrafas tamb\u00e9m estar\u00e3o \u00e0 venda com pre\u00e7os promocionais. \u00c0 venda pelo site Sympla (<a href=\"https:\/\/www.sympla.com.br\/evento\/lets-wine-casapark-31-05\/2920947\">s\u00e1bado<\/a> e <a href=\"https:\/\/www.sympla.com.br\/evento\/lets-wine-casapark-1-06\/2939961\">domingo<\/a>).<\/p>\n","protected":false},"excerpt":{"rendered":"<p>Saiba mais sobre a programa\u00e7\u00e3o culin\u00e1ria que domina o estabelecimento neste m\u00eas de maio<\/p>\n","protected":false},"author":54,"featured_media":9486,"comment_status":"open","ping_status":"open","sticky":false,"template":"","format":"standard","meta":{"footnotes":""},"categories":[486],"tags":[1296,185,1187,1155],"class_list":["post-9483","post","type-post","status-publish","format-standard","has-post-thumbnail","hentry","category-evento","tag-casa-baco-music-festival","tag-casapark","tag-feira-panela-candanga","tag-lets-wine"],"_links":{"self":[{"href":"https:\/\/blogs.correiobraziliense.com.br\/lianasabo\/wp-json\/wp\/v2\/posts\/9483","targetHints":{"allow":["GET"]}}],"collection":[{"href":"https:\/\/blogs.correiobraziliense.com.br\/lianasabo\/wp-json\/wp\/v2\/posts"}],"about":[{"href":"https:\/\/blogs.correiobraziliense.com.br\/lianasabo\/wp-json\/wp\/v2\/types\/post"}],"author":[{"embeddable":true,"href":"https:\/\/blogs.correiobraziliense.com.br\/lianasabo\/wp-json\/wp\/v2\/users\/54"}],"replies":[{"embeddable":true,"href":"https:\/\/blogs.correiobraziliense.com.br\/lianasabo\/wp-json\/wp\/v2\/comments?post=9483"}],"version-history":[{"count":1,"href":"https:\/\/blogs.correiobraziliense.com.br\/lianasabo\/wp-json\/wp\/v2\/posts\/9483\/revisions"}],"predecessor-version":[{"id":9487,"href":"https:\/\/blogs.correiobraziliense.com.br\/lianasabo\/wp-json\/wp\/v2\/posts\/9483\/revisions\/9487"}],"wp:featuredmedia":[{"embeddable":true,"href":"https:\/\/blogs.correiobraziliense.com.br\/lianasabo\/wp-json\/wp\/v2\/media\/9486"}],"wp:attachment":[{"href":"https:\/\/blogs.correiobraziliense.com.br\/lianasabo\/wp-json\/wp\/v2\/media?parent=9483"}],"wp:term":[{"taxonomy":"category","embeddable":true,"href":"https:\/\/blogs.correiobraziliense.com.br\/lianasabo\/wp-json\/wp\/v2\/categories?post=9483"},{"taxonomy":"post_tag","embeddable":true,"href":"https:\/\/blogs.correiobraziliense.com.br\/lianasabo\/wp-json\/wp\/v2\/tags?post=9483"}],"curies":[{"name":"wp","href":"https:\/\/api.w.org\/{rel}","templated":true}]}}