{"id":9475,"date":"2025-05-09T17:18:40","date_gmt":"2025-05-09T20:18:40","guid":{"rendered":"https:\/\/blogs.correiobraziliense.com.br\/lianasabo\/?p=9475"},"modified":"2025-05-09T17:29:39","modified_gmt":"2025-05-09T20:29:39","slug":"confira-dicas-de-doces-e-sobremesas-para-o-dia-das-maes","status":"publish","type":"post","link":"https:\/\/blogs.correiobraziliense.com.br\/lianasabo\/confira-dicas-de-doces-e-sobremesas-para-o-dia-das-maes\/","title":{"rendered":"Confira dicas de doces e sobremesas para o Dia das M\u00e3es"},"content":{"rendered":"<p><em>Para tornar o Dia das M\u00e3es ainda mais especial, o blog da Liana listou op\u00e7\u00f5es de doces e sobremesas que v\u00e3o deixar qualquer m\u00e3e com o cora\u00e7\u00e3o (e o paladar) derretido na data.<\/em><\/p>\n<p>O <strong>Caf\u00e9 Andrade<\/strong> no Sudoeste \u00e9 onde o aroma do caf\u00e9 se mistura com as melhores op\u00e7\u00f5es de doces, toasts, vinhos e drinques. Lugar acolhedor com toque de sofistica\u00e7\u00e3o e bom \u201cat\u00e9 para relaxar\u201d, sugere Paula Andrade, autora do card\u00e1pio. Para as m\u00e3es, ela indica duas op\u00e7\u00f5es: torta de chocolate (R$ 24, a fatia) e cheesecake de frutas vermelhas (R$ 22, a fatia). Neste domingo, a loja funciona das 9h \u00e0s 20h na QMSW 6 Bloco G Lojas 50 a 54.<\/p>\n<figure id=\"attachment_9477\" aria-describedby=\"caption-attachment-9477\" style=\"width: 800px\" class=\"wp-caption aligncenter\"><a href=\"https:\/\/blogs.correiobraziliense.com.br\/lianasabo\/wp-content\/uploads\/sites\/25\/2025\/05\/DAVVERO-54-1.jpg\"><img loading=\"lazy\" decoding=\"async\" class=\"size-full wp-image-9477\" src=\"https:\/\/blogs.correiobraziliense.com.br\/lianasabo\/wp-content\/uploads\/sites\/25\/2025\/05\/DAVVERO-54-1.jpg\" alt=\"\" width=\"800\" height=\"533\" srcset=\"https:\/\/blogs.correiobraziliense.com.br\/lianasabo\/wp-content\/uploads\/sites\/25\/2025\/05\/DAVVERO-54-1.jpg 800w, https:\/\/blogs.correiobraziliense.com.br\/lianasabo\/wp-content\/uploads\/sites\/25\/2025\/05\/DAVVERO-54-1-300x200.jpg 300w, https:\/\/blogs.correiobraziliense.com.br\/lianasabo\/wp-content\/uploads\/sites\/25\/2025\/05\/DAVVERO-54-1-768x512.jpg 768w, https:\/\/blogs.correiobraziliense.com.br\/lianasabo\/wp-content\/uploads\/sites\/25\/2025\/05\/DAVVERO-54-1-550x366.jpg 550w, https:\/\/blogs.correiobraziliense.com.br\/lianasabo\/wp-content\/uploads\/sites\/25\/2025\/05\/DAVVERO-54-1-230x153.jpg 230w\" sizes=\"auto, (max-width: 800px) 100vw, 800px\" \/><\/a><figcaption id=\"caption-attachment-9477\" class=\"wp-caption-text\">Bala de Coco Caramelizada. Cr\u00e9dito: Davvero\/Divulga\u00e7\u00e3o<\/figcaption><\/figure>\n<p>Para tornar este Dia das M\u00e3es ainda mais doce, as irm\u00e3s D\u00e9bora e Suelen Ferrari, fundadoras da <strong>Davvero<\/strong>, criaram um sabor exclusivo em homenagem \u00e0 m\u00e3e, Dona C\u00e9lia. A novidade, Bala de Coco Caramelizada, resgata uma mem\u00f3ria afetiva preciosa. O novo sabor \u00e9 um gelato de cocada cremosa com pedacinhos crocantes de a\u00e7\u00facar caramelizado \u2014 uma combina\u00e7\u00e3o que promete despertar lembran\u00e7as e criar novas mem\u00f3rias. O item est\u00e1 dispon\u00edvel nas tr\u00eas unidades Davvero de Bras\u00edlia, por tempo limitado.<\/p>\n<figure id=\"attachment_9478\" aria-describedby=\"caption-attachment-9478\" style=\"width: 800px\" class=\"wp-caption aligncenter\"><a href=\"https:\/\/blogs.correiobraziliense.com.br\/lianasabo\/wp-content\/uploads\/sites\/25\/2025\/05\/RICHESSE-barra-de-chocolate-ao-leite-com-formato-de-de-cristal-verde-com-recheio-Dubai-270g-R14900-.jpg\"><img loading=\"lazy\" decoding=\"async\" class=\"size-full wp-image-9478\" src=\"https:\/\/blogs.correiobraziliense.com.br\/lianasabo\/wp-content\/uploads\/sites\/25\/2025\/05\/RICHESSE-barra-de-chocolate-ao-leite-com-formato-de-de-cristal-verde-com-recheio-Dubai-270g-R14900-.jpg\" alt=\"\" width=\"800\" height=\"533\" srcset=\"https:\/\/blogs.correiobraziliense.com.br\/lianasabo\/wp-content\/uploads\/sites\/25\/2025\/05\/RICHESSE-barra-de-chocolate-ao-leite-com-formato-de-de-cristal-verde-com-recheio-Dubai-270g-R14900-.jpg 800w, https:\/\/blogs.correiobraziliense.com.br\/lianasabo\/wp-content\/uploads\/sites\/25\/2025\/05\/RICHESSE-barra-de-chocolate-ao-leite-com-formato-de-de-cristal-verde-com-recheio-Dubai-270g-R14900--300x200.jpg 300w, https:\/\/blogs.correiobraziliense.com.br\/lianasabo\/wp-content\/uploads\/sites\/25\/2025\/05\/RICHESSE-barra-de-chocolate-ao-leite-com-formato-de-de-cristal-verde-com-recheio-Dubai-270g-R14900--768x512.jpg 768w, https:\/\/blogs.correiobraziliense.com.br\/lianasabo\/wp-content\/uploads\/sites\/25\/2025\/05\/RICHESSE-barra-de-chocolate-ao-leite-com-formato-de-de-cristal-verde-com-recheio-Dubai-270g-R14900--550x366.jpg 550w, https:\/\/blogs.correiobraziliense.com.br\/lianasabo\/wp-content\/uploads\/sites\/25\/2025\/05\/RICHESSE-barra-de-chocolate-ao-leite-com-formato-de-de-cristal-verde-com-recheio-Dubai-270g-R14900--230x153.jpg 230w\" sizes=\"auto, (max-width: 800px) 100vw, 800px\" \/><\/a><figcaption id=\"caption-attachment-9478\" class=\"wp-caption-text\">Cr\u00e9dito: Richesse\/Divulga\u00e7\u00e3o<\/figcaption><\/figure>\n<p>A charmosa confeitaria com endere\u00e7o no ParkShopping, <strong>Richesse<\/strong> lan\u00e7ou uma cole\u00e7\u00e3o exclusiva de del\u00edcias que se assemelham a joias. Entre as do\u00e7uras, est\u00e1 a pedra preciosa, a barra de chocolate ao leite com formato de cristal azul recheada com caramelo salgado e em formato de cristal verde com recheio Dubai (270g &#8211; R$ 149). Outra pedida \u00e9 madrep\u00e9rola, a concha de chocolate ao leite, coberta de chocolate branco e decorada com flores (320g &#8211; R$ 149).<\/p>\n<p>Inaugurada h\u00e1 pouco mais de um m\u00eas, a <strong>Lilie P\u00e2tisserie &amp; Boulangerie<\/strong> (211 Sul, Bloco C) aposta no caf\u00e9 Lilie, um combinado com cestas de p\u00e3es, ovos mexidos, bolo, bacon, caf\u00e9 e suco (R$ 68), e na torta de blueberry com calda de amarena (R$ 42), que foi criada especialmente para a data. Funcionamento no domingo, das 8h \u00e0s 18h. Para mais informa\u00e7\u00f5es e reservas: (61) 9 9922-4995.<\/p>\n<p>No restaurante inspirado no Rio de Janeiro, o <strong>Rio Bistr\u00f4<\/strong> tem a op\u00e7\u00e3o de sobremesa no card\u00e1pio para a data, a nuvem de uva com duas camadas de chocolate branco, uma camada de chocolate ao leite, e finalizado com uvas verdes frescas e raspas de chocolate. O espa\u00e7o fica na 404 Sul, com funcionamento das 12h \u00e0s 16h. Para mais informa\u00e7\u00f5es e reservas: (61) 3321-1412.<\/p>\n<figure id=\"attachment_9479\" aria-describedby=\"caption-attachment-9479\" style=\"width: 800px\" class=\"wp-caption aligncenter\"><a href=\"https:\/\/blogs.correiobraziliense.com.br\/lianasabo\/wp-content\/uploads\/sites\/25\/2025\/05\/WhatsApp-Image-2025-05-09-at-15.19.04-1-1.jpeg\"><img loading=\"lazy\" decoding=\"async\" class=\"size-full wp-image-9479\" src=\"https:\/\/blogs.correiobraziliense.com.br\/lianasabo\/wp-content\/uploads\/sites\/25\/2025\/05\/WhatsApp-Image-2025-05-09-at-15.19.04-1-1.jpeg\" alt=\"\" width=\"800\" height=\"800\" srcset=\"https:\/\/blogs.correiobraziliense.com.br\/lianasabo\/wp-content\/uploads\/sites\/25\/2025\/05\/WhatsApp-Image-2025-05-09-at-15.19.04-1-1.jpeg 800w, https:\/\/blogs.correiobraziliense.com.br\/lianasabo\/wp-content\/uploads\/sites\/25\/2025\/05\/WhatsApp-Image-2025-05-09-at-15.19.04-1-1-150x150.jpeg 150w, https:\/\/blogs.correiobraziliense.com.br\/lianasabo\/wp-content\/uploads\/sites\/25\/2025\/05\/WhatsApp-Image-2025-05-09-at-15.19.04-1-1-300x300.jpeg 300w, https:\/\/blogs.correiobraziliense.com.br\/lianasabo\/wp-content\/uploads\/sites\/25\/2025\/05\/WhatsApp-Image-2025-05-09-at-15.19.04-1-1-768x768.jpeg 768w, https:\/\/blogs.correiobraziliense.com.br\/lianasabo\/wp-content\/uploads\/sites\/25\/2025\/05\/WhatsApp-Image-2025-05-09-at-15.19.04-1-1-550x550.jpeg 550w, https:\/\/blogs.correiobraziliense.com.br\/lianasabo\/wp-content\/uploads\/sites\/25\/2025\/05\/WhatsApp-Image-2025-05-09-at-15.19.04-1-1-230x230.jpeg 230w\" sizes=\"auto, (max-width: 800px) 100vw, 800px\" \/><\/a><figcaption id=\"caption-attachment-9479\" class=\"wp-caption-text\">Cr\u00e9dito: Arquivo pessoal<\/figcaption><\/figure>\n<p>A empreendedora <strong>Beatriz Schwab<\/strong> preparou cestas especiais para as m\u00e3es. Entre os produtos est\u00e1 a cesta degusta\u00e7\u00e3o (R$ 250) com espumante zero \u00e1lcool; dois vinhos em latas; suco de uva Cabernet Sauvignon; ch\u00e1 zero a\u00e7\u00facar; caf\u00e9; capuccino; pacote biscoitos queijo parmes\u00e3o; geleia zero a\u00e7\u00facar; mini geleia; dois antepastos; e ch\u00e1 com frutas desidratadas. Os itens podem ser adquiridos no s\u00e1bado na loja A Garrafeira na 215 Sul, das 10h \u00e0s 17h. Encomendas: (61) 99555-6643 (whatsapp).<\/p>\n","protected":false},"excerpt":{"rendered":"<p>Para tornar o Dia das M\u00e3es ainda mais especial, o blog da Liana listou op\u00e7\u00f5es de doces e sobremesas que v\u00e3o deixar qualquer m\u00e3e com o cora\u00e7\u00e3o (e o paladar) derretido na data. O Caf\u00e9 Andrade no Sudoeste \u00e9 onde o aroma do caf\u00e9 se mistura com as melhores op\u00e7\u00f5es de doces, toasts, vinhos e drinques. Lugar acolhedor com toque [&hellip;]<\/p>\n","protected":false},"author":54,"featured_media":9481,"comment_status":"open","ping_status":"open","sticky":false,"template":"","format":"standard","meta":{"footnotes":""},"categories":[140],"tags":[],"class_list":["post-9475","post","type-post","status-publish","format-standard","has-post-thumbnail","hentry","category-confeitaria"],"_links":{"self":[{"href":"https:\/\/blogs.correiobraziliense.com.br\/lianasabo\/wp-json\/wp\/v2\/posts\/9475","targetHints":{"allow":["GET"]}}],"collection":[{"href":"https:\/\/blogs.correiobraziliense.com.br\/lianasabo\/wp-json\/wp\/v2\/posts"}],"about":[{"href":"https:\/\/blogs.correiobraziliense.com.br\/lianasabo\/wp-json\/wp\/v2\/types\/post"}],"author":[{"embeddable":true,"href":"https:\/\/blogs.correiobraziliense.com.br\/lianasabo\/wp-json\/wp\/v2\/users\/54"}],"replies":[{"embeddable":true,"href":"https:\/\/blogs.correiobraziliense.com.br\/lianasabo\/wp-json\/wp\/v2\/comments?post=9475"}],"version-history":[{"count":1,"href":"https:\/\/blogs.correiobraziliense.com.br\/lianasabo\/wp-json\/wp\/v2\/posts\/9475\/revisions"}],"predecessor-version":[{"id":9480,"href":"https:\/\/blogs.correiobraziliense.com.br\/lianasabo\/wp-json\/wp\/v2\/posts\/9475\/revisions\/9480"}],"wp:featuredmedia":[{"embeddable":true,"href":"https:\/\/blogs.correiobraziliense.com.br\/lianasabo\/wp-json\/wp\/v2\/media\/9481"}],"wp:attachment":[{"href":"https:\/\/blogs.correiobraziliense.com.br\/lianasabo\/wp-json\/wp\/v2\/media?parent=9475"}],"wp:term":[{"taxonomy":"category","embeddable":true,"href":"https:\/\/blogs.correiobraziliense.com.br\/lianasabo\/wp-json\/wp\/v2\/categories?post=9475"},{"taxonomy":"post_tag","embeddable":true,"href":"https:\/\/blogs.correiobraziliense.com.br\/lianasabo\/wp-json\/wp\/v2\/tags?post=9475"}],"curies":[{"name":"wp","href":"https:\/\/api.w.org\/{rel}","templated":true}]}}