{"id":9432,"date":"2025-04-28T18:31:00","date_gmt":"2025-04-28T21:31:00","guid":{"rendered":"https:\/\/blogs.correiobraziliense.com.br\/lianasabo\/?p=9432"},"modified":"2025-04-28T18:32:33","modified_gmt":"2025-04-28T21:32:33","slug":"cachaca-vai-celebrar-os-40-anos-da-democracia-brasileira","status":"publish","type":"post","link":"https:\/\/blogs.correiobraziliense.com.br\/lianasabo\/cachaca-vai-celebrar-os-40-anos-da-democracia-brasileira\/","title":{"rendered":"Cacha\u00e7a vai celebrar os 40 anos da democracia brasileira"},"content":{"rendered":"<p><em>Bebida ser\u00e1 apresentada em evento que marca o lan\u00e7amento da Rota da Cacha\u00e7a do Centro-Oeste<\/em><\/p>\n<p>Idealizada pelo mestre cachaceiro Hugo Studart, da Casa Studart, a cacha\u00e7a Doutor Ulysses chega ao mercado celebrando os 40 anos da democracia brasileira. A bebida ser\u00e1 lan\u00e7ada nesta ter\u00e7a-feira (29), \u00e0s 19h, no Restaurante Oscar, no Bras\u00edlia Palace Hotel.<\/p>\n<p>A ideia do projeto \u00e9 rememorar a personalidade firme e agregadora de Ulysses Guimar\u00e3es, figura central da redemocratiza\u00e7\u00e3o do pa\u00eds. A escolha do local tamb\u00e9m carrega forte carga simb\u00f3lica. O Bras\u00edlia Palace Hotel, com sua arquitetura modernista assinada por Oscar Niemeyer, j\u00e1 foi cen\u00e1rio de momentos pol\u00edticos emblem\u00e1ticos. Agora, abre as portas para um evento que prop\u00f5e n\u00e3o apenas uma celebra\u00e7\u00e3o, mas um reencontro com a mem\u00f3ria nacional.<\/p>\n<p>Ao todo, foram produzidas 206 garrafas do r\u00f3tulo. A bebida foi destilada duas vezes em alambique de cobre artesanal, passou por cinco etapas de filtragem e um processo de aera\u00e7\u00e3o antes de ser envelhecida por 12 anos em barris de carvalho americano novo.<\/p>\n<p>Paralelamente ao lan\u00e7amento da cacha\u00e7a, o evento marca a divulga\u00e7\u00e3o da Rota da Cacha\u00e7a &#8212; Do Alambique \u00e0s Boas Mesas, sob lideran\u00e7a da Ruraltur. Composta por dois circuitos, o primeiro abrange as cacha\u00e7arias de Bras\u00edlia localizadas no Lago Norte, na Fercal e na Rajadinha. A segunda rota segue por Alex\u00e2nia e vai at\u00e9 Piren\u00f3polis.<\/p>\n","protected":false},"excerpt":{"rendered":"<p>Bebida ser\u00e1 apresentada em evento que marca o lan\u00e7amento da Rota da Cacha\u00e7a do Centro-Oeste<\/p>\n","protected":false},"author":54,"featured_media":9433,"comment_status":"open","ping_status":"open","sticky":false,"template":"","format":"standard","meta":{"footnotes":""},"categories":[475],"tags":[1290,1291],"class_list":["post-9432","post","type-post","status-publish","format-standard","has-post-thumbnail","hentry","category-bebida","tag-cachaca","tag-cachaca-doutor-ulysses"],"_links":{"self":[{"href":"https:\/\/blogs.correiobraziliense.com.br\/lianasabo\/wp-json\/wp\/v2\/posts\/9432","targetHints":{"allow":["GET"]}}],"collection":[{"href":"https:\/\/blogs.correiobraziliense.com.br\/lianasabo\/wp-json\/wp\/v2\/posts"}],"about":[{"href":"https:\/\/blogs.correiobraziliense.com.br\/lianasabo\/wp-json\/wp\/v2\/types\/post"}],"author":[{"embeddable":true,"href":"https:\/\/blogs.correiobraziliense.com.br\/lianasabo\/wp-json\/wp\/v2\/users\/54"}],"replies":[{"embeddable":true,"href":"https:\/\/blogs.correiobraziliense.com.br\/lianasabo\/wp-json\/wp\/v2\/comments?post=9432"}],"version-history":[{"count":1,"href":"https:\/\/blogs.correiobraziliense.com.br\/lianasabo\/wp-json\/wp\/v2\/posts\/9432\/revisions"}],"predecessor-version":[{"id":9434,"href":"https:\/\/blogs.correiobraziliense.com.br\/lianasabo\/wp-json\/wp\/v2\/posts\/9432\/revisions\/9434"}],"wp:featuredmedia":[{"embeddable":true,"href":"https:\/\/blogs.correiobraziliense.com.br\/lianasabo\/wp-json\/wp\/v2\/media\/9433"}],"wp:attachment":[{"href":"https:\/\/blogs.correiobraziliense.com.br\/lianasabo\/wp-json\/wp\/v2\/media?parent=9432"}],"wp:term":[{"taxonomy":"category","embeddable":true,"href":"https:\/\/blogs.correiobraziliense.com.br\/lianasabo\/wp-json\/wp\/v2\/categories?post=9432"},{"taxonomy":"post_tag","embeddable":true,"href":"https:\/\/blogs.correiobraziliense.com.br\/lianasabo\/wp-json\/wp\/v2\/tags?post=9432"}],"curies":[{"name":"wp","href":"https:\/\/api.w.org\/{rel}","templated":true}]}}