{"id":9423,"date":"2025-04-26T09:02:42","date_gmt":"2025-04-26T12:02:42","guid":{"rendered":"https:\/\/blogs.correiobraziliense.com.br\/lianasabo\/?p=9423"},"modified":"2025-04-25T16:03:32","modified_gmt":"2025-04-25T19:03:32","slug":"brasilia-65-anos-edicao-comemorativa-da-restaurant-week-sera-prorrogada-ate-4-de-maio","status":"publish","type":"post","link":"https:\/\/blogs.correiobraziliense.com.br\/lianasabo\/brasilia-65-anos-edicao-comemorativa-da-restaurant-week-sera-prorrogada-ate-4-de-maio\/","title":{"rendered":"Bras\u00edlia 65 anos: Edi\u00e7\u00e3o comemorativa da Restaurant Week ser\u00e1 prorrogada at\u00e9 4 de maio"},"content":{"rendered":"<p><em>A extens\u00e3o do festival ter\u00e1 a participa\u00e7\u00e3o de 57 das mais de 70 casas que iniciaram o evento em 14 de abril<\/em><\/p>\n<p>A celebra\u00e7\u00e3o dos 65 anos de Bras\u00edlia ser\u00e1 estendida at\u00e9 maio. \u00c9 que a edi\u00e7\u00e3o comemorativa da <a href=\"https:\/\/maitredigital.com.br\/brasilia65anos\">Restaurant Week<\/a> iniciada em 14 de abril foi prorrogada e seguir\u00e1 at\u00e9 o dia 4. Das mais de 70 casas participantes, 57 participar\u00e3o da extens\u00e3o do festival.<\/p>\n<p>&#8220;Vai ser um est\u00edmulo a mais para o brasiliense poder curtir, aproveitar a cidade e conhecer os restaurantes participantes do festival por um pre\u00e7o pra l\u00e1 de especial\u201d, explicam os organizadores Fernando Reis e Matheus Dantas.<\/p>\n<p>S\u00f3 na primeira semana, entre 14 e 22 de abril, mais de 30 mil pessoas aproveitaram os menus especiais com entrada, prato principal e sobremesa pelo valor de R$ 65 (almo\u00e7o) e R$ 89 (jantar). O que resultou na movimenta\u00e7\u00e3o de mais de R$ 4 milh\u00f5es na economia local.<\/p>\n<p>Outro festival em celebra\u00e7\u00e3o a Bras\u00edlia tamb\u00e9m estendeu a programa\u00e7\u00e3o. O Viva Bras\u00edlia previsto para ocorrer at\u00e9 o dia 21 no Man\u00e9 Garrincha ganhou mais cinco dias para o p\u00fablico aproveitar os menus especiais. At\u00e9 o dia 27, os estabelecimentos participantes estar\u00e3o oferecendo os card\u00e1pios comemorativos. S\u00e3o eles: Caf\u00e9 e um Ch\u00earo, Casa Baco, Ch\u00earo Verde, De Paulina, Italian\u00edssimo, Mahalo Poke, Mar\u00e9, Pastel Mix, Perdomo Doces, Ricco Burger, Superquadra, Tudo de Porco e V\u00e9i Chico.<\/p>\n<p><strong>Confira os restaurantes participantes da Restaurant Week<\/strong><\/p>\n<p><strong>\u00c1guas Claras<\/strong><br \/>\nCaminito Parrilla (jantar)<br \/>\nCanton &#8211; DF Plaza (almo\u00e7o e jantar)<br \/>\nCantucci (almo\u00e7o e jantar)<br \/>\nCoco Bambu (almo\u00e7o e jantar)<br \/>\nQuattro Pizza (jantar)<br \/>\nVero Trattoria Italiana (almo\u00e7o e jantar)<br \/>\nVilla Carioca (almo\u00e7o e jantar)<\/p>\n<p><strong>Asa Norte<\/strong><br \/>\nBla&#8217;s (almo\u00e7o e jantar)<br \/>\nBosque Park (almo\u00e7o e jantar)<br \/>\nCaminito Parrilla (jantar)<br \/>\nCantucci Osteria (almo\u00e7o e jantar)<br \/>\nCastanho Caf\u00e9 (almo\u00e7o)<br \/>\nCoco Bambu &#8211; Bras\u00edlia Shopping (almo\u00e7o e jantar)<br \/>\nErnesto Caf\u00e9 Especiais (almo\u00e7o)<br \/>\nRapport Caf\u00e9 (almo\u00e7o e jantar)<br \/>\nRestaurante do Farol (almo\u00e7o e jantar)<br \/>\nSagres (jantar)<br \/>\nSuperquadra Bar (almo\u00e7o e jantar)<br \/>\nSwiss Gourmet (almo\u00e7o)<\/p>\n<p><strong>Asa Sul<\/strong><br \/>\nCaminito Parrilla (jantar)<br \/>\nCantucci &#8211; Asa Sul (almo\u00e7o e jantar)<br \/>\nCanton &#8211; Ven\u00e2ncio Shopping (almo\u00e7o e jantar)<br \/>\nCasa Brisa (jantar)<br \/>\nConfraria do Camar\u00e3o &#8211; Ven\u00e2ncio Shopping (almo\u00e7o e jantar)<br \/>\nDomaine Bistr\u00f4 (almo\u00e7o e jantar)<br \/>\nDudu Bar (almo\u00e7o e jantar)<br \/>\nErnesto Caf\u00e9 Especiais (almo\u00e7o)<br \/>\nIacina Restaurante (almo\u00e7o)<br \/>\nMangut Restaurante e Caf\u00e9 (almo\u00e7o e jantar)<br \/>\nMercado del Puerto Parrilla (almo\u00e7o e jantar)<br \/>\nOlinda Bar e Restaurante (almo\u00e7o e jantar)<br \/>\nOuri\u00e7o (almo\u00e7o e jantar)<br \/>\nRaiz Caipira (almo\u00e7o e jantar)<br \/>\nRota do Vinho (jantar)<br \/>\nSame Same But Different (almo\u00e7o e jantar)<br \/>\nSolo Ristorante (jantar)<br \/>\nToro Parrilla (jantar)<br \/>\nVilla Tevere (almo\u00e7o e jantar)<br \/>\nConcha Ac\u00fastica<br \/>\nDoma Rooftop (almo\u00e7o e jantar)<br \/>\nLa Terrasse &#8211; Unidade Lago (almo\u00e7o e jantar)<\/p>\n<p><strong>Eixo Monumental<\/strong><br \/>\nMezanino Torre de TV de Bras\u00edlia (almo\u00e7o e jantar)<\/p>\n<p><strong>Gama<\/strong><br \/>\nTarum\u00e3 Cozinha e Bar (almo\u00e7o e jantar)<\/p>\n<p><strong>Guar\u00e1<\/strong><br \/>\nBarbacoa &#8211; Parkshopping (jantar)<br \/>\nCoco Bambu &#8211; Parkshopping (almo\u00e7o e jantar)<\/p>\n<p><strong>Lago Norte<\/strong><br \/>\nCoco Bambu &#8211; Iguatemi Shopping (almo\u00e7o e jantar)<\/p>\n<p><strong>Lago Sul<\/strong><br \/>\nCoco Bambu &#8211; Lago Sul (almo\u00e7o e jantar)<br \/>\nGran Bier (jantar)<br \/>\nVeloce (almo\u00e7o e jantar)<\/p>\n<p><strong>Sudoeste \/ Octogonal<\/strong><br \/>\nCaminito Parrilla (jantar)<br \/>\nConfraria do Camar\u00e3o &#8211; Terra\u00e7o Shopping (almo\u00e7o e jantar)<br \/>\nGordeixos (almo\u00e7o e jantar)<br \/>\nLa Chemin\u00e9e (almo\u00e7o e jantar)<br \/>\nLa Fleur Bistr\u00f4 (almo\u00e7o e jantar)<br \/>\nTarum\u00e3 Cozinha e Bar (almo\u00e7o e jantar)<\/p>\n<p><strong>Taguatinga<\/strong><br \/>\nCoco Bambu &#8211; Taguatinga Shopping (almo\u00e7o e jantar)<\/p>\n<p><strong>Vila Planalto<\/strong><br \/>\nFigueira la Parrilla<\/p>\n","protected":false},"excerpt":{"rendered":"<p>A extens\u00e3o do festival ter\u00e1 a participa\u00e7\u00e3o de 57 das mais de 70 casas que iniciaram o evento em 14 de abril<\/p>\n","protected":false},"author":54,"featured_media":9426,"comment_status":"open","ping_status":"open","sticky":false,"template":"","format":"standard","meta":{"footnotes":""},"categories":[426],"tags":[1289,202],"class_list":["post-9423","post","type-post","status-publish","format-standard","has-post-thumbnail","hentry","category-festival-gastronomico","tag-edicao-comemorativa","tag-restaurant-week"],"_links":{"self":[{"href":"https:\/\/blogs.correiobraziliense.com.br\/lianasabo\/wp-json\/wp\/v2\/posts\/9423","targetHints":{"allow":["GET"]}}],"collection":[{"href":"https:\/\/blogs.correiobraziliense.com.br\/lianasabo\/wp-json\/wp\/v2\/posts"}],"about":[{"href":"https:\/\/blogs.correiobraziliense.com.br\/lianasabo\/wp-json\/wp\/v2\/types\/post"}],"author":[{"embeddable":true,"href":"https:\/\/blogs.correiobraziliense.com.br\/lianasabo\/wp-json\/wp\/v2\/users\/54"}],"replies":[{"embeddable":true,"href":"https:\/\/blogs.correiobraziliense.com.br\/lianasabo\/wp-json\/wp\/v2\/comments?post=9423"}],"version-history":[{"count":7,"href":"https:\/\/blogs.correiobraziliense.com.br\/lianasabo\/wp-json\/wp\/v2\/posts\/9423\/revisions"}],"predecessor-version":[{"id":9431,"href":"https:\/\/blogs.correiobraziliense.com.br\/lianasabo\/wp-json\/wp\/v2\/posts\/9423\/revisions\/9431"}],"wp:featuredmedia":[{"embeddable":true,"href":"https:\/\/blogs.correiobraziliense.com.br\/lianasabo\/wp-json\/wp\/v2\/media\/9426"}],"wp:attachment":[{"href":"https:\/\/blogs.correiobraziliense.com.br\/lianasabo\/wp-json\/wp\/v2\/media?parent=9423"}],"wp:term":[{"taxonomy":"category","embeddable":true,"href":"https:\/\/blogs.correiobraziliense.com.br\/lianasabo\/wp-json\/wp\/v2\/categories?post=9423"},{"taxonomy":"post_tag","embeddable":true,"href":"https:\/\/blogs.correiobraziliense.com.br\/lianasabo\/wp-json\/wp\/v2\/tags?post=9423"}],"curies":[{"name":"wp","href":"https:\/\/api.w.org\/{rel}","templated":true}]}}