{"id":9417,"date":"2025-04-24T00:03:09","date_gmt":"2025-04-24T03:03:09","guid":{"rendered":"https:\/\/blogs.correiobraziliense.com.br\/lianasabo\/?p=9417"},"modified":"2025-04-23T22:07:33","modified_gmt":"2025-04-24T01:07:33","slug":"dois-rotulos-da-vinicola-brasilia-se-tornam-campeoes-brasileiros","status":"publish","type":"post","link":"https:\/\/blogs.correiobraziliense.com.br\/lianasabo\/dois-rotulos-da-vinicola-brasilia-se-tornam-campeoes-brasileiros\/","title":{"rendered":"Dois r\u00f3tulos da Vin\u00edcola Bras\u00edlia se tornam campe\u00f5es brasileiros"},"content":{"rendered":"<p>Um ano depois de inaugurada no anivers\u00e1rio da cidade, em 2024, a Vin\u00edcola Bras\u00edlia j\u00e1 colhe os louros da vit\u00f3ria. Dois r\u00f3tulos \u2013 tinto Syrah Quatro Altitudes, safra 2022 (R$ 189), e o branco Viognier Canind\u00e9, safra 2024 (R$ 179) \u2013 vinificados nos tanques da casa do vinho candango, erguida no PAD-DF, se tornaram campe\u00f5es na Grande Prova Vinhos do Brasil, considerado o maior e o mais respeitado concurso \u00e0s cegas de vinhos dispon\u00edveis no mercado nacional.<\/p>\n<figure id=\"attachment_9421\" aria-describedby=\"caption-attachment-9421\" style=\"width: 800px\" class=\"wp-caption aligncenter\"><a href=\"https:\/\/blogs.correiobraziliense.com.br\/lianasabo\/wp-content\/uploads\/sites\/25\/2025\/04\/WhatsApp-Image-2025-04-23-at-20.30.24.jpeg\"><img loading=\"lazy\" decoding=\"async\" class=\"size-full wp-image-9421\" src=\"https:\/\/blogs.correiobraziliense.com.br\/lianasabo\/wp-content\/uploads\/sites\/25\/2025\/04\/WhatsApp-Image-2025-04-23-at-20.30.24.jpeg\" alt=\"\" width=\"800\" height=\"450\" srcset=\"https:\/\/blogs.correiobraziliense.com.br\/lianasabo\/wp-content\/uploads\/sites\/25\/2025\/04\/WhatsApp-Image-2025-04-23-at-20.30.24.jpeg 800w, https:\/\/blogs.correiobraziliense.com.br\/lianasabo\/wp-content\/uploads\/sites\/25\/2025\/04\/WhatsApp-Image-2025-04-23-at-20.30.24-300x169.jpeg 300w, https:\/\/blogs.correiobraziliense.com.br\/lianasabo\/wp-content\/uploads\/sites\/25\/2025\/04\/WhatsApp-Image-2025-04-23-at-20.30.24-768x432.jpeg 768w, https:\/\/blogs.correiobraziliense.com.br\/lianasabo\/wp-content\/uploads\/sites\/25\/2025\/04\/WhatsApp-Image-2025-04-23-at-20.30.24-550x309.jpeg 550w, https:\/\/blogs.correiobraziliense.com.br\/lianasabo\/wp-content\/uploads\/sites\/25\/2025\/04\/WhatsApp-Image-2025-04-23-at-20.30.24-230x129.jpeg 230w\" sizes=\"auto, (max-width: 800px) 100vw, 800px\" \/><\/a><figcaption id=\"caption-attachment-9421\" class=\"wp-caption-text\">Cr\u00e9dito: Casa Vitor\/Divulga\u00e7\u00e3o<\/figcaption><\/figure>\n<p>Os autores da importante fa\u00e7anha s\u00e3o donos, respectivamente, das marcas Ercoara e Casa V\u00edtor. Ambas empresas agr\u00edcolas integram o clube dos 10 s\u00f3cios, que transformaram o solo do cerrado em deslumbrantes vinhedos, antes de constru\u00edrem a vin\u00edcola \u00e0s margens da BR-251, que liga Bras\u00edlia a Una\u00ed, distante 55 quil\u00f4metros da rodovi\u00e1ria central. Foi l\u00e1 que o en\u00f3logo ga\u00facho Marcos Vian elaborou os vinhos.<\/p>\n<p>Canind\u00e9 obteve medalha de ouro e se tornou campe\u00e3o por vencer em sua categoria. \u201cS\u00f3 pudemos colher no terceiro ano da planta\u00e7\u00e3o, porque nas duas primeiras safras a videira de Viognier n\u00e3o deu nada\u201d, relata Rodrigo Sucena, s\u00f3cio propriet\u00e1rio da Ercoara. \u201cS\u00f3 depois de uma nova poda feita de acordo com t\u00e9cnica francesa que o vinhedo passou a produzir\u201d, informa o viticultor, que tamb\u00e9m \u00e9 sommelier.<\/p>\n<figure id=\"attachment_9418\" aria-describedby=\"caption-attachment-9418\" style=\"width: 800px\" class=\"wp-caption aligncenter\"><a href=\"https:\/\/blogs.correiobraziliense.com.br\/lianasabo\/wp-content\/uploads\/sites\/25\/2025\/04\/WhatsApp-Image-2025-04-23-at-20.30.24-1.jpeg\"><img loading=\"lazy\" decoding=\"async\" class=\"size-full wp-image-9418\" src=\"https:\/\/blogs.correiobraziliense.com.br\/lianasabo\/wp-content\/uploads\/sites\/25\/2025\/04\/WhatsApp-Image-2025-04-23-at-20.30.24-1.jpeg\" alt=\"\" width=\"800\" height=\"450\" srcset=\"https:\/\/blogs.correiobraziliense.com.br\/lianasabo\/wp-content\/uploads\/sites\/25\/2025\/04\/WhatsApp-Image-2025-04-23-at-20.30.24-1.jpeg 800w, https:\/\/blogs.correiobraziliense.com.br\/lianasabo\/wp-content\/uploads\/sites\/25\/2025\/04\/WhatsApp-Image-2025-04-23-at-20.30.24-1-300x169.jpeg 300w, https:\/\/blogs.correiobraziliense.com.br\/lianasabo\/wp-content\/uploads\/sites\/25\/2025\/04\/WhatsApp-Image-2025-04-23-at-20.30.24-1-768x432.jpeg 768w, https:\/\/blogs.correiobraziliense.com.br\/lianasabo\/wp-content\/uploads\/sites\/25\/2025\/04\/WhatsApp-Image-2025-04-23-at-20.30.24-1-550x309.jpeg 550w, https:\/\/blogs.correiobraziliense.com.br\/lianasabo\/wp-content\/uploads\/sites\/25\/2025\/04\/WhatsApp-Image-2025-04-23-at-20.30.24-1-230x129.jpeg 230w\" sizes=\"auto, (max-width: 800px) 100vw, 800px\" \/><\/a><figcaption id=\"caption-attachment-9418\" class=\"wp-caption-text\">Carlos Vitor, fundador da Casa Vitor. Cr\u00e9dito: Arquivo pessoal<\/figcaption><\/figure>\n<p>J\u00e1 Quatro Altitudes obteve 93 pontos na avalia\u00e7\u00e3o \u00e0s cegas que lhe concedeu duplo ouro por ter sido o melhor entre 45 Syrahs participantes. Para Carlos Vitor, o premio \u00e9 \u201co reconhecimento de um trabalho feito com muito cuidado, dedica\u00e7\u00e3o e amor pela terra e mostra que \u00e9 poss\u00edvel produzir vinhos de excel\u00eancia no nosso Cerrado, al\u00e9m de um incentivo para acreditar no potencial de nosso terroir e no sonho de colocar os vinhos de Bras\u00edlia no mapa da vitivinicultura nacional\u201d.<\/p>\n<p><strong>Vitrine<\/strong><\/p>\n<p>O objetivo do certame \u00e9 avaliar qualquer vinho que ainda esteja comercialmente dispon\u00edvel para a venda. Participaram 1007 amostras de todo o pa\u00eds e \u201cembora o Rio Grande do Sul mantenha a hegemonia, tivemos vinhos premiados em 10 estados brasileiros\u201d, explica Marcelo Copello, presidente do j\u00fari e s\u00f3cio do Grupo Baco, que realiza a prova \u00e0s cegas. Este ano o concurso foi realizado no fim de mar\u00e7o, no hotel Vila Gal\u00e9, no Rio de Janeiro.<\/p>\n<p>Para Copello, trata-se de \u201cuma excelente vitrine para o vinho brasileiro e, ao mesmo tempo, um grande term\u00f4metro de sua qualidade, com um panorama que inclui vinhos de Norte a Sul do pa\u00eds, avaliados e classificados \u00e0s cegas por especialistas\u201d, afirmou.<\/p>\n<figure id=\"attachment_9420\" aria-describedby=\"caption-attachment-9420\" style=\"width: 800px\" class=\"wp-caption aligncenter\"><a href=\"https:\/\/blogs.correiobraziliense.com.br\/lianasabo\/wp-content\/uploads\/sites\/25\/2025\/04\/WhatsApp-Image-2025-04-23-at-20.30.25.jpeg\"><img loading=\"lazy\" decoding=\"async\" class=\"size-full wp-image-9420\" src=\"https:\/\/blogs.correiobraziliense.com.br\/lianasabo\/wp-content\/uploads\/sites\/25\/2025\/04\/WhatsApp-Image-2025-04-23-at-20.30.25.jpeg\" alt=\"\" width=\"800\" height=\"595\" srcset=\"https:\/\/blogs.correiobraziliense.com.br\/lianasabo\/wp-content\/uploads\/sites\/25\/2025\/04\/WhatsApp-Image-2025-04-23-at-20.30.25.jpeg 800w, https:\/\/blogs.correiobraziliense.com.br\/lianasabo\/wp-content\/uploads\/sites\/25\/2025\/04\/WhatsApp-Image-2025-04-23-at-20.30.25-300x223.jpeg 300w, https:\/\/blogs.correiobraziliense.com.br\/lianasabo\/wp-content\/uploads\/sites\/25\/2025\/04\/WhatsApp-Image-2025-04-23-at-20.30.25-768x571.jpeg 768w, https:\/\/blogs.correiobraziliense.com.br\/lianasabo\/wp-content\/uploads\/sites\/25\/2025\/04\/WhatsApp-Image-2025-04-23-at-20.30.25-550x409.jpeg 550w, https:\/\/blogs.correiobraziliense.com.br\/lianasabo\/wp-content\/uploads\/sites\/25\/2025\/04\/WhatsApp-Image-2025-04-23-at-20.30.25-230x171.jpeg 230w\" sizes=\"auto, (max-width: 800px) 100vw, 800px\" \/><\/a><figcaption id=\"caption-attachment-9420\" class=\"wp-caption-text\">Cr\u00e9dito: arquivo pessoal<\/figcaption><\/figure>\n<p>A premia\u00e7\u00e3o da Grande Prova ser\u00e1 realizada na Wine South America (WSA) 2025, maior feira de neg\u00f3cios do setor vitivin\u00edcola da Am\u00e9rica Latina, que ocorre em Bento Gon\u00e7alves (RS) entre 6 a 8 de maio. L\u00e1 estar\u00e3o presentes Rodrigo Sucena e Herbert Correia Araujo, da Ercoara e Carlos Vitor, fundador da Casa Vitor, com a mulher Marina Malheiros e os tr\u00eas sobrinhos que tocam a empresa: Renata Vitor La Terra, Danilo La Terra e Gabriel Malheiros.<\/p>\n","protected":false},"excerpt":{"rendered":"<p>Um ano depois de inaugurada no anivers\u00e1rio da cidade, em 2024, a Vin\u00edcola Bras\u00edlia j\u00e1 colhe os louros da vit\u00f3ria. Dois r\u00f3tulos \u2013 tinto Syrah Quatro Altitudes, safra 2022 (R$ 189), e o branco Viognier Canind\u00e9, safra 2024 (R$ 179) \u2013 vinificados nos tanques da casa do vinho candango, erguida no PAD-DF, se tornaram campe\u00f5es na Grande Prova Vinhos do [&hellip;]<\/p>\n","protected":false},"author":54,"featured_media":9419,"comment_status":"open","ping_status":"open","sticky":false,"template":"","format":"standard","meta":{"footnotes":""},"categories":[222],"tags":[1288,425,932],"class_list":["post-9417","post","type-post","status-publish","format-standard","has-post-thumbnail","hentry","category-vinhos","tag-premiados","tag-vinhos","tag-vinicola-brasilia"],"_links":{"self":[{"href":"https:\/\/blogs.correiobraziliense.com.br\/lianasabo\/wp-json\/wp\/v2\/posts\/9417","targetHints":{"allow":["GET"]}}],"collection":[{"href":"https:\/\/blogs.correiobraziliense.com.br\/lianasabo\/wp-json\/wp\/v2\/posts"}],"about":[{"href":"https:\/\/blogs.correiobraziliense.com.br\/lianasabo\/wp-json\/wp\/v2\/types\/post"}],"author":[{"embeddable":true,"href":"https:\/\/blogs.correiobraziliense.com.br\/lianasabo\/wp-json\/wp\/v2\/users\/54"}],"replies":[{"embeddable":true,"href":"https:\/\/blogs.correiobraziliense.com.br\/lianasabo\/wp-json\/wp\/v2\/comments?post=9417"}],"version-history":[{"count":1,"href":"https:\/\/blogs.correiobraziliense.com.br\/lianasabo\/wp-json\/wp\/v2\/posts\/9417\/revisions"}],"predecessor-version":[{"id":9422,"href":"https:\/\/blogs.correiobraziliense.com.br\/lianasabo\/wp-json\/wp\/v2\/posts\/9417\/revisions\/9422"}],"wp:featuredmedia":[{"embeddable":true,"href":"https:\/\/blogs.correiobraziliense.com.br\/lianasabo\/wp-json\/wp\/v2\/media\/9419"}],"wp:attachment":[{"href":"https:\/\/blogs.correiobraziliense.com.br\/lianasabo\/wp-json\/wp\/v2\/media?parent=9417"}],"wp:term":[{"taxonomy":"category","embeddable":true,"href":"https:\/\/blogs.correiobraziliense.com.br\/lianasabo\/wp-json\/wp\/v2\/categories?post=9417"},{"taxonomy":"post_tag","embeddable":true,"href":"https:\/\/blogs.correiobraziliense.com.br\/lianasabo\/wp-json\/wp\/v2\/tags?post=9417"}],"curies":[{"name":"wp","href":"https:\/\/api.w.org\/{rel}","templated":true}]}}