{"id":9380,"date":"2025-04-15T06:04:05","date_gmt":"2025-04-15T09:04:05","guid":{"rendered":"https:\/\/blogs.correiobraziliense.com.br\/lianasabo\/?p=9380"},"modified":"2025-04-14T22:17:29","modified_gmt":"2025-04-15T01:17:29","slug":"comeca-edicao-especial-da-restaurant-week-em-celebracao-aos-65-anos-de-brasilia","status":"publish","type":"post","link":"https:\/\/blogs.correiobraziliense.com.br\/lianasabo\/comeca-edicao-especial-da-restaurant-week-em-celebracao-aos-65-anos-de-brasilia\/","title":{"rendered":"Come\u00e7a edi\u00e7\u00e3o especial da Restaurant Week em celebra\u00e7\u00e3o aos 65 anos de Bras\u00edlia"},"content":{"rendered":"<p><strong>Mais de 70 estabelecimentos participam com menus a partir de R$ 65<\/strong><\/p>\n<p>Parte da programa\u00e7\u00e3o oficial dos 65 anos de Bras\u00edlia, a <a href=\"https:\/\/blogs.correiobraziliense.com.br\/lianasabo\/restaurant-week-tera-edicao-comemorativa-aos-65-anos-de-brasilia\/\">edi\u00e7\u00e3o especial<\/a> do festival Restaurant Week teve in\u00edcio na segunda-feira (14\/4) e segue at\u00e9 27 de abril com o objetivo de movimentar o setor gastron\u00f4mico da cidade. Mais de 70 estabelecimentos est\u00e3o participando com menus a partir de R$ 65, em alus\u00e3o a idade da cidade.<\/p>\n<p>A edi\u00e7\u00e3o in\u00e9dita ter\u00e1 a categoria do almo\u00e7o por R$ 65 e do jantar a R$ 89, ambas com menus em tr\u00eas etapas, com entrada, prato principal e sobremesa. A maioria dos restaurantes far\u00e1 homenagens \u00e0 capital federal com nomes de pratos que remetem monumentos e personalidades marcantes da hist\u00f3ria de Bras\u00edlia.<\/p>\n<p>Durante os 13 dias de realiza\u00e7\u00e3o, o evento espera fomentar mais de R$ 15 milh\u00f5es na economia local. A edi\u00e7\u00e3o especial ocorre com apoio do Banco BRB e da Secretaria de Turismo do Distrito Federal (Setur-DF).<\/p>\n<p><strong>Confira a lista geral de restaurantes participantes<\/strong><\/p>\n<p><strong>\u00c1guas Claras<\/strong><\/p>\n<p>Caminito Parrilla (jantar)<\/p>\n<figure id=\"attachment_9381\" aria-describedby=\"caption-attachment-9381\" style=\"width: 800px\" class=\"wp-caption aligncenter\"><a href=\"https:\/\/blogs.correiobraziliense.com.br\/lianasabo\/wp-content\/uploads\/sites\/25\/2025\/04\/canton.jpg\"><img loading=\"lazy\" decoding=\"async\" class=\"size-full wp-image-9381\" src=\"https:\/\/blogs.correiobraziliense.com.br\/lianasabo\/wp-content\/uploads\/sites\/25\/2025\/04\/canton.jpg\" alt=\"\" width=\"800\" height=\"522\" srcset=\"https:\/\/blogs.correiobraziliense.com.br\/lianasabo\/wp-content\/uploads\/sites\/25\/2025\/04\/canton.jpg 800w, https:\/\/blogs.correiobraziliense.com.br\/lianasabo\/wp-content\/uploads\/sites\/25\/2025\/04\/canton-300x196.jpg 300w, https:\/\/blogs.correiobraziliense.com.br\/lianasabo\/wp-content\/uploads\/sites\/25\/2025\/04\/canton-768x501.jpg 768w, https:\/\/blogs.correiobraziliense.com.br\/lianasabo\/wp-content\/uploads\/sites\/25\/2025\/04\/canton-550x359.jpg 550w, https:\/\/blogs.correiobraziliense.com.br\/lianasabo\/wp-content\/uploads\/sites\/25\/2025\/04\/canton-230x150.jpg 230w\" sizes=\"auto, (max-width: 800px) 100vw, 800px\" \/><\/a><figcaption id=\"caption-attachment-9381\" class=\"wp-caption-text\">Churros do Restaurante Canton. Cr\u00e9dito: RW\/Divulga\u00e7\u00e3o<\/figcaption><\/figure>\n<p>Canton &#8211; DF Plaza (almo\u00e7o e jantar)<br \/>\nCantucci (almo\u00e7o e jantar)<br \/>\nCoco Bambu (almo\u00e7o e jantar)<br \/>\nFred Restaurante (almo\u00e7o e jantar)<br \/>\nOutback Steakhouse &#8211; DF Plaza (almo\u00e7o e jantar)<br \/>\nQuattro Pizza (jantar)<br \/>\nVero Trattoria Italiana (almo\u00e7o e jantar)<br \/>\nVilla Carioca (almo\u00e7o e jantar)<\/p>\n<p><strong>Asa Norte<\/strong><\/p>\n<p>Bla&#8217;s (almo\u00e7o e jantar)<br \/>\nBosque Park (almo\u00e7o e jantar)<br \/>\nCaminito Parrilla (jantar)<br \/>\nCantucci Osteria (almo\u00e7o e jantar)<br \/>\nCastanho Caf\u00e9 (almo\u00e7o)<br \/>\nCoco Bambu &#8211; Bras\u00edlia Shopping (almo\u00e7o e jantar)<br \/>\nErnesto Caf\u00e9 Especiais (almo\u00e7o)<br \/>\nKay Pacha (almo\u00e7o e jantar)<br \/>\nOutback Steakhouse &#8211; Conjunto Nacional (almo\u00e7o e jantar)<br \/>\nRapport Caf\u00e9 (almo\u00e7o e jantar)<br \/>\nRestaurante do Farol (almo\u00e7o e jantar)<br \/>\nSagres (jantar)<br \/>\nSuperquadra Bar (almo\u00e7o e jantar)<br \/>\nSwiss Gourmet (almo\u00e7o)<\/p>\n<p><strong>Asa Sul<\/strong><\/p>\n<p>Caminito Parrilla (jantar)<br \/>\nCantina Gratinata (almo\u00e7o e jantar)<br \/>\nCantucci &#8211; Asa Sul (almo\u00e7o e jantar)<br \/>\nCanton &#8211; Ven\u00e2ncio Shopping (almo\u00e7o e jantar)<br \/>\nCasa Brisa (jantar)<br \/>\nConfraria do Camar\u00e3o &#8211; Ven\u00e2ncio Shopping (almo\u00e7o e jantar)<br \/>\nDomaine Bistr\u00f4 (almo\u00e7o e jantar)<br \/>\nDudu Bar (almo\u00e7o e jantar)<br \/>\nErnesto Caf\u00e9 Especiais (almo\u00e7o)<br \/>\nFred Restaurante (almo\u00e7o e jantar)<br \/>\nIacina Restaurante (almo\u00e7o)<br \/>\nMangut Restaurante e Caf\u00e9 (almo\u00e7o e jantar)<\/p>\n<figure id=\"attachment_9382\" aria-describedby=\"caption-attachment-9382\" style=\"width: 1034px\" class=\"wp-caption aligncenter\"><a href=\"https:\/\/blogs.correiobraziliense.com.br\/lianasabo\/wp-content\/uploads\/sites\/25\/2025\/04\/Restaurante-Mercado-Del-Puerto_Brownie_RW-Divulgac\u00b8ao.jpg\"><img loading=\"lazy\" decoding=\"async\" class=\"size-full wp-image-9382\" src=\"https:\/\/blogs.correiobraziliense.com.br\/lianasabo\/wp-content\/uploads\/sites\/25\/2025\/04\/Restaurante-Mercado-Del-Puerto_Brownie_RW-Divulgac\u00b8ao.jpg\" alt=\"\" width=\"1034\" height=\"666\" srcset=\"https:\/\/blogs.correiobraziliense.com.br\/lianasabo\/wp-content\/uploads\/sites\/25\/2025\/04\/Restaurante-Mercado-Del-Puerto_Brownie_RW-Divulgac\u00b8ao.jpg 1034w, https:\/\/blogs.correiobraziliense.com.br\/lianasabo\/wp-content\/uploads\/sites\/25\/2025\/04\/Restaurante-Mercado-Del-Puerto_Brownie_RW-Divulgac\u00b8ao-300x193.jpg 300w, https:\/\/blogs.correiobraziliense.com.br\/lianasabo\/wp-content\/uploads\/sites\/25\/2025\/04\/Restaurante-Mercado-Del-Puerto_Brownie_RW-Divulgac\u00b8ao-768x495.jpg 768w, https:\/\/blogs.correiobraziliense.com.br\/lianasabo\/wp-content\/uploads\/sites\/25\/2025\/04\/Restaurante-Mercado-Del-Puerto_Brownie_RW-Divulgac\u00b8ao-1024x660.jpg 1024w, https:\/\/blogs.correiobraziliense.com.br\/lianasabo\/wp-content\/uploads\/sites\/25\/2025\/04\/Restaurante-Mercado-Del-Puerto_Brownie_RW-Divulgac\u00b8ao-800x515.jpg 800w, https:\/\/blogs.correiobraziliense.com.br\/lianasabo\/wp-content\/uploads\/sites\/25\/2025\/04\/Restaurante-Mercado-Del-Puerto_Brownie_RW-Divulgac\u00b8ao-550x354.jpg 550w, https:\/\/blogs.correiobraziliense.com.br\/lianasabo\/wp-content\/uploads\/sites\/25\/2025\/04\/Restaurante-Mercado-Del-Puerto_Brownie_RW-Divulgac\u00b8ao-230x148.jpg 230w\" sizes=\"auto, (max-width: 1034px) 100vw, 1034px\" \/><\/a><figcaption id=\"caption-attachment-9382\" class=\"wp-caption-text\">Brownie do Restaurante Mercado Del Puerto. Cr\u00e9dito: RW\/Divulga\u00e7\u00e3o<\/figcaption><\/figure>\n<p>Mercado del Puerto Parrilla (almo\u00e7o e jantar)<br \/>\nOlinda Bar e Restaurante (almo\u00e7o e jantar)<br \/>\nOuri\u00e7o (almo\u00e7o e jantar)<br \/>\nOutback Steakhouse &#8211; Ven\u00e2ncio Shopping (almo\u00e7o e jantar)<br \/>\nRaiz Caipira (almo\u00e7o e jantar)<br \/>\nRio Bistr\u00f4 e Lounge (almo\u00e7o e jantar)<br \/>\nRota do Vinho (jantar)<br \/>\nSame Same But Different (almo\u00e7o e jantar)<br \/>\nSolo Ristorante (jantar)<br \/>\nToro Parrilla (jantar)<br \/>\nVilla Tevere (almo\u00e7o e jantar)<br \/>\nVino! (almo\u00e7o e jantar)<br \/>\nZante Taverna Grega (almo\u00e7o e jantar)<\/p>\n<p><strong>Ceil\u00e2ndia<\/strong><\/p>\n<p>Outback Steakhouse &#8211; JK Shopping (almo\u00e7o e jantar)<br \/>\nConcha Ac\u00fastica<br \/>\nDoma Rooftop (almo\u00e7o e jantar)<br \/>\nLa Terrasse &#8211; Unidade Lago (almo\u00e7o e jantar)<\/p>\n<p><strong>Eixo Monumental<\/strong><\/p>\n<p>Mezanino Torre de TV de Bras\u00edlia (almo\u00e7o e jantar)<\/p>\n<p><strong>Gama<\/strong><\/p>\n<p>Tarum\u00e3 Cozinha e Bar (almo\u00e7o e jantar)<\/p>\n<p><strong>Guar\u00e1<\/strong><\/p>\n<p>Barbacoa &#8211; Parkshopping (jantar)<br \/>\nCoco Bambu &#8211; Parkshopping (almo\u00e7o e jantar)<br \/>\nOutback Steakhouse &#8211; Park Shopping (almo\u00e7o e jantar)<br \/>\nSauz Restaurante (jantar)<\/p>\n<p><strong>Lago Norte<\/strong><\/p>\n<p>Coco Bambu &#8211; Iguatemi Shopping (almo\u00e7o e jantar)<br \/>\nOutback Steakhouse &#8211; Iguatemi Shopping (almo\u00e7o e jantar)<\/p>\n<p><strong>Lago Sul<\/strong><\/p>\n<p>Coco Bambu &#8211; Lago Sul (almo\u00e7o e jantar)<br \/>\nGran Bier (jantar)<br \/>\nOcean Bras\u00edlia (almo\u00e7o e jantar)<br \/>\nOutback Steakhouse &#8211; Pier 21 (almo\u00e7o e jantar)<br \/>\nVeloce (almo\u00e7o e jantar)<\/p>\n<p><strong>Sudoeste \/ Octogonal<\/strong><\/p>\n<p>Caminito Parrilla (jantar)<br \/>\nConfraria do Camar\u00e3o &#8211; Terra\u00e7o Shopping (almo\u00e7o e jantar)<br \/>\nGordeixos (almo\u00e7o e jantar)<br \/>\nLa Chemin\u00e9e (almo\u00e7o e jantar)<br \/>\nLa Fleur Bistr\u00f4 (almo\u00e7o e jantar)<br \/>\nTarum\u00e3 Cozinha e Bar (almo\u00e7o e jantar)<\/p>\n<p><strong>Taguatinga<\/strong><\/p>\n<p>Coco Bambu &#8211; Taguatinga Shopping (almo\u00e7o e jantar)<br \/>\nOutback Steakhouse &#8211; Taguatinga Shopping (almo\u00e7o e jantar)<\/p>\n<p><strong>Vila Planalto<\/strong><\/p>\n<p>Figueira la Parrilla<\/p>\n<p><strong>Servi\u00e7o<\/strong><\/p>\n<p>Restaurant Week &#8211; Edi\u00e7\u00e3o especial 65 anos do Anivers\u00e1rio de Bras\u00edlia<br \/>\nQuando: 14 a 27 de abril de 2025<br \/>\nPara mais informa\u00e7\u00f5es: <a href=\"https:\/\/maitredigital.com.br\/brasilia65anos\">restaurantweek.com.br<\/a>.<\/p>\n","protected":false},"excerpt":{"rendered":"<p>Mais de 70 estabelecimentos participam com menus a partir de R$ 65<\/p>\n","protected":false},"author":54,"featured_media":9383,"comment_status":"open","ping_status":"open","sticky":false,"template":"","format":"standard","meta":{"footnotes":""},"categories":[1],"tags":[1278,71,202],"class_list":["post-9380","post","type-post","status-publish","format-standard","has-post-thumbnail","hentry","category-sem-categoria","tag-65-anos","tag-brasilia","tag-restaurant-week"],"_links":{"self":[{"href":"https:\/\/blogs.correiobraziliense.com.br\/lianasabo\/wp-json\/wp\/v2\/posts\/9380","targetHints":{"allow":["GET"]}}],"collection":[{"href":"https:\/\/blogs.correiobraziliense.com.br\/lianasabo\/wp-json\/wp\/v2\/posts"}],"about":[{"href":"https:\/\/blogs.correiobraziliense.com.br\/lianasabo\/wp-json\/wp\/v2\/types\/post"}],"author":[{"embeddable":true,"href":"https:\/\/blogs.correiobraziliense.com.br\/lianasabo\/wp-json\/wp\/v2\/users\/54"}],"replies":[{"embeddable":true,"href":"https:\/\/blogs.correiobraziliense.com.br\/lianasabo\/wp-json\/wp\/v2\/comments?post=9380"}],"version-history":[{"count":1,"href":"https:\/\/blogs.correiobraziliense.com.br\/lianasabo\/wp-json\/wp\/v2\/posts\/9380\/revisions"}],"predecessor-version":[{"id":9384,"href":"https:\/\/blogs.correiobraziliense.com.br\/lianasabo\/wp-json\/wp\/v2\/posts\/9380\/revisions\/9384"}],"wp:featuredmedia":[{"embeddable":true,"href":"https:\/\/blogs.correiobraziliense.com.br\/lianasabo\/wp-json\/wp\/v2\/media\/9383"}],"wp:attachment":[{"href":"https:\/\/blogs.correiobraziliense.com.br\/lianasabo\/wp-json\/wp\/v2\/media?parent=9380"}],"wp:term":[{"taxonomy":"category","embeddable":true,"href":"https:\/\/blogs.correiobraziliense.com.br\/lianasabo\/wp-json\/wp\/v2\/categories?post=9380"},{"taxonomy":"post_tag","embeddable":true,"href":"https:\/\/blogs.correiobraziliense.com.br\/lianasabo\/wp-json\/wp\/v2\/tags?post=9380"}],"curies":[{"name":"wp","href":"https:\/\/api.w.org\/{rel}","templated":true}]}}