{"id":9355,"date":"2025-04-10T06:12:32","date_gmt":"2025-04-10T09:12:32","guid":{"rendered":"https:\/\/blogs.correiobraziliense.com.br\/lianasabo\/?p=9355"},"modified":"2025-04-09T18:21:54","modified_gmt":"2025-04-09T21:21:54","slug":"nau-frutos-do-mar-inaugura-segunda-unidade-da-grife-no-df","status":"publish","type":"post","link":"https:\/\/blogs.correiobraziliense.com.br\/lianasabo\/nau-frutos-do-mar-inaugura-segunda-unidade-da-grife-no-df\/","title":{"rendered":"Nau Frutos do Mar inaugura segunda unidade da grife no DF"},"content":{"rendered":"<p><strong>Localizado no Terra\u00e7o Shopping, o estabelecimento que veio da Para\u00edba traz peixe e frutos do mar a um novo espa\u00e7o com capacidade para 200 pessoas<\/strong><\/p>\n<figure id=\"attachment_9357\" aria-describedby=\"caption-attachment-9357\" style=\"width: 225px\" class=\"wp-caption alignleft\"><a href=\"https:\/\/blogs.correiobraziliense.com.br\/lianasabo\/wp-content\/uploads\/sites\/25\/2025\/04\/WhatsApp-Image-2025-04-09-at-17.51.55.jpeg\"><img loading=\"lazy\" decoding=\"async\" class=\"size-medium wp-image-9357\" src=\"https:\/\/blogs.correiobraziliense.com.br\/lianasabo\/wp-content\/uploads\/sites\/25\/2025\/04\/WhatsApp-Image-2025-04-09-at-17.51.55-225x300.jpeg\" alt=\"\" width=\"225\" height=\"300\" srcset=\"https:\/\/blogs.correiobraziliense.com.br\/lianasabo\/wp-content\/uploads\/sites\/25\/2025\/04\/WhatsApp-Image-2025-04-09-at-17.51.55-225x300.jpeg 225w, https:\/\/blogs.correiobraziliense.com.br\/lianasabo\/wp-content\/uploads\/sites\/25\/2025\/04\/WhatsApp-Image-2025-04-09-at-17.51.55-768x1024.jpeg 768w, https:\/\/blogs.correiobraziliense.com.br\/lianasabo\/wp-content\/uploads\/sites\/25\/2025\/04\/WhatsApp-Image-2025-04-09-at-17.51.55.jpeg 800w, https:\/\/blogs.correiobraziliense.com.br\/lianasabo\/wp-content\/uploads\/sites\/25\/2025\/04\/WhatsApp-Image-2025-04-09-at-17.51.55-550x734.jpeg 550w, https:\/\/blogs.correiobraziliense.com.br\/lianasabo\/wp-content\/uploads\/sites\/25\/2025\/04\/WhatsApp-Image-2025-04-09-at-17.51.55-230x307.jpeg 230w\" sizes=\"auto, (max-width: 225px) 100vw, 225px\" \/><\/a><figcaption id=\"caption-attachment-9357\" class=\"wp-caption-text\">Chef Lorena Tavares. Cr\u00e9dito: Liana Sabo\/CB\/D.A Press<\/figcaption><\/figure>\n<p>Quase doze anos depois de aberto pr\u00f3ximo \u00e0 Ponte JK, o restaurante Nau Frutos do Mar inaugura uma r\u00e9plica no Terra\u00e7o Shopping, no entroncamento da Octogonal, o que vai permitir o acesso direto da clientela do Sudoeste de um lado e do outro, de \u00c1guas Claras e Taguatinga. Assim, a segunda opera\u00e7\u00e3o da grife na capital troca a bela vista do Parano\u00e1 pela conveni\u00eancia e lazer que o centro de compras proporciona.<\/p>\n<p>\u201cQueremos que a nova unidade seja um ponto de encontro para fam\u00edlias, amigos e todos os que apreciam uma excelente gastronomia em um ambiente agrad\u00e1vel, criando momentos inesquec\u00edveis\u201d, afirma Lorena Tavares, a ca\u00e7ula de tr\u00eas irm\u00e3os (os outros dois s\u00e3o Luciana e Edinaldo), que herdaram dos pais a tarefa de tocar empreendimento gastron\u00f4mico de raiz nordestina. Este ano o casal fundador Leneide Maia e Ednaldo Tavares se permitiu um descanso merecido.<\/p>\n<p><strong>Op\u00e7\u00f5es diversas<\/strong><\/p>\n<figure id=\"attachment_9358\" aria-describedby=\"caption-attachment-9358\" style=\"width: 300px\" class=\"wp-caption alignright\"><a href=\"https:\/\/blogs.correiobraziliense.com.br\/lianasabo\/wp-content\/uploads\/sites\/25\/2025\/04\/PAELLA-DE-FRUTOS-DO-MAR-Ag\u00eancia-Creh-BSB-5.jpg\"><img loading=\"lazy\" decoding=\"async\" class=\"size-medium wp-image-9358\" src=\"https:\/\/blogs.correiobraziliense.com.br\/lianasabo\/wp-content\/uploads\/sites\/25\/2025\/04\/PAELLA-DE-FRUTOS-DO-MAR-Ag\u00eancia-Creh-BSB-5-300x200.jpg\" alt=\"\" width=\"300\" height=\"200\" srcset=\"https:\/\/blogs.correiobraziliense.com.br\/lianasabo\/wp-content\/uploads\/sites\/25\/2025\/04\/PAELLA-DE-FRUTOS-DO-MAR-Ag\u00eancia-Creh-BSB-5-300x200.jpg 300w, https:\/\/blogs.correiobraziliense.com.br\/lianasabo\/wp-content\/uploads\/sites\/25\/2025\/04\/PAELLA-DE-FRUTOS-DO-MAR-Ag\u00eancia-Creh-BSB-5-768x512.jpg 768w, https:\/\/blogs.correiobraziliense.com.br\/lianasabo\/wp-content\/uploads\/sites\/25\/2025\/04\/PAELLA-DE-FRUTOS-DO-MAR-Ag\u00eancia-Creh-BSB-5.jpg 800w, https:\/\/blogs.correiobraziliense.com.br\/lianasabo\/wp-content\/uploads\/sites\/25\/2025\/04\/PAELLA-DE-FRUTOS-DO-MAR-Ag\u00eancia-Creh-BSB-5-550x366.jpg 550w, https:\/\/blogs.correiobraziliense.com.br\/lianasabo\/wp-content\/uploads\/sites\/25\/2025\/04\/PAELLA-DE-FRUTOS-DO-MAR-Ag\u00eancia-Creh-BSB-5-230x153.jpg 230w\" sizes=\"auto, (max-width: 300px) 100vw, 300px\" \/><\/a><figcaption id=\"caption-attachment-9358\" class=\"wp-caption-text\">Paella de frutos do mar. Cr\u00e9dito: Ag\u00eancia Creh BSB\/Divulga\u00e7\u00e3o<\/figcaption><\/figure>\n<p>Todo o card\u00e1pio \u00e9 desenvolvido com ingredientes que vem do mar e as receitas contemplam pratos ic\u00f4nicos, como paella de frutos do mar (R$ 298) que leva camar\u00f5es, lula, polvo, mexilh\u00f5es, peixe e cauda de lagostas refogadas com piment\u00f5es e finalizados no arroz e especiarias e serve duas a tr\u00eas pessoas; camar\u00e3o Mar Vermelho (R$ 79, individual); arroz de polvo (R$ 95) e bacalhau n\u00e1utico (R$ 260 para duas pessoas).<\/p>\n<p>A carta tamb\u00e9m traz drinques deliciosos, como caipirosca de morango com maracuj\u00e1, e sobremesas incr\u00edveis, como a sem fim (R$ 42), duo de cocada cremosa (R$ 34), brownie surpresa (R$ 40) e a que d\u00e1 nome \u00e0 casa (R$ 36) e a vers\u00e3o petit (R$ 26).<\/p>\n<p>H\u00e1 tamb\u00e9m prato de carne para quem n\u00e3o come pescado, al\u00e9m de saladas, entradas e o menu enxuto do chef com entrada, principal e sobremesa (R$ 79,90). A comodidade est\u00e1 garantida no amplo espa\u00e7o t\u00e9rreo, \u00e0 esquerda da entrada do shopping, com capacidade para 200 pessoas.<\/p>\n<div id='gallery-1' class='gallery galleryid-9355 gallery-columns-3 gallery-size-full'><figure class='gallery-item'>\n\t\t\t<div class='gallery-icon landscape'>\n\t\t\t\t<a href='https:\/\/blogs.correiobraziliense.com.br\/lianasabo\/nau-frutos-do-mar-inaugura-segunda-unidade-da-grife-no-df\/arroz-de-polvo-individual-agencia-creh-bsb-3\/'><img loading=\"lazy\" decoding=\"async\" width=\"800\" height=\"533\" src=\"https:\/\/blogs.correiobraziliense.com.br\/lianasabo\/wp-content\/uploads\/sites\/25\/2025\/04\/ARROZ-DE-POLVO-INDIVIDUAL-Agencia-Creh-BSB-3.jpg\" class=\"attachment-full size-full\" alt=\"\" aria-describedby=\"gallery-1-9359\" srcset=\"https:\/\/blogs.correiobraziliense.com.br\/lianasabo\/wp-content\/uploads\/sites\/25\/2025\/04\/ARROZ-DE-POLVO-INDIVIDUAL-Agencia-Creh-BSB-3.jpg 800w, https:\/\/blogs.correiobraziliense.com.br\/lianasabo\/wp-content\/uploads\/sites\/25\/2025\/04\/ARROZ-DE-POLVO-INDIVIDUAL-Agencia-Creh-BSB-3-300x200.jpg 300w, https:\/\/blogs.correiobraziliense.com.br\/lianasabo\/wp-content\/uploads\/sites\/25\/2025\/04\/ARROZ-DE-POLVO-INDIVIDUAL-Agencia-Creh-BSB-3-768x512.jpg 768w, https:\/\/blogs.correiobraziliense.com.br\/lianasabo\/wp-content\/uploads\/sites\/25\/2025\/04\/ARROZ-DE-POLVO-INDIVIDUAL-Agencia-Creh-BSB-3-550x366.jpg 550w, https:\/\/blogs.correiobraziliense.com.br\/lianasabo\/wp-content\/uploads\/sites\/25\/2025\/04\/ARROZ-DE-POLVO-INDIVIDUAL-Agencia-Creh-BSB-3-230x153.jpg 230w\" sizes=\"auto, (max-width: 800px) 100vw, 800px\" \/><\/a>\n\t\t\t<\/div>\n\t\t\t\t<figcaption class='wp-caption-text gallery-caption' id='gallery-1-9359'>\n\t\t\t\tArroz de polvo. Cr\u00e9dito: Ag\u00eancia Creh BSB\/Divulga\u00e7\u00e3o\n\t\t\t\t<\/figcaption><\/figure><figure class='gallery-item'>\n\t\t\t<div class='gallery-icon landscape'>\n\t\t\t\t<a href='https:\/\/blogs.correiobraziliense.com.br\/lianasabo\/nau-frutos-do-mar-inaugura-segunda-unidade-da-grife-no-df\/bacalhau-nautico-2-pessoas-agencia-creh-bsb-3\/'><img loading=\"lazy\" decoding=\"async\" width=\"800\" height=\"533\" src=\"https:\/\/blogs.correiobraziliense.com.br\/lianasabo\/wp-content\/uploads\/sites\/25\/2025\/04\/BACALHAU-N\u00c1UTICO-2-PESSOAS-Ag\u00eancia-Creh-BSB-3.jpg\" class=\"attachment-full size-full\" alt=\"\" aria-describedby=\"gallery-1-9360\" srcset=\"https:\/\/blogs.correiobraziliense.com.br\/lianasabo\/wp-content\/uploads\/sites\/25\/2025\/04\/BACALHAU-N\u00c1UTICO-2-PESSOAS-Ag\u00eancia-Creh-BSB-3.jpg 800w, https:\/\/blogs.correiobraziliense.com.br\/lianasabo\/wp-content\/uploads\/sites\/25\/2025\/04\/BACALHAU-N\u00c1UTICO-2-PESSOAS-Ag\u00eancia-Creh-BSB-3-300x200.jpg 300w, https:\/\/blogs.correiobraziliense.com.br\/lianasabo\/wp-content\/uploads\/sites\/25\/2025\/04\/BACALHAU-N\u00c1UTICO-2-PESSOAS-Ag\u00eancia-Creh-BSB-3-768x512.jpg 768w, https:\/\/blogs.correiobraziliense.com.br\/lianasabo\/wp-content\/uploads\/sites\/25\/2025\/04\/BACALHAU-N\u00c1UTICO-2-PESSOAS-Ag\u00eancia-Creh-BSB-3-550x366.jpg 550w, https:\/\/blogs.correiobraziliense.com.br\/lianasabo\/wp-content\/uploads\/sites\/25\/2025\/04\/BACALHAU-N\u00c1UTICO-2-PESSOAS-Ag\u00eancia-Creh-BSB-3-230x153.jpg 230w\" sizes=\"auto, (max-width: 800px) 100vw, 800px\" \/><\/a>\n\t\t\t<\/div>\n\t\t\t\t<figcaption class='wp-caption-text gallery-caption' id='gallery-1-9360'>\n\t\t\t\tBacalhau n\u00e1utico. Cr\u00e9dito: Ag\u00eancia Creh BSB\/Divulga\u00e7\u00e3o\n\t\t\t\t<\/figcaption><\/figure><figure class='gallery-item'>\n\t\t\t<div class='gallery-icon portrait'>\n\t\t\t\t<a href='https:\/\/blogs.correiobraziliense.com.br\/lianasabo\/nau-frutos-do-mar-inaugura-segunda-unidade-da-grife-no-df\/caipirosca-morango-com-maracuja-agencia-creh-bsb-1\/'><img loading=\"lazy\" decoding=\"async\" width=\"683\" height=\"1024\" src=\"https:\/\/blogs.correiobraziliense.com.br\/lianasabo\/wp-content\/uploads\/sites\/25\/2025\/04\/CAIPIROSCA-MORANGO-COM-MARACUJ\u00c1-Ag\u00eancia-Creh-BSB-1.jpg\" class=\"attachment-full size-full\" alt=\"\" aria-describedby=\"gallery-1-9361\" srcset=\"https:\/\/blogs.correiobraziliense.com.br\/lianasabo\/wp-content\/uploads\/sites\/25\/2025\/04\/CAIPIROSCA-MORANGO-COM-MARACUJ\u00c1-Ag\u00eancia-Creh-BSB-1.jpg 683w, https:\/\/blogs.correiobraziliense.com.br\/lianasabo\/wp-content\/uploads\/sites\/25\/2025\/04\/CAIPIROSCA-MORANGO-COM-MARACUJ\u00c1-Ag\u00eancia-Creh-BSB-1-200x300.jpg 200w, https:\/\/blogs.correiobraziliense.com.br\/lianasabo\/wp-content\/uploads\/sites\/25\/2025\/04\/CAIPIROSCA-MORANGO-COM-MARACUJ\u00c1-Ag\u00eancia-Creh-BSB-1-768x1152.jpg 768w, https:\/\/blogs.correiobraziliense.com.br\/lianasabo\/wp-content\/uploads\/sites\/25\/2025\/04\/CAIPIROSCA-MORANGO-COM-MARACUJ\u00c1-Ag\u00eancia-Creh-BSB-1-800x1200.jpg 800w, https:\/\/blogs.correiobraziliense.com.br\/lianasabo\/wp-content\/uploads\/sites\/25\/2025\/04\/CAIPIROSCA-MORANGO-COM-MARACUJ\u00c1-Ag\u00eancia-Creh-BSB-1-550x825.jpg 550w, https:\/\/blogs.correiobraziliense.com.br\/lianasabo\/wp-content\/uploads\/sites\/25\/2025\/04\/CAIPIROSCA-MORANGO-COM-MARACUJ\u00c1-Ag\u00eancia-Creh-BSB-1-230x345.jpg 230w\" sizes=\"auto, (max-width: 683px) 100vw, 683px\" \/><\/a>\n\t\t\t<\/div>\n\t\t\t\t<figcaption class='wp-caption-text gallery-caption' id='gallery-1-9361'>\n\t\t\t\tCaipirosca de morango. Cr\u00e9dito: Ag\u00eancia Creh BSB\/Divulga\u00e7\u00e3o\n\t\t\t\t<\/figcaption><\/figure><figure class='gallery-item'>\n\t\t\t<div class='gallery-icon landscape'>\n\t\t\t\t<a href='https:\/\/blogs.correiobraziliense.com.br\/lianasabo\/nau-frutos-do-mar-inaugura-segunda-unidade-da-grife-no-df\/sobremesa-nau_img_2167_nau_daviw3r_agenciacreh_051123\/'><img loading=\"lazy\" decoding=\"async\" width=\"800\" height=\"533\" src=\"https:\/\/blogs.correiobraziliense.com.br\/lianasabo\/wp-content\/uploads\/sites\/25\/2025\/04\/SOBREMESA-NAU_IMG_2167_nau_daviw3r_agenciacreh_051123.jpg\" class=\"attachment-full size-full\" alt=\"\" srcset=\"https:\/\/blogs.correiobraziliense.com.br\/lianasabo\/wp-content\/uploads\/sites\/25\/2025\/04\/SOBREMESA-NAU_IMG_2167_nau_daviw3r_agenciacreh_051123.jpg 800w, https:\/\/blogs.correiobraziliense.com.br\/lianasabo\/wp-content\/uploads\/sites\/25\/2025\/04\/SOBREMESA-NAU_IMG_2167_nau_daviw3r_agenciacreh_051123-300x200.jpg 300w, https:\/\/blogs.correiobraziliense.com.br\/lianasabo\/wp-content\/uploads\/sites\/25\/2025\/04\/SOBREMESA-NAU_IMG_2167_nau_daviw3r_agenciacreh_051123-768x512.jpg 768w, https:\/\/blogs.correiobraziliense.com.br\/lianasabo\/wp-content\/uploads\/sites\/25\/2025\/04\/SOBREMESA-NAU_IMG_2167_nau_daviw3r_agenciacreh_051123-550x366.jpg 550w, https:\/\/blogs.correiobraziliense.com.br\/lianasabo\/wp-content\/uploads\/sites\/25\/2025\/04\/SOBREMESA-NAU_IMG_2167_nau_daviw3r_agenciacreh_051123-230x153.jpg 230w\" sizes=\"auto, (max-width: 800px) 100vw, 800px\" \/><\/a>\n\t\t\t<\/div><\/figure>\n\t\t<\/div>\n\n<p>A opera\u00e7\u00e3o faz parte do grupo Mangai, que revolucionou o conceito de culin\u00e1ria regional, trazendo a tem\u00e1tica sertaneja. O Nau, por sua vez, est\u00e1 presente na Para\u00edba, onde nasceu com unidades em Jo\u00e3o Pessoa e Campina Grande, al\u00e9m de Recife e Natal. Aqui funciona todos os dias para almo\u00e7o e jantar. Reservas:<a href=\"https:\/\/www.instagram.com\/nau.brasilia\">@nau.brasilia<\/a>.<\/p>\n","protected":false},"excerpt":{"rendered":"<p>Localizado no Terra\u00e7o Shopping, o estabelecimento que veio da Para\u00edba traz peixe e frutos do mar a um novo espa\u00e7o com capacidade para 200 pessoas<\/p>\n","protected":false},"author":54,"featured_media":9356,"comment_status":"open","ping_status":"open","sticky":false,"template":"","format":"standard","meta":{"footnotes":""},"categories":[326],"tags":[1281,1282],"class_list":["post-9355","post","type-post","status-publish","format-standard","has-post-thumbnail","hentry","category-restaurantes","tag-nau-frutos-do-mar","tag-terraco-shopping"],"_links":{"self":[{"href":"https:\/\/blogs.correiobraziliense.com.br\/lianasabo\/wp-json\/wp\/v2\/posts\/9355","targetHints":{"allow":["GET"]}}],"collection":[{"href":"https:\/\/blogs.correiobraziliense.com.br\/lianasabo\/wp-json\/wp\/v2\/posts"}],"about":[{"href":"https:\/\/blogs.correiobraziliense.com.br\/lianasabo\/wp-json\/wp\/v2\/types\/post"}],"author":[{"embeddable":true,"href":"https:\/\/blogs.correiobraziliense.com.br\/lianasabo\/wp-json\/wp\/v2\/users\/54"}],"replies":[{"embeddable":true,"href":"https:\/\/blogs.correiobraziliense.com.br\/lianasabo\/wp-json\/wp\/v2\/comments?post=9355"}],"version-history":[{"count":1,"href":"https:\/\/blogs.correiobraziliense.com.br\/lianasabo\/wp-json\/wp\/v2\/posts\/9355\/revisions"}],"predecessor-version":[{"id":9363,"href":"https:\/\/blogs.correiobraziliense.com.br\/lianasabo\/wp-json\/wp\/v2\/posts\/9355\/revisions\/9363"}],"wp:featuredmedia":[{"embeddable":true,"href":"https:\/\/blogs.correiobraziliense.com.br\/lianasabo\/wp-json\/wp\/v2\/media\/9356"}],"wp:attachment":[{"href":"https:\/\/blogs.correiobraziliense.com.br\/lianasabo\/wp-json\/wp\/v2\/media?parent=9355"}],"wp:term":[{"taxonomy":"category","embeddable":true,"href":"https:\/\/blogs.correiobraziliense.com.br\/lianasabo\/wp-json\/wp\/v2\/categories?post=9355"},{"taxonomy":"post_tag","embeddable":true,"href":"https:\/\/blogs.correiobraziliense.com.br\/lianasabo\/wp-json\/wp\/v2\/tags?post=9355"}],"curies":[{"name":"wp","href":"https:\/\/api.w.org\/{rel}","templated":true}]}}