{"id":9347,"date":"2025-04-09T15:06:48","date_gmt":"2025-04-09T18:06:48","guid":{"rendered":"https:\/\/blogs.correiobraziliense.com.br\/lianasabo\/?p=9347"},"modified":"2025-04-09T18:34:19","modified_gmt":"2025-04-09T21:34:19","slug":"programacao-gastronomica-intensa-marca-a-semana-anterior-a-pascoa-e-ao-aniversario-da-cidade","status":"publish","type":"post","link":"https:\/\/blogs.correiobraziliense.com.br\/lianasabo\/programacao-gastronomica-intensa-marca-a-semana-anterior-a-pascoa-e-ao-aniversario-da-cidade\/","title":{"rendered":"Programa\u00e7\u00e3o gastron\u00f4mica intensa marca a semana anterior \u00e0 P\u00e1scoa e ao anivers\u00e1rio da cidade"},"content":{"rendered":"<p><strong>Eventos tem\u00e1ticos, degusta\u00e7\u00e3o e experi\u00eancia culin\u00e1ria est\u00e3o entre os destaques<\/strong><\/p>\n<p>A semana que precede o feriado da Semana Santa e do anivers\u00e1rio de Bras\u00edlia est\u00e1 intensa na capital federal. A programa\u00e7\u00e3o gastron\u00f4mica ter\u00e1 eventos tem\u00e1ticos de P\u00e1scoa e dos 65 anos da cidade, degusta\u00e7\u00e3o e experi\u00eancia culin\u00e1ria. Saiba mais!<\/p>\n<figure id=\"attachment_9349\" aria-describedby=\"caption-attachment-9349\" style=\"width: 200px\" class=\"wp-caption alignleft\"><a href=\"https:\/\/blogs.correiobraziliense.com.br\/lianasabo\/wp-content\/uploads\/sites\/25\/2025\/04\/Ricco-Burger-Trucs-4-1-1.jpg\"><img loading=\"lazy\" decoding=\"async\" class=\"size-medium wp-image-9349\" src=\"https:\/\/blogs.correiobraziliense.com.br\/lianasabo\/wp-content\/uploads\/sites\/25\/2025\/04\/Ricco-Burger-Trucs-4-1-1-200x300.jpg\" alt=\"\" width=\"200\" height=\"300\" srcset=\"https:\/\/blogs.correiobraziliense.com.br\/lianasabo\/wp-content\/uploads\/sites\/25\/2025\/04\/Ricco-Burger-Trucs-4-1-1-200x300.jpg 200w, https:\/\/blogs.correiobraziliense.com.br\/lianasabo\/wp-content\/uploads\/sites\/25\/2025\/04\/Ricco-Burger-Trucs-4-1-1-768x1152.jpg 768w, https:\/\/blogs.correiobraziliense.com.br\/lianasabo\/wp-content\/uploads\/sites\/25\/2025\/04\/Ricco-Burger-Trucs-4-1-1.jpg 683w, https:\/\/blogs.correiobraziliense.com.br\/lianasabo\/wp-content\/uploads\/sites\/25\/2025\/04\/Ricco-Burger-Trucs-4-1-1-800x1200.jpg 800w, https:\/\/blogs.correiobraziliense.com.br\/lianasabo\/wp-content\/uploads\/sites\/25\/2025\/04\/Ricco-Burger-Trucs-4-1-1-550x825.jpg 550w, https:\/\/blogs.correiobraziliense.com.br\/lianasabo\/wp-content\/uploads\/sites\/25\/2025\/04\/Ricco-Burger-Trucs-4-1-1-230x345.jpg 230w\" sizes=\"auto, (max-width: 200px) 100vw, 200px\" \/><\/a><figcaption id=\"caption-attachment-9349\" class=\"wp-caption-text\">Cr\u00e9dito: Ricco Burger\/Divulga\u00e7\u00e3o<\/figcaption><\/figure>\n<p><strong>Festival Viva Bras\u00edlia \u2013<\/strong> De 10 a 21 de abril, o Man\u00e9 Mercado promove mais uma edi\u00e7\u00e3o do evento em celebra\u00e7\u00e3o ao anivers\u00e1rio da capital. Os estabelecimentos do complexo foram convidados a pensar em receitas que remetem \u00e0 identidade \u00fanica de Bras\u00edlia. Entre os restaurantes participantes est\u00e1 a hamburgueria Ricco Burger que, mais uma vez, faz uma releitura do sandu\u00edche da cl\u00e1ssica lanchonete Truc\u2019s. A nova vers\u00e3o do saudoso X-Mignon Salada conta com p\u00e3o, maionese trufada, alface, tomate, carne com queijo, ovo com gema mole e bacon.<\/p>\n<figure id=\"attachment_9350\" aria-describedby=\"caption-attachment-9350\" style=\"width: 225px\" class=\"wp-caption alignright\"><a href=\"https:\/\/blogs.correiobraziliense.com.br\/lianasabo\/wp-content\/uploads\/sites\/25\/2025\/04\/WhatsApp-Image-2025-04-08-at-15.56.59.jpeg\"><img loading=\"lazy\" decoding=\"async\" class=\"size-medium wp-image-9350\" src=\"https:\/\/blogs.correiobraziliense.com.br\/lianasabo\/wp-content\/uploads\/sites\/25\/2025\/04\/WhatsApp-Image-2025-04-08-at-15.56.59-225x300.jpeg\" alt=\"\" width=\"225\" height=\"300\" srcset=\"https:\/\/blogs.correiobraziliense.com.br\/lianasabo\/wp-content\/uploads\/sites\/25\/2025\/04\/WhatsApp-Image-2025-04-08-at-15.56.59-225x300.jpeg 225w, https:\/\/blogs.correiobraziliense.com.br\/lianasabo\/wp-content\/uploads\/sites\/25\/2025\/04\/WhatsApp-Image-2025-04-08-at-15.56.59.jpeg 768w, https:\/\/blogs.correiobraziliense.com.br\/lianasabo\/wp-content\/uploads\/sites\/25\/2025\/04\/WhatsApp-Image-2025-04-08-at-15.56.59-800x1067.jpeg 800w, https:\/\/blogs.correiobraziliense.com.br\/lianasabo\/wp-content\/uploads\/sites\/25\/2025\/04\/WhatsApp-Image-2025-04-08-at-15.56.59-550x733.jpeg 550w, https:\/\/blogs.correiobraziliense.com.br\/lianasabo\/wp-content\/uploads\/sites\/25\/2025\/04\/WhatsApp-Image-2025-04-08-at-15.56.59-230x307.jpeg 230w\" sizes=\"auto, (max-width: 225px) 100vw, 225px\" \/><\/a><figcaption id=\"caption-attachment-9350\" class=\"wp-caption-text\">Cr\u00e9dito: Arquivo pessoal. Etienne Carvalho<\/figcaption><\/figure>\n<p><strong>Vinhos de Portugal \u2013<\/strong> A jornalista brasiliense especializada em vinhos Etienne Carvalho comanda o encontro de degusta\u00e7\u00e3o de r\u00f3tulos na Rota do Vinho, na 410 Sul. O evento ser\u00e1 em 10 de abril (quinta-feira), \u00e0s 19h, com sete r\u00f3tulos de origem portuguesa. A entrada \u00e9 R$ 175. As vagas podem ser reservadas pelo WhatsApp (61) 99118-9585.<\/p>\n<p><strong>Noite especial na A Garrafeira \u2013<\/strong> Localizado na 215 Sul, o estabelecimento promove um jantar exclusivo promovido pelo chef Felipe Meira. O card\u00e1pio em tr\u00eas etapas conta com fatia de p\u00e3o com jamon e mel\u00e3o e papas bravas como entrada; paella marinera como prato principal; e p\u00eara ao vinho como sobremesa. As vagas s\u00e3o limitadas e custam R$ 80. As inscri\u00e7\u00f5es podem ser feitas pelo <a href=\"https:\/\/docs.google.com\/forms\/d\/e\/1FAIpQLSdEA0RGDadUu_9n40jcQFiCspqMoLM7hx_hhECPfl4q6788dg\/viewform\">formul\u00e1rio<\/a>. Mais informa\u00e7\u00f5es pelo WhatsApp: (61) 98123-2520.<\/p>\n<p><strong>P\u00e1scoa antecipada \u2013<\/strong> O Bras\u00edlia Shopping realiza no dia 12 de abril (s\u00e1bado) um evento de P\u00e1scoa para as crian\u00e7as. Oficinas, brincadeiras, desfile tem\u00e1tico e ca\u00e7a aos ovos est\u00e3o entre as atividades previstas na programa\u00e7\u00e3o que ser\u00e1 das 12h \u00e0s 17h.\u00a0J\u00e1 no Taguatinga Shopping a celebra\u00e7\u00e3o ser\u00e1 nos dias 12 e 13 de abril com o encontro das crian\u00e7as com o Sr. Coelho. Ser\u00e3o sete hor\u00e1rios reservados para as crian\u00e7as e seus familiares aproveitarem o momento com o personagem. O agendamento \u00e9 gratuito no <a href=\"https:\/\/www.taguatingashopping.com.br\/\">site do TGS<\/a> um dia antes de cada sess\u00e3o.<\/p>\n","protected":false},"excerpt":{"rendered":"<p>Eventos tem\u00e1ticos, degusta\u00e7\u00e3o e experi\u00eancia culin\u00e1ria est\u00e3o entre os destaques<\/p>\n","protected":false},"author":54,"featured_media":9348,"comment_status":"open","ping_status":"open","sticky":false,"template":"","format":"standard","meta":{"footnotes":""},"categories":[201],"tags":[],"class_list":["post-9347","post","type-post","status-publish","format-standard","has-post-thumbnail","hentry","category-festival"],"_links":{"self":[{"href":"https:\/\/blogs.correiobraziliense.com.br\/lianasabo\/wp-json\/wp\/v2\/posts\/9347","targetHints":{"allow":["GET"]}}],"collection":[{"href":"https:\/\/blogs.correiobraziliense.com.br\/lianasabo\/wp-json\/wp\/v2\/posts"}],"about":[{"href":"https:\/\/blogs.correiobraziliense.com.br\/lianasabo\/wp-json\/wp\/v2\/types\/post"}],"author":[{"embeddable":true,"href":"https:\/\/blogs.correiobraziliense.com.br\/lianasabo\/wp-json\/wp\/v2\/users\/54"}],"replies":[{"embeddable":true,"href":"https:\/\/blogs.correiobraziliense.com.br\/lianasabo\/wp-json\/wp\/v2\/comments?post=9347"}],"version-history":[{"count":4,"href":"https:\/\/blogs.correiobraziliense.com.br\/lianasabo\/wp-json\/wp\/v2\/posts\/9347\/revisions"}],"predecessor-version":[{"id":9354,"href":"https:\/\/blogs.correiobraziliense.com.br\/lianasabo\/wp-json\/wp\/v2\/posts\/9347\/revisions\/9354"}],"wp:featuredmedia":[{"embeddable":true,"href":"https:\/\/blogs.correiobraziliense.com.br\/lianasabo\/wp-json\/wp\/v2\/media\/9348"}],"wp:attachment":[{"href":"https:\/\/blogs.correiobraziliense.com.br\/lianasabo\/wp-json\/wp\/v2\/media?parent=9347"}],"wp:term":[{"taxonomy":"category","embeddable":true,"href":"https:\/\/blogs.correiobraziliense.com.br\/lianasabo\/wp-json\/wp\/v2\/categories?post=9347"},{"taxonomy":"post_tag","embeddable":true,"href":"https:\/\/blogs.correiobraziliense.com.br\/lianasabo\/wp-json\/wp\/v2\/tags?post=9347"}],"curies":[{"name":"wp","href":"https:\/\/api.w.org\/{rel}","templated":true}]}}