{"id":9334,"date":"2025-04-03T14:32:50","date_gmt":"2025-04-03T17:32:50","guid":{"rendered":"https:\/\/blogs.correiobraziliense.com.br\/lianasabo\/?p=9334"},"modified":"2025-04-03T14:32:50","modified_gmt":"2025-04-03T17:32:50","slug":"brasilia-recebe-edicao-comemorativa-do-concurso-comida-di-buteco","status":"publish","type":"post","link":"https:\/\/blogs.correiobraziliense.com.br\/lianasabo\/brasilia-recebe-edicao-comemorativa-do-concurso-comida-di-buteco\/","title":{"rendered":"Bras\u00edlia recebe edi\u00e7\u00e3o comemorativa do concurso Comida di Buteco"},"content":{"rendered":"<p><em>Este ano, o festival celebra 25 anos de exist\u00eancia e uma d\u00e9cada no Distrito Federal<\/em><\/p>\n<p>O concurso Comida di Buteco ter\u00e1 uma edi\u00e7\u00e3o comemorativa entre os dias 11 de abril e 4 de maio no Distrito Federal. Este ano, o festival comemora 25 anos de exist\u00eancia e uma d\u00e9cada na capital. O evento ter\u00e1 38 estabelecimentos participantes. Cada restaurante ficar\u00e1 respons\u00e1vel por apresentar um quitute in\u00e9dito, pelo pre\u00e7o de R$ 35, a partir do tema &#8220;Paix\u00e3o pelo buteco&#8221;.<\/p>\n<p>A primeira etapa do concurso \u00e9 regional, onde a vota\u00e7\u00e3o \u00e9 feita pelo p\u00fablico e jurados da pr\u00f3pria cidade. Depois de eleitos os campe\u00f5es de cada circuito, um outro corpo de jurados visita e avalia os campe\u00f5es para que seja eleito ent\u00e3o, o Melhor Buteco do Brasil. Em julho, numa festa realizada em S\u00e3o Paulo \u00e9 revelado o vencedor.<\/p>\n","protected":false},"excerpt":{"rendered":"<p>Este ano, o festival celebra 25 anos de exist\u00eancia e uma d\u00e9cada no Distrito Federal<\/p>\n","protected":false},"author":54,"featured_media":7013,"comment_status":"open","ping_status":"open","sticky":false,"template":"","format":"standard","meta":{"footnotes":""},"categories":[201],"tags":[205],"class_list":["post-9334","post","type-post","status-publish","format-standard","has-post-thumbnail","hentry","category-festival","tag-comida-di-buteco"],"_links":{"self":[{"href":"https:\/\/blogs.correiobraziliense.com.br\/lianasabo\/wp-json\/wp\/v2\/posts\/9334","targetHints":{"allow":["GET"]}}],"collection":[{"href":"https:\/\/blogs.correiobraziliense.com.br\/lianasabo\/wp-json\/wp\/v2\/posts"}],"about":[{"href":"https:\/\/blogs.correiobraziliense.com.br\/lianasabo\/wp-json\/wp\/v2\/types\/post"}],"author":[{"embeddable":true,"href":"https:\/\/blogs.correiobraziliense.com.br\/lianasabo\/wp-json\/wp\/v2\/users\/54"}],"replies":[{"embeddable":true,"href":"https:\/\/blogs.correiobraziliense.com.br\/lianasabo\/wp-json\/wp\/v2\/comments?post=9334"}],"version-history":[{"count":1,"href":"https:\/\/blogs.correiobraziliense.com.br\/lianasabo\/wp-json\/wp\/v2\/posts\/9334\/revisions"}],"predecessor-version":[{"id":9335,"href":"https:\/\/blogs.correiobraziliense.com.br\/lianasabo\/wp-json\/wp\/v2\/posts\/9334\/revisions\/9335"}],"wp:featuredmedia":[{"embeddable":true,"href":"https:\/\/blogs.correiobraziliense.com.br\/lianasabo\/wp-json\/wp\/v2\/media\/7013"}],"wp:attachment":[{"href":"https:\/\/blogs.correiobraziliense.com.br\/lianasabo\/wp-json\/wp\/v2\/media?parent=9334"}],"wp:term":[{"taxonomy":"category","embeddable":true,"href":"https:\/\/blogs.correiobraziliense.com.br\/lianasabo\/wp-json\/wp\/v2\/categories?post=9334"},{"taxonomy":"post_tag","embeddable":true,"href":"https:\/\/blogs.correiobraziliense.com.br\/lianasabo\/wp-json\/wp\/v2\/tags?post=9334"}],"curies":[{"name":"wp","href":"https:\/\/api.w.org\/{rel}","templated":true}]}}