{"id":9323,"date":"2025-03-21T15:10:39","date_gmt":"2025-03-21T18:10:39","guid":{"rendered":"https:\/\/blogs.correiobraziliense.com.br\/lianasabo\/?p=9323"},"modified":"2025-03-21T15:11:41","modified_gmt":"2025-03-21T18:11:41","slug":"restaurant-week-tera-edicao-comemorativa-aos-65-anos-de-brasilia","status":"publish","type":"post","link":"https:\/\/blogs.correiobraziliense.com.br\/lianasabo\/restaurant-week-tera-edicao-comemorativa-aos-65-anos-de-brasilia\/","title":{"rendered":"Restaurant Week ter\u00e1 edi\u00e7\u00e3o comemorativa aos 65 anos de Bras\u00edlia"},"content":{"rendered":"<p><em>A proposta \u00e9 reunir de 65 at\u00e9 100 estabelecimentos da cidade com menus especiais que estar\u00e3o dispon\u00edveis entre os dias 14 e 27 de abril<\/em><\/p>\n<p>H\u00e1 cinco dias do t\u00e9rmino da 31\u00aa Bras\u00edlia Restaurant Week, uma nova edi\u00e7\u00e3o j\u00e1 est\u00e1 confirmada. A convite da Secretaria de Turismo do Distrito Federal (Setur-DF), a organiza\u00e7\u00e3o do evento far\u00e1 uma edi\u00e7\u00e3o especial em comemora\u00e7\u00e3o aos 65 anos de Bras\u00edlia, a ser celebrado em 21 de abril. O evento far\u00e1 parte da programa\u00e7\u00e3o oficial do GDF para o anivers\u00e1rio da capital federal.<\/p>\n<p>Batizado de Restaurant Week \u2013 Edi\u00e7\u00e3o Especial Bras\u00edlia 65 anos, o festival ser\u00e1 realizado entre os dias 14 e 27 de abril. A expectativa \u00e9 reunir de 65 at\u00e9 100 estabelecimentos da cidade com menus em tr\u00eas etapas por R$ 65, no almo\u00e7o, e R$ 89, no jantar.<\/p>\n<p>\u201cA nossa proposta com essa edi\u00e7\u00e3o \u00e9 poder estimular que os brasilienses que n\u00e3o v\u00e3o viajar possam fazer um tour e aproveitar toda a programa\u00e7\u00e3o do anivers\u00e1rio de Bras\u00edlia almo\u00e7ando e jantando nos restaurantes da a\u00e7\u00e3o com excelente custo benef\u00edcio\u201d, afirma o organizador e representante regional do festival Matheus Dantas.<\/p>\n<p>Ao blog da Liana Sabo, o organizador adiantou que o processo de capta\u00e7\u00e3o dos restaurantes participantes come\u00e7ar\u00e1 na segunda-feira. \u201cVamos propor \u00e0s casas que fa\u00e7am uma homenagem a Bras\u00edlia com os nomes dos pratos. Vai da criatividade de cada casa\u201d, revela o organizador. As casas, inclusive, poder\u00e3o repetir os menus apresentados na 31\u00aa edi\u00e7\u00e3o.<\/p>\n<p>Finalizada no \u00faltimo domingo (16), a 31\u00aa BRW reuniu 165 restaurantes e vendeu mais de 300 mil menus. A estimativa \u00e9 de ter movimentado aproximadamente R$ 30 milh\u00f5es na economia do setor.<\/p>\n<p><strong>Servi\u00e7o<\/strong><br \/>\n<strong>Restaurant Week \u2013 Edi\u00e7\u00e3o Especial Bras\u00edlia 65 anos<\/strong><br \/>\nDe 14 a 17 de abril.<\/p>\n","protected":false},"excerpt":{"rendered":"<p>A proposta \u00e9 reunir de 65 at\u00e9 100 estabelecimentos da cidade com menus especiais que estar\u00e3o dispon\u00edveis entre os dias 14 e 27 de abril<\/p>\n","protected":false},"author":54,"featured_media":9326,"comment_status":"open","ping_status":"open","sticky":false,"template":"","format":"standard","meta":{"footnotes":""},"categories":[201],"tags":[1278,94,202],"class_list":["post-9323","post","type-post","status-publish","format-standard","has-post-thumbnail","hentry","category-festival","tag-65-anos","tag-aniversario-de-brasilia","tag-restaurant-week"],"_links":{"self":[{"href":"https:\/\/blogs.correiobraziliense.com.br\/lianasabo\/wp-json\/wp\/v2\/posts\/9323","targetHints":{"allow":["GET"]}}],"collection":[{"href":"https:\/\/blogs.correiobraziliense.com.br\/lianasabo\/wp-json\/wp\/v2\/posts"}],"about":[{"href":"https:\/\/blogs.correiobraziliense.com.br\/lianasabo\/wp-json\/wp\/v2\/types\/post"}],"author":[{"embeddable":true,"href":"https:\/\/blogs.correiobraziliense.com.br\/lianasabo\/wp-json\/wp\/v2\/users\/54"}],"replies":[{"embeddable":true,"href":"https:\/\/blogs.correiobraziliense.com.br\/lianasabo\/wp-json\/wp\/v2\/comments?post=9323"}],"version-history":[{"count":1,"href":"https:\/\/blogs.correiobraziliense.com.br\/lianasabo\/wp-json\/wp\/v2\/posts\/9323\/revisions"}],"predecessor-version":[{"id":9325,"href":"https:\/\/blogs.correiobraziliense.com.br\/lianasabo\/wp-json\/wp\/v2\/posts\/9323\/revisions\/9325"}],"wp:featuredmedia":[{"embeddable":true,"href":"https:\/\/blogs.correiobraziliense.com.br\/lianasabo\/wp-json\/wp\/v2\/media\/9326"}],"wp:attachment":[{"href":"https:\/\/blogs.correiobraziliense.com.br\/lianasabo\/wp-json\/wp\/v2\/media?parent=9323"}],"wp:term":[{"taxonomy":"category","embeddable":true,"href":"https:\/\/blogs.correiobraziliense.com.br\/lianasabo\/wp-json\/wp\/v2\/categories?post=9323"},{"taxonomy":"post_tag","embeddable":true,"href":"https:\/\/blogs.correiobraziliense.com.br\/lianasabo\/wp-json\/wp\/v2\/tags?post=9323"}],"curies":[{"name":"wp","href":"https:\/\/api.w.org\/{rel}","templated":true}]}}