{"id":9313,"date":"2025-03-20T12:44:28","date_gmt":"2025-03-20T15:44:28","guid":{"rendered":"https:\/\/blogs.correiobraziliense.com.br\/lianasabo\/?p=9313"},"modified":"2025-03-20T12:44:28","modified_gmt":"2025-03-20T15:44:28","slug":"a-garrafeira-recebe-jantar-especial-em-homenagem-as-mulheres","status":"publish","type":"post","link":"https:\/\/blogs.correiobraziliense.com.br\/lianasabo\/a-garrafeira-recebe-jantar-especial-em-homenagem-as-mulheres\/","title":{"rendered":"A Garrafeira recebe jantar especial em homenagem \u00e0s mulheres"},"content":{"rendered":"<p><em>Evento conta com menu exclusivo em tr\u00eas etapas elaborado por uma dupla de chefs<\/em><\/p>\n<p>A loja A Garrafeira recebe, na sexta-feira (21), o evento Brindando com Elas em celebra\u00e7\u00e3o ao M\u00eas da Mulher. Marcada para as 19h, a iniciativa \u00e9 uma experi\u00eancia gastron\u00f4mica a partir de menu elaborado pelos chefs Felipe Meira Tavares Pereira e Rafael Victor Nunes Ara\u00fajo.<\/p>\n<p>No card\u00e1pio ser\u00e3o servidos minicanap\u00e9s como entrada; ragout de ossobuco acompanhado de polenta parmesana como prato principal; e brownie com caramelo salgado e castanhas para sobremesa. Os participantes ter\u00e3o a op\u00e7\u00e3o de harmonizar a refei\u00e7\u00e3o com uma sele\u00e7\u00e3o de vinhos da Importadora Porto a Porto.<\/p>\n<p>A experi\u00eancia gastron\u00f4mica ser\u00e1 iniciada com a deliciosa entrada de mini canap\u00e9s, seguida pelo prato principal: um suculento ragout de ossobuco acompanhado de polenta parmesana. Para ado\u00e7ar a noite, os participantes poder\u00e3o degustar um irresist\u00edvel brownie com caramelo salgado e castanhas.<\/p>\n<p>Para participar \u00e9 preciso adquirir o convite antecipadamente pelo PIX (25534221000170) ao custo de R$ 50 (por pessoa). As bebidas n\u00e3o est\u00e3o inclusas no valor do ingresso. Informa\u00e7\u00f5es: (61) 98123-2520.<\/p>\n","protected":false},"excerpt":{"rendered":"<p>Evento conta com menu exclusivo em tr\u00eas etapas elaborado por uma dupla de chefs<\/p>\n","protected":false},"author":54,"featured_media":9314,"comment_status":"open","ping_status":"open","sticky":false,"template":"","format":"standard","meta":{"footnotes":""},"categories":[486],"tags":[492,378,526,348],"class_list":["post-9313","post","type-post","status-publish","format-standard","has-post-thumbnail","hentry","category-evento","tag-a-garrafeira","tag-dia-da-mulher","tag-jantar","tag-menu"],"_links":{"self":[{"href":"https:\/\/blogs.correiobraziliense.com.br\/lianasabo\/wp-json\/wp\/v2\/posts\/9313","targetHints":{"allow":["GET"]}}],"collection":[{"href":"https:\/\/blogs.correiobraziliense.com.br\/lianasabo\/wp-json\/wp\/v2\/posts"}],"about":[{"href":"https:\/\/blogs.correiobraziliense.com.br\/lianasabo\/wp-json\/wp\/v2\/types\/post"}],"author":[{"embeddable":true,"href":"https:\/\/blogs.correiobraziliense.com.br\/lianasabo\/wp-json\/wp\/v2\/users\/54"}],"replies":[{"embeddable":true,"href":"https:\/\/blogs.correiobraziliense.com.br\/lianasabo\/wp-json\/wp\/v2\/comments?post=9313"}],"version-history":[{"count":1,"href":"https:\/\/blogs.correiobraziliense.com.br\/lianasabo\/wp-json\/wp\/v2\/posts\/9313\/revisions"}],"predecessor-version":[{"id":9315,"href":"https:\/\/blogs.correiobraziliense.com.br\/lianasabo\/wp-json\/wp\/v2\/posts\/9313\/revisions\/9315"}],"wp:featuredmedia":[{"embeddable":true,"href":"https:\/\/blogs.correiobraziliense.com.br\/lianasabo\/wp-json\/wp\/v2\/media\/9314"}],"wp:attachment":[{"href":"https:\/\/blogs.correiobraziliense.com.br\/lianasabo\/wp-json\/wp\/v2\/media?parent=9313"}],"wp:term":[{"taxonomy":"category","embeddable":true,"href":"https:\/\/blogs.correiobraziliense.com.br\/lianasabo\/wp-json\/wp\/v2\/categories?post=9313"},{"taxonomy":"post_tag","embeddable":true,"href":"https:\/\/blogs.correiobraziliense.com.br\/lianasabo\/wp-json\/wp\/v2\/tags?post=9313"}],"curies":[{"name":"wp","href":"https:\/\/api.w.org\/{rel}","templated":true}]}}