{"id":927,"date":"2017-01-20T08:23:35","date_gmt":"2017-01-20T10:23:35","guid":{"rendered":"https:\/\/blogs.correiobraziliense.com.br\/lianasabo\/?p=927"},"modified":"2017-01-19T18:38:21","modified_gmt":"2017-01-19T20:38:21","slug":"restaurante-piccolo-deli-abre-as-portas-na-asa-norte","status":"publish","type":"post","link":"https:\/\/blogs.correiobraziliense.com.br\/lianasabo\/restaurante-piccolo-deli-abre-as-portas-na-asa-norte\/","title":{"rendered":"Restaurante Piccolo Deli abre as portas na Asa Norte"},"content":{"rendered":"<p>A Asa Norte vem sendo um dos endere\u00e7os preferidos para chefs e empres\u00e1rios instalarem seus estabelecimentos. Desta vez \u00e9 a Piccolo Deli, que funciona em esquema de soft open na 409 Norte. A partir de fevereiro, o restaurante funcionar\u00e1 normalmente.<\/p>\n<p>O chef Ville Della Penna e o empres\u00e1rio Ailton Trist\u00e3o apostam num local de lanches r\u00e1pidos com pegada italiana.<\/p>\n<figure id=\"attachment_929\" aria-describedby=\"caption-attachment-929\" style=\"width: 1024px\" class=\"wp-caption aligncenter\"><a href=\"https:\/\/blogs.correiobraziliense.com.br\/lianasabo\/wp-content\/uploads\/sites\/25\/2017\/01\/Terra-Nostra_blog.jpg\" rel=\"attachment wp-att-929\"><img loading=\"lazy\" decoding=\"async\" class=\"wp-image-929 size-large\" src=\"https:\/\/blogs.correiobraziliense.com.br\/lianasabo\/wp-content\/uploads\/sites\/25\/2017\/01\/Terra-Nostra_blog-1024x555.jpg\" alt=\"Terra Nostra_blog\" width=\"1024\" height=\"555\" srcset=\"https:\/\/blogs.correiobraziliense.com.br\/lianasabo\/wp-content\/uploads\/sites\/25\/2017\/01\/Terra-Nostra_blog-1024x555.jpg 1024w, https:\/\/blogs.correiobraziliense.com.br\/lianasabo\/wp-content\/uploads\/sites\/25\/2017\/01\/Terra-Nostra_blog-300x163.jpg 300w, https:\/\/blogs.correiobraziliense.com.br\/lianasabo\/wp-content\/uploads\/sites\/25\/2017\/01\/Terra-Nostra_blog-768x416.jpg 768w, https:\/\/blogs.correiobraziliense.com.br\/lianasabo\/wp-content\/uploads\/sites\/25\/2017\/01\/Terra-Nostra_blog-550x298.jpg 550w, https:\/\/blogs.correiobraziliense.com.br\/lianasabo\/wp-content\/uploads\/sites\/25\/2017\/01\/Terra-Nostra_blog-230x125.jpg 230w, https:\/\/blogs.correiobraziliense.com.br\/lianasabo\/wp-content\/uploads\/sites\/25\/2017\/01\/Terra-Nostra_blog.jpg 1200w\" sizes=\"auto, (max-width: 1024px) 100vw, 1024px\" \/><\/a><figcaption id=\"caption-attachment-929\" class=\"wp-caption-text\">Cr\u00e9ditos: Pedro Santos\/Divulga\u00e7\u00e3o O Terra Nostra combina batata, bacon e sour cream<\/figcaption><\/figure>\n<p>A refei\u00e7\u00e3o pode ser o petisco Terra Nostra, de batatas r\u00fasticas, pastrami e sour cream ou o sandu\u00edche Maialino, que leva lingui\u00e7a de bacon com fonduta de queijo e caramelo de abacaxi.<\/p>\n","protected":false},"excerpt":{"rendered":"<p>A Asa Norte vem sendo um dos endere\u00e7os preferidos para chefs e empres\u00e1rios instalarem seus estabelecimentos. Desta vez \u00e9 a Piccolo Deli, que funciona em esquema de soft open na 409 Norte. A partir de fevereiro, o restaurante funcionar\u00e1 normalmente. O chef Ville Della Penna e o empres\u00e1rio Ailton Trist\u00e3o apostam num local de lanches r\u00e1pidos com pegada italiana. A [&hellip;]<\/p>\n","protected":false},"author":54,"featured_media":928,"comment_status":"open","ping_status":"open","sticky":false,"template":"","format":"standard","meta":{"footnotes":""},"categories":[1],"tags":[],"class_list":["post-927","post","type-post","status-publish","format-standard","has-post-thumbnail","hentry","category-sem-categoria"],"_links":{"self":[{"href":"https:\/\/blogs.correiobraziliense.com.br\/lianasabo\/wp-json\/wp\/v2\/posts\/927","targetHints":{"allow":["GET"]}}],"collection":[{"href":"https:\/\/blogs.correiobraziliense.com.br\/lianasabo\/wp-json\/wp\/v2\/posts"}],"about":[{"href":"https:\/\/blogs.correiobraziliense.com.br\/lianasabo\/wp-json\/wp\/v2\/types\/post"}],"author":[{"embeddable":true,"href":"https:\/\/blogs.correiobraziliense.com.br\/lianasabo\/wp-json\/wp\/v2\/users\/54"}],"replies":[{"embeddable":true,"href":"https:\/\/blogs.correiobraziliense.com.br\/lianasabo\/wp-json\/wp\/v2\/comments?post=927"}],"version-history":[{"count":1,"href":"https:\/\/blogs.correiobraziliense.com.br\/lianasabo\/wp-json\/wp\/v2\/posts\/927\/revisions"}],"predecessor-version":[{"id":930,"href":"https:\/\/blogs.correiobraziliense.com.br\/lianasabo\/wp-json\/wp\/v2\/posts\/927\/revisions\/930"}],"wp:featuredmedia":[{"embeddable":true,"href":"https:\/\/blogs.correiobraziliense.com.br\/lianasabo\/wp-json\/wp\/v2\/media\/928"}],"wp:attachment":[{"href":"https:\/\/blogs.correiobraziliense.com.br\/lianasabo\/wp-json\/wp\/v2\/media?parent=927"}],"wp:term":[{"taxonomy":"category","embeddable":true,"href":"https:\/\/blogs.correiobraziliense.com.br\/lianasabo\/wp-json\/wp\/v2\/categories?post=927"},{"taxonomy":"post_tag","embeddable":true,"href":"https:\/\/blogs.correiobraziliense.com.br\/lianasabo\/wp-json\/wp\/v2\/tags?post=927"}],"curies":[{"name":"wp","href":"https:\/\/api.w.org\/{rel}","templated":true}]}}