{"id":9263,"date":"2025-03-07T16:17:11","date_gmt":"2025-03-07T19:17:11","guid":{"rendered":"https:\/\/blogs.correiobraziliense.com.br\/lianasabo\/?p=9263"},"modified":"2025-03-07T16:21:07","modified_gmt":"2025-03-07T19:21:07","slug":"no-dia-internacional-da-mulher-autoras-participam-de-roda-de-conversa-no-espaco-a-garrafeira","status":"publish","type":"post","link":"https:\/\/blogs.correiobraziliense.com.br\/lianasabo\/no-dia-internacional-da-mulher-autoras-participam-de-roda-de-conversa-no-espaco-a-garrafeira\/","title":{"rendered":"No Dia Internacional da Mulher, autoras participam de roda de conversa no espa\u00e7o A Garrafeira"},"content":{"rendered":"<p><strong>O evento vai reunir oito mulheres em debate sobre as obras e sess\u00e3o de aut\u00f3grafos<\/strong><\/p>\n<p>A Loja A Garrafeira, em colabora\u00e7\u00e3o com a Feira A Garrafeira, comemora o Dia Internacional da Mulher com um evento especial, aberto ao p\u00fablico, que reunir\u00e1 oito escritoras para apresentarem suas obras e participarem de uma sess\u00e3o de aut\u00f3grafos, a partir das 11h, na 215 Sul.<\/p>\n<p>A abertura ser\u00e1 conduzida pela empres\u00e1ria e coordenadora da Feira, Beatriz Schwab. Coordenada pela empres\u00e1ria Lucia Maria da Rocha, a roda de conversa ter\u00e1 a psic\u00f3loga M\u00e9rian Borges como mediadora e a professora de literatura da UnB, Ana Clara Magalh\u00e3es, como cerimonialista.<\/p>\n<p><a href=\"https:\/\/blogs.correiobraziliense.com.br\/lianasabo\/wp-content\/uploads\/sites\/25\/2025\/03\/81InSQLYYvL._UF8941000_QL80_.jpg\"><img loading=\"lazy\" decoding=\"async\" class=\"alignleft size-medium wp-image-9267\" src=\"https:\/\/blogs.correiobraziliense.com.br\/lianasabo\/wp-content\/uploads\/sites\/25\/2025\/03\/81InSQLYYvL._UF8941000_QL80_-233x300.jpg\" alt=\"\" width=\"233\" height=\"300\" srcset=\"https:\/\/blogs.correiobraziliense.com.br\/lianasabo\/wp-content\/uploads\/sites\/25\/2025\/03\/81InSQLYYvL._UF8941000_QL80_-233x300.jpg 233w, https:\/\/blogs.correiobraziliense.com.br\/lianasabo\/wp-content\/uploads\/sites\/25\/2025\/03\/81InSQLYYvL._UF8941000_QL80_-768x987.jpg 768w, https:\/\/blogs.correiobraziliense.com.br\/lianasabo\/wp-content\/uploads\/sites\/25\/2025\/03\/81InSQLYYvL._UF8941000_QL80_-550x707.jpg 550w, https:\/\/blogs.correiobraziliense.com.br\/lianasabo\/wp-content\/uploads\/sites\/25\/2025\/03\/81InSQLYYvL._UF8941000_QL80_-230x296.jpg 230w, https:\/\/blogs.correiobraziliense.com.br\/lianasabo\/wp-content\/uploads\/sites\/25\/2025\/03\/81InSQLYYvL._UF8941000_QL80_.jpg 778w\" sizes=\"auto, (max-width: 233px) 100vw, 233px\" \/><\/a><\/p>\n<p>O encontro contar\u00e1 com as presen\u00e7as de Ana Maria Freitas Coelho (<em>Solteiros Novamente<\/em>), Ta\u0302nia Alexandra Malinski Alberti (<em>O Conceito de Desenvolvimento Segundo Hegel<\/em>), Margarida Patriota (<em>Rever\u00eancia de Corpo Ausente<\/em>), Rachel Alves Nariyoshi (<em>Vinhos: Hist\u00f3rias, Cultura e Informa\u00e7\u00e3o<\/em>), Glaucia Machado (<em>Palavras que mudaram o mundo e contos de viagem<\/em>), Andreia Salles (<em>A G\u00f4ndola Vermelha<\/em>), Isabel Barbosa Pacheco Silva (<em>O Vinho por Elas &#8211; Um Universo Al\u00e9m dos R\u00f3tulos<\/em>) e \u2013 com muita honra e alegria, a colunista que vos escreve \u2013 Liana Sabo (<em>Hist\u00f3rias dos Sabores que Vivi<\/em>).<\/p>\n<p>No per\u00edodo da tarde, a partir de 13h30, a Feira da Garrafeira recebe o projeto <em>Literatura Cura<\/em>, sob a coordena\u00e7\u00e3o do diretor-presidente do Instituto Chamaeleon, Andrey do Amaral, com a participa\u00e7\u00e3o de escritores e show com os cantores C\u00e9lia Rabelo e Sim\u00e3o Santos.<\/p>\n","protected":false},"excerpt":{"rendered":"<p>O evento vai reunir oito mulheres em debate sobre as obras e sess\u00e3o de aut\u00f3grafos<\/p>\n","protected":false},"author":54,"featured_media":9264,"comment_status":"open","ping_status":"open","sticky":false,"template":"","format":"standard","meta":{"footnotes":""},"categories":[486],"tags":[],"class_list":["post-9263","post","type-post","status-publish","format-standard","has-post-thumbnail","hentry","category-evento"],"_links":{"self":[{"href":"https:\/\/blogs.correiobraziliense.com.br\/lianasabo\/wp-json\/wp\/v2\/posts\/9263","targetHints":{"allow":["GET"]}}],"collection":[{"href":"https:\/\/blogs.correiobraziliense.com.br\/lianasabo\/wp-json\/wp\/v2\/posts"}],"about":[{"href":"https:\/\/blogs.correiobraziliense.com.br\/lianasabo\/wp-json\/wp\/v2\/types\/post"}],"author":[{"embeddable":true,"href":"https:\/\/blogs.correiobraziliense.com.br\/lianasabo\/wp-json\/wp\/v2\/users\/54"}],"replies":[{"embeddable":true,"href":"https:\/\/blogs.correiobraziliense.com.br\/lianasabo\/wp-json\/wp\/v2\/comments?post=9263"}],"version-history":[{"count":5,"href":"https:\/\/blogs.correiobraziliense.com.br\/lianasabo\/wp-json\/wp\/v2\/posts\/9263\/revisions"}],"predecessor-version":[{"id":9270,"href":"https:\/\/blogs.correiobraziliense.com.br\/lianasabo\/wp-json\/wp\/v2\/posts\/9263\/revisions\/9270"}],"wp:featuredmedia":[{"embeddable":true,"href":"https:\/\/blogs.correiobraziliense.com.br\/lianasabo\/wp-json\/wp\/v2\/media\/9264"}],"wp:attachment":[{"href":"https:\/\/blogs.correiobraziliense.com.br\/lianasabo\/wp-json\/wp\/v2\/media?parent=9263"}],"wp:term":[{"taxonomy":"category","embeddable":true,"href":"https:\/\/blogs.correiobraziliense.com.br\/lianasabo\/wp-json\/wp\/v2\/categories?post=9263"},{"taxonomy":"post_tag","embeddable":true,"href":"https:\/\/blogs.correiobraziliense.com.br\/lianasabo\/wp-json\/wp\/v2\/tags?post=9263"}],"curies":[{"name":"wp","href":"https:\/\/api.w.org\/{rel}","templated":true}]}}