{"id":9190,"date":"2025-01-22T16:41:08","date_gmt":"2025-01-22T19:41:08","guid":{"rendered":"https:\/\/blogs.correiobraziliense.com.br\/lianasabo\/?p=9190"},"modified":"2025-01-22T16:41:08","modified_gmt":"2025-01-22T19:41:08","slug":"associacao-brasileira-de-sommeliers-abs-df-lanca-cursos-profissionalizantes-de-2025","status":"publish","type":"post","link":"https:\/\/blogs.correiobraziliense.com.br\/lianasabo\/associacao-brasileira-de-sommeliers-abs-df-lanca-cursos-profissionalizantes-de-2025\/","title":{"rendered":"Associa\u00e7\u00e3o Brasileira de Sommeliers (ABS-DF) lan\u00e7a cursos profissionalizantes de 2025"},"content":{"rendered":"<p><em>As inscri\u00e7\u00f5es est\u00e3o abertas para aulas de vinho express e sommelier; as capacita\u00e7\u00f5es come\u00e7am em fevereiro<\/em><\/p>\n<p>Os admiradores de vinhos podem iniciar o ano se especializando no tema. A Associa\u00e7\u00e3o Brasileira de Sommeliers do Distrito Federal (ABS-DF) promover\u00e1, a partir de fevereiro, cinco cursos nas \u00e1reas de vinho express e sommelier, em lan\u00e7amento as aulas de 2025.<\/p>\n<p>O m\u00eas come\u00e7a com a aula de vinho express. Ser\u00e3o tr\u00eas horas de curso no s\u00e1bado, 8 de fevereiro, das 15h \u00e0s 18h, na sede da ABS-DF, na SHCN EQN 102\/103 Norte, Sala 6B, Edif\u00edcio Avenida 102. Na sequ\u00eancia ser\u00e1 ministrado o curso n\u00edvel 1, em 12 de fevereiro.<\/p>\n<p>Para a especializa\u00e7\u00e3o em sommelier ser\u00e3o tr\u00eas op\u00e7\u00f5es de cursos. A partir do dia 14 come\u00e7a a turma que far\u00e1 as aulas uma vez no m\u00eas no fim de semana. A turma que se inicia em 17 de fevereiro ter\u00e1 carga hor\u00e1rio segunda e ter\u00e7a-feira \u00e0 noite. J\u00e1 a classe do dia 22 de fevereiro ter\u00e1 aulas sempre aos s\u00e1bados pela manh\u00e3.<\/p>\n<p>Para valores e formas de pagamento, basta entrar em contato pelo WhatsApp (61 99176-7259). Atendimento de segunda \u00e0 sexta-feira, das 13h \u00e0s 17h. Mais informa\u00e7\u00f5es: <a href=\"https:\/\/www.instagram.com\/_abs_df\">https:\/\/www.instagram.com\/_abs_df<\/a>.<\/p>\n","protected":false},"excerpt":{"rendered":"<p>As inscri\u00e7\u00f5es est\u00e3o abertas para aulas de vinho express e sommelier; as capacita\u00e7\u00f5es come\u00e7am em fevereiro<\/p>\n","protected":false},"author":54,"featured_media":9191,"comment_status":"open","ping_status":"open","sticky":false,"template":"","format":"standard","meta":{"footnotes":""},"categories":[476],"tags":[1260,1261,1262],"class_list":["post-9190","post","type-post","status-publish","format-standard","has-post-thumbnail","hentry","category-curso","tag-associacao-brasileira-de-sommeliers","tag-cursos","tag-profissionalizantes"],"_links":{"self":[{"href":"https:\/\/blogs.correiobraziliense.com.br\/lianasabo\/wp-json\/wp\/v2\/posts\/9190","targetHints":{"allow":["GET"]}}],"collection":[{"href":"https:\/\/blogs.correiobraziliense.com.br\/lianasabo\/wp-json\/wp\/v2\/posts"}],"about":[{"href":"https:\/\/blogs.correiobraziliense.com.br\/lianasabo\/wp-json\/wp\/v2\/types\/post"}],"author":[{"embeddable":true,"href":"https:\/\/blogs.correiobraziliense.com.br\/lianasabo\/wp-json\/wp\/v2\/users\/54"}],"replies":[{"embeddable":true,"href":"https:\/\/blogs.correiobraziliense.com.br\/lianasabo\/wp-json\/wp\/v2\/comments?post=9190"}],"version-history":[{"count":1,"href":"https:\/\/blogs.correiobraziliense.com.br\/lianasabo\/wp-json\/wp\/v2\/posts\/9190\/revisions"}],"predecessor-version":[{"id":9192,"href":"https:\/\/blogs.correiobraziliense.com.br\/lianasabo\/wp-json\/wp\/v2\/posts\/9190\/revisions\/9192"}],"wp:featuredmedia":[{"embeddable":true,"href":"https:\/\/blogs.correiobraziliense.com.br\/lianasabo\/wp-json\/wp\/v2\/media\/9191"}],"wp:attachment":[{"href":"https:\/\/blogs.correiobraziliense.com.br\/lianasabo\/wp-json\/wp\/v2\/media?parent=9190"}],"wp:term":[{"taxonomy":"category","embeddable":true,"href":"https:\/\/blogs.correiobraziliense.com.br\/lianasabo\/wp-json\/wp\/v2\/categories?post=9190"},{"taxonomy":"post_tag","embeddable":true,"href":"https:\/\/blogs.correiobraziliense.com.br\/lianasabo\/wp-json\/wp\/v2\/tags?post=9190"}],"curies":[{"name":"wp","href":"https:\/\/api.w.org\/{rel}","templated":true}]}}