{"id":9181,"date":"2025-01-20T12:58:09","date_gmt":"2025-01-20T15:58:09","guid":{"rendered":"https:\/\/blogs.correiobraziliense.com.br\/lianasabo\/?p=9181"},"modified":"2025-01-20T12:58:09","modified_gmt":"2025-01-20T15:58:09","slug":"mane-mercado-tera-operacoes-em-sao-paulo-no-lago-sul-e-em-aguas-claras","status":"publish","type":"post","link":"https:\/\/blogs.correiobraziliense.com.br\/lianasabo\/mane-mercado-tera-operacoes-em-sao-paulo-no-lago-sul-e-em-aguas-claras\/","title":{"rendered":"Man\u00e9 Mercado ter\u00e1 opera\u00e7\u00f5es em S\u00e3o Paulo, no Lago Sul e em \u00c1guas Claras"},"content":{"rendered":"<p><em>Ap\u00f3s sucesso na \u00e1rea central de Bras\u00edlia, formato ter\u00e1 expans\u00f5es com perfis espec\u00edficos para cada localidade<\/em><\/p>\n<p>Inaugurado em 2022, o Man\u00e9 Mercado V\u00edrgula virou nos \u00faltimos anos queridinho dos brasilienses. O complexo gastron\u00f4mico ao lado da Arena BRB Man\u00e9 Garrincha surgiu inspirado nos mercados internacionais e logo ganhou uma cara candanga, com estabelecimentos de renome da cidade e servi\u00e7o de atendimento nas mesas \u2013 um diferencial nesse formato de opera\u00e7\u00e3o.<\/p>\n<p>A confirma\u00e7\u00e3o do sucesso do projeto n\u00e3o se d\u00e1 apenas pela lota\u00e7\u00e3o do espa\u00e7o \u2013 que est\u00e1 sempre cheio \u2013, mas pela expans\u00e3o. Em 2025, o Man\u00e9 Mercado vai inaugurar tr\u00eas novas unidades, sendo duas no Distrito Federal e uma em S\u00e3o Paulo.<\/p>\n<p><strong>\u00c1guas Claras<\/strong><\/p>\n<p>A expectativa \u00e9 de que em julho seja lan\u00e7ado o Man\u00e9 de \u00c1guas Claras. A unidade ter\u00e1 como principal perfil o p\u00fablico fam\u00edlia, al\u00e9m disso, ser\u00e1 a oportunidade da cidade receber opera\u00e7\u00f5es que ainda n\u00e3o chegaram \u00e0 regi\u00e3o.<\/p>\n<p>\u201cO Man\u00e9 de \u00c1guas Claras ter\u00e1 um conceito muito mais fam\u00edlia. A concep\u00e7\u00e3o inteira envolve levar uma gastronomia qualificada para \u00c1guas Claras, que \u00e9 uma demanda reprimida da regi\u00e3o hoje\u201d, comenta Saulo Sarmento, s\u00f3cio da R2 Produ\u00e7\u00f5es e diretor executivo do Man\u00e9 Mercado V\u00edrgula.<\/p>\n<p><strong>Lago Sul<\/strong><\/p>\n<p>A opera\u00e7\u00e3o do Lago Sul estreia em outubro junto com o shopping Partage, que ser\u00e1 instalado ao lado do Aeroporto Internacional de Bras\u00edlia. Al\u00e9m de atender os turistas, o complexo tamb\u00e9m pretende ser uma op\u00e7\u00e3o para os moradores do Lago Sul e do Park Way.<\/p>\n<p>\u201cVamos ter uma ader\u00eancia muito grande dos turistas pela proximidade com o aeroporto e dos hot\u00e9is. Al\u00e9m disso, \u00e9 uma forma de atender uma regi\u00e3o que \u00e9 desprovida de servi\u00e7os\u201d, complementa o s\u00f3cio.<\/p>\n<p><strong>S\u00e3o Paulo<\/strong><\/p>\n<p>Em S\u00e3o Paulo, a inten\u00e7\u00e3o \u00e9 iniciar as obras em junho e inaugurar em novembro uma unidade no Shopping West Plaza nas proximidades do Allianz Parque, est\u00e1dio do Palmeiras conhecido por receber shows nacionais e internacionais. \u201cA ideia do West Plaza \u00e9 que tenha um conceito muito parecido esse aqui do Man\u00e9 Mercado no Eixo Monumental, com comidas de m\u00e3o e as pessoas nos balc\u00f5es\u201d, adianta.<\/p>\n<p>Apesar das particularidades, todas as unidades seguir\u00e3o um padr\u00e3o conceitual com adega central \u2013 rec\u00e9m-lan\u00e7ada no Man\u00e9 Mercado \u2013, bar da Heineken e bar de drinques. \u201cO Mercado como ele \u00e9 vivo tem v\u00e1rias formas de modular. Mas a adega central vai vir junto com a concep\u00e7\u00e3o do projeto, assim como o Bar da Heineken, os bares de drinques e algumas opera\u00e7\u00f5es que hoje est\u00e3o no Mercado\u201d, complementa Saulo Sarmento.<\/p>\n","protected":false},"excerpt":{"rendered":"<p>Ap\u00f3s sucesso na \u00e1rea central de Bras\u00edlia, formato ter\u00e1 expans\u00f5es com perfis espec\u00edficos para cada localidade<\/p>\n","protected":false},"author":54,"featured_media":6662,"comment_status":"open","ping_status":"open","sticky":false,"template":"","format":"standard","meta":{"footnotes":""},"categories":[326],"tags":[138,561,764,507],"class_list":["post-9181","post","type-post","status-publish","format-standard","has-post-thumbnail","hentry","category-restaurantes","tag-aguas-claras","tag-lago-sul","tag-mane-mercado-virgula","tag-sao-paulo"],"_links":{"self":[{"href":"https:\/\/blogs.correiobraziliense.com.br\/lianasabo\/wp-json\/wp\/v2\/posts\/9181","targetHints":{"allow":["GET"]}}],"collection":[{"href":"https:\/\/blogs.correiobraziliense.com.br\/lianasabo\/wp-json\/wp\/v2\/posts"}],"about":[{"href":"https:\/\/blogs.correiobraziliense.com.br\/lianasabo\/wp-json\/wp\/v2\/types\/post"}],"author":[{"embeddable":true,"href":"https:\/\/blogs.correiobraziliense.com.br\/lianasabo\/wp-json\/wp\/v2\/users\/54"}],"replies":[{"embeddable":true,"href":"https:\/\/blogs.correiobraziliense.com.br\/lianasabo\/wp-json\/wp\/v2\/comments?post=9181"}],"version-history":[{"count":1,"href":"https:\/\/blogs.correiobraziliense.com.br\/lianasabo\/wp-json\/wp\/v2\/posts\/9181\/revisions"}],"predecessor-version":[{"id":9182,"href":"https:\/\/blogs.correiobraziliense.com.br\/lianasabo\/wp-json\/wp\/v2\/posts\/9181\/revisions\/9182"}],"wp:featuredmedia":[{"embeddable":true,"href":"https:\/\/blogs.correiobraziliense.com.br\/lianasabo\/wp-json\/wp\/v2\/media\/6662"}],"wp:attachment":[{"href":"https:\/\/blogs.correiobraziliense.com.br\/lianasabo\/wp-json\/wp\/v2\/media?parent=9181"}],"wp:term":[{"taxonomy":"category","embeddable":true,"href":"https:\/\/blogs.correiobraziliense.com.br\/lianasabo\/wp-json\/wp\/v2\/categories?post=9181"},{"taxonomy":"post_tag","embeddable":true,"href":"https:\/\/blogs.correiobraziliense.com.br\/lianasabo\/wp-json\/wp\/v2\/tags?post=9181"}],"curies":[{"name":"wp","href":"https:\/\/api.w.org\/{rel}","templated":true}]}}