{"id":9170,"date":"2025-01-08T15:44:51","date_gmt":"2025-01-08T18:44:51","guid":{"rendered":"https:\/\/blogs.correiobraziliense.com.br\/lianasabo\/?p=9170"},"modified":"2025-01-08T15:44:51","modified_gmt":"2025-01-08T18:44:51","slug":"hana-restaurante-tera-um-novo-prato-especial-por-semana-ate-2-de-fevereiro","status":"publish","type":"post","link":"https:\/\/blogs.correiobraziliense.com.br\/lianasabo\/hana-restaurante-tera-um-novo-prato-especial-por-semana-ate-2-de-fevereiro\/","title":{"rendered":"Han\u00e1 Restaurante ter\u00e1 um novo prato especial por semana at\u00e9 2 de fevereiro"},"content":{"rendered":"<p><em>As receitas se juntam as 11 op\u00e7\u00f5es tradicionais do estabelecimento<\/em><\/p>\n<p>Novos sabores de pratos quentes ser\u00e3o incorporados ao buf\u00ea do Han\u00e1 Restaurante, na 408 Sul. At\u00e9 2 de fevereiro, semanalmente uma nova receita se juntam as 11 op\u00e7\u00f5es tradicionais do estabelecimento. A primeira semana do projeto, que vai at\u00e9 domingo (12), conta com a paella oriental com frutos do mar no menu.<\/p>\n<figure id=\"attachment_9174\" aria-describedby=\"caption-attachment-9174\" style=\"width: 300px\" class=\"wp-caption alignleft\"><a href=\"https:\/\/blogs.correiobraziliense.com.br\/lianasabo\/wp-content\/uploads\/sites\/25\/2025\/01\/Hana\u0301_Paella-Oriental_FotoDivulgac\u0327a\u0303o.jpeg\"><img loading=\"lazy\" decoding=\"async\" class=\"size-medium wp-image-9174\" src=\"https:\/\/blogs.correiobraziliense.com.br\/lianasabo\/wp-content\/uploads\/sites\/25\/2025\/01\/Hana\u0301_Paella-Oriental_FotoDivulgac\u0327a\u0303o-300x225.jpeg\" alt=\"\" width=\"300\" height=\"225\" srcset=\"https:\/\/blogs.correiobraziliense.com.br\/lianasabo\/wp-content\/uploads\/sites\/25\/2025\/01\/Hana\u0301_Paella-Oriental_FotoDivulgac\u0327a\u0303o-300x225.jpeg 300w, https:\/\/blogs.correiobraziliense.com.br\/lianasabo\/wp-content\/uploads\/sites\/25\/2025\/01\/Hana\u0301_Paella-Oriental_FotoDivulgac\u0327a\u0303o-550x413.jpeg 550w, https:\/\/blogs.correiobraziliense.com.br\/lianasabo\/wp-content\/uploads\/sites\/25\/2025\/01\/Hana\u0301_Paella-Oriental_FotoDivulgac\u0327a\u0303o-230x173.jpeg 230w, https:\/\/blogs.correiobraziliense.com.br\/lianasabo\/wp-content\/uploads\/sites\/25\/2025\/01\/Hana\u0301_Paella-Oriental_FotoDivulgac\u0327a\u0303o.jpeg 640w\" sizes=\"auto, (max-width: 300px) 100vw, 300px\" \/><\/a><figcaption id=\"caption-attachment-9174\" class=\"wp-caption-text\">Cr\u00e9dito: Han\u00e1\/Divulga\u00e7\u00e3o<\/figcaption><\/figure>\n<p>Entre os dias 13 e 19 \u00e9 a vez do bob\u00f3 de camar\u00e3o. De 20 a 26, a pedida \u00e9 o pad thai que combina camar\u00e3o, legumes e lula temperados com uma sele\u00e7\u00e3o de molhos e especiarias orientais. Para encerrar, de 27 de janeiro a 2 de fevereiro, tem til\u00e1pia ao molho de gorgonzola.<\/p>\n<p>\u00c9 poss\u00edvel apreciar os pratos tanto no buf\u00ea light (R $99,90 no almo\u00e7o e jantar), que \u00e9 composto por mais de 40 pe\u00e7as de sushi e 11 pratos quentes \u00e0 vontade, quanto no rod\u00edzio premium (R$ 119,90, no almo\u00e7o de segunda a quinta, R$ 129,90, no almo\u00e7o de sexta, s\u00e1bado e domingo e no jantar, todos os dias, R$129,90), que inclui todas as op\u00e7\u00f5es do buf\u00ea e outros pratos servidos diretamente na mesa.<\/p>\n<p>Han\u00e1 Restaurante funciona no almo\u00e7o de segunda a sexta-feira, das 12h \u00e0s 15h e s\u00e1bados e domingo, das 12h \u00e0s 16h, e no jantar de domingo a quinta-feira, das 18h30 \u00e0s 23h, e sexta e s\u00e1bado, das 18h30 \u00e0 0h. Informa\u00e7\u00f5es: (61) 3244-9999.<\/p>\n","protected":false},"excerpt":{"rendered":"<p>As receitas se juntam as 11 op\u00e7\u00f5es tradicionais do estabelecimento<\/p>\n","protected":false},"author":54,"featured_media":9173,"comment_status":"open","ping_status":"open","sticky":false,"template":"","format":"standard","meta":{"footnotes":""},"categories":[326],"tags":[1256,452,1034,1257],"class_list":["post-9170","post","type-post","status-publish","format-standard","has-post-thumbnail","hentry","category-restaurantes","tag-hana-restaurante","tag-pratos","tag-receitas","tag-sabores"],"_links":{"self":[{"href":"https:\/\/blogs.correiobraziliense.com.br\/lianasabo\/wp-json\/wp\/v2\/posts\/9170","targetHints":{"allow":["GET"]}}],"collection":[{"href":"https:\/\/blogs.correiobraziliense.com.br\/lianasabo\/wp-json\/wp\/v2\/posts"}],"about":[{"href":"https:\/\/blogs.correiobraziliense.com.br\/lianasabo\/wp-json\/wp\/v2\/types\/post"}],"author":[{"embeddable":true,"href":"https:\/\/blogs.correiobraziliense.com.br\/lianasabo\/wp-json\/wp\/v2\/users\/54"}],"replies":[{"embeddable":true,"href":"https:\/\/blogs.correiobraziliense.com.br\/lianasabo\/wp-json\/wp\/v2\/comments?post=9170"}],"version-history":[{"count":1,"href":"https:\/\/blogs.correiobraziliense.com.br\/lianasabo\/wp-json\/wp\/v2\/posts\/9170\/revisions"}],"predecessor-version":[{"id":9175,"href":"https:\/\/blogs.correiobraziliense.com.br\/lianasabo\/wp-json\/wp\/v2\/posts\/9170\/revisions\/9175"}],"wp:featuredmedia":[{"embeddable":true,"href":"https:\/\/blogs.correiobraziliense.com.br\/lianasabo\/wp-json\/wp\/v2\/media\/9173"}],"wp:attachment":[{"href":"https:\/\/blogs.correiobraziliense.com.br\/lianasabo\/wp-json\/wp\/v2\/media?parent=9170"}],"wp:term":[{"taxonomy":"category","embeddable":true,"href":"https:\/\/blogs.correiobraziliense.com.br\/lianasabo\/wp-json\/wp\/v2\/categories?post=9170"},{"taxonomy":"post_tag","embeddable":true,"href":"https:\/\/blogs.correiobraziliense.com.br\/lianasabo\/wp-json\/wp\/v2\/tags?post=9170"}],"curies":[{"name":"wp","href":"https:\/\/api.w.org\/{rel}","templated":true}]}}