{"id":917,"date":"2017-01-17T12:19:09","date_gmt":"2017-01-17T14:19:09","guid":{"rendered":"https:\/\/blogs.correiobraziliense.com.br\/lianasabo\/?p=917"},"modified":"2017-01-17T12:19:09","modified_gmt":"2017-01-17T14:19:09","slug":"dom-francisco-realiza-festival-de-bacalhau-ate-fevereiro","status":"publish","type":"post","link":"https:\/\/blogs.correiobraziliense.com.br\/lianasabo\/dom-francisco-realiza-festival-de-bacalhau-ate-fevereiro\/","title":{"rendered":"Dom Francisco realiza festival de bacalhau at\u00e9 fevereiro"},"content":{"rendered":"<p>Quem quer bacalhau? Se for do Dom Francisco, \u00e9 mais f\u00e1cil descobrir quem n\u00e3o quer. Pois, o restaurante realiza, at\u00e9 o fim de fevereiro, a edi\u00e7\u00e3o deste ano do tradicional Festival do Bacalhau Dom Francisco.<\/p>\n<p>O chef Francisco Ansiliero preparou\u00a0 cinco tipos diferentes de pratos servidos \u00e0 noite, por R$ 99, a por\u00e7\u00e3o para duas pessoas.<\/p>\n<p>O menu tem bacalhau \u00e0 Gomes de S\u00e1 (assado em fundo de azeite, cebolas douradas em azeite, batatas em cubos fritas em \u00f3leo e ovos cozidos cortados); desfiado tradicional (ao forno com batatas, cebolas, piment\u00f5es verdes, azeitonas pretas e azeite); bacalhau \u00e0 Br\u00e1s (na panela ou frigideira em fundo de azeite e alho, ovos cozidos picados e batata palha); bacalhau arom\u00e1tico (na panela com azeite, folhas de louro, or\u00e9gano, alho por\u00f3, tomates sem sementes picados, salsa e cebolinha) e bacalhau de natas (ao forno com azeite, batatas, cebolas e natas.<\/p>\n<p>O festival ser\u00e1 servido somente no jantar no Dom Francisco da Asbac (3226-2005\/ 3224-8429\/ 3224-5679).<\/p>\n","protected":false},"excerpt":{"rendered":"<p>Quem quer bacalhau? Se for do Dom Francisco, \u00e9 mais f\u00e1cil descobrir quem n\u00e3o quer. Pois, o restaurante realiza, at\u00e9 o fim de fevereiro, a edi\u00e7\u00e3o deste ano do tradicional Festival do Bacalhau Dom Francisco. O chef Francisco Ansiliero preparou\u00a0 cinco tipos diferentes de pratos servidos \u00e0 noite, por R$ 99, a por\u00e7\u00e3o para duas pessoas. O menu tem bacalhau [&hellip;]<\/p>\n","protected":false},"author":54,"featured_media":918,"comment_status":"open","ping_status":"open","sticky":false,"template":"","format":"standard","meta":{"footnotes":""},"categories":[1],"tags":[],"class_list":["post-917","post","type-post","status-publish","format-standard","has-post-thumbnail","hentry","category-sem-categoria"],"_links":{"self":[{"href":"https:\/\/blogs.correiobraziliense.com.br\/lianasabo\/wp-json\/wp\/v2\/posts\/917","targetHints":{"allow":["GET"]}}],"collection":[{"href":"https:\/\/blogs.correiobraziliense.com.br\/lianasabo\/wp-json\/wp\/v2\/posts"}],"about":[{"href":"https:\/\/blogs.correiobraziliense.com.br\/lianasabo\/wp-json\/wp\/v2\/types\/post"}],"author":[{"embeddable":true,"href":"https:\/\/blogs.correiobraziliense.com.br\/lianasabo\/wp-json\/wp\/v2\/users\/54"}],"replies":[{"embeddable":true,"href":"https:\/\/blogs.correiobraziliense.com.br\/lianasabo\/wp-json\/wp\/v2\/comments?post=917"}],"version-history":[{"count":1,"href":"https:\/\/blogs.correiobraziliense.com.br\/lianasabo\/wp-json\/wp\/v2\/posts\/917\/revisions"}],"predecessor-version":[{"id":919,"href":"https:\/\/blogs.correiobraziliense.com.br\/lianasabo\/wp-json\/wp\/v2\/posts\/917\/revisions\/919"}],"wp:featuredmedia":[{"embeddable":true,"href":"https:\/\/blogs.correiobraziliense.com.br\/lianasabo\/wp-json\/wp\/v2\/media\/918"}],"wp:attachment":[{"href":"https:\/\/blogs.correiobraziliense.com.br\/lianasabo\/wp-json\/wp\/v2\/media?parent=917"}],"wp:term":[{"taxonomy":"category","embeddable":true,"href":"https:\/\/blogs.correiobraziliense.com.br\/lianasabo\/wp-json\/wp\/v2\/categories?post=917"},{"taxonomy":"post_tag","embeddable":true,"href":"https:\/\/blogs.correiobraziliense.com.br\/lianasabo\/wp-json\/wp\/v2\/tags?post=917"}],"curies":[{"name":"wp","href":"https:\/\/api.w.org\/{rel}","templated":true}]}}