{"id":9159,"date":"2024-12-29T16:42:55","date_gmt":"2024-12-29T19:42:55","guid":{"rendered":"https:\/\/blogs.correiobraziliense.com.br\/lianasabo\/?p=9159"},"modified":"2024-12-29T16:44:13","modified_gmt":"2024-12-29T19:44:13","slug":"trattoria-da-rosario-estara-aberta-em-1o-de-janeiro","status":"publish","type":"post","link":"https:\/\/blogs.correiobraziliense.com.br\/lianasabo\/trattoria-da-rosario-estara-aberta-em-1o-de-janeiro\/","title":{"rendered":"Trattoria da Rosario estar\u00e1 aberta em 1\u00ba de janeiro"},"content":{"rendered":"<p>Ap\u00f3s um per\u00edodo de recesso durante a semana do Natal, a Trattoria da Rosario, na QI 7 do Lago Sul, estar\u00e1 de volta \u00e0s atividades em 1\u00ba de janeiro. Pela primeira desde a inaugura\u00e7\u00e3o, o estabelecimento abrir\u00e1 as portas no primeiro dia do ano. A ideia \u00e9 manter a tradi\u00e7\u00e3o anualmente. O restaurante funcionar\u00e1 no almo\u00e7o, das 12h \u00e0s 17h. Informa\u00e7\u00f5es: @<a href=\"https:\/\/www.instagram.com\/trattoriadarosariooficial\/?hl=pt\">trattoriadarosariooficial<\/a>.<\/p>\n","protected":false},"excerpt":{"rendered":"<p>Ap\u00f3s um per\u00edodo de recesso durante a semana do Natal, a Trattoria da Rosario, na QI 7 do Lago Sul, estar\u00e1 de volta \u00e0s atividades em 1\u00ba de janeiro. Pela primeira desde a inaugura\u00e7\u00e3o, o estabelecimento abrir\u00e1 as portas no primeiro dia do ano. A ideia \u00e9 manter a tradi\u00e7\u00e3o anualmente. O restaurante funcionar\u00e1 no almo\u00e7o, das 12h \u00e0s 17h. [&hellip;]<\/p>\n","protected":false},"author":54,"featured_media":3097,"comment_status":"open","ping_status":"open","sticky":false,"template":"","format":"standard","meta":{"footnotes":""},"categories":[326],"tags":[373],"class_list":["post-9159","post","type-post","status-publish","format-standard","has-post-thumbnail","hentry","category-restaurantes","tag-trattoria-da-rosario"],"_links":{"self":[{"href":"https:\/\/blogs.correiobraziliense.com.br\/lianasabo\/wp-json\/wp\/v2\/posts\/9159","targetHints":{"allow":["GET"]}}],"collection":[{"href":"https:\/\/blogs.correiobraziliense.com.br\/lianasabo\/wp-json\/wp\/v2\/posts"}],"about":[{"href":"https:\/\/blogs.correiobraziliense.com.br\/lianasabo\/wp-json\/wp\/v2\/types\/post"}],"author":[{"embeddable":true,"href":"https:\/\/blogs.correiobraziliense.com.br\/lianasabo\/wp-json\/wp\/v2\/users\/54"}],"replies":[{"embeddable":true,"href":"https:\/\/blogs.correiobraziliense.com.br\/lianasabo\/wp-json\/wp\/v2\/comments?post=9159"}],"version-history":[{"count":2,"href":"https:\/\/blogs.correiobraziliense.com.br\/lianasabo\/wp-json\/wp\/v2\/posts\/9159\/revisions"}],"predecessor-version":[{"id":9161,"href":"https:\/\/blogs.correiobraziliense.com.br\/lianasabo\/wp-json\/wp\/v2\/posts\/9159\/revisions\/9161"}],"wp:featuredmedia":[{"embeddable":true,"href":"https:\/\/blogs.correiobraziliense.com.br\/lianasabo\/wp-json\/wp\/v2\/media\/3097"}],"wp:attachment":[{"href":"https:\/\/blogs.correiobraziliense.com.br\/lianasabo\/wp-json\/wp\/v2\/media?parent=9159"}],"wp:term":[{"taxonomy":"category","embeddable":true,"href":"https:\/\/blogs.correiobraziliense.com.br\/lianasabo\/wp-json\/wp\/v2\/categories?post=9159"},{"taxonomy":"post_tag","embeddable":true,"href":"https:\/\/blogs.correiobraziliense.com.br\/lianasabo\/wp-json\/wp\/v2\/tags?post=9159"}],"curies":[{"name":"wp","href":"https:\/\/api.w.org\/{rel}","templated":true}]}}