{"id":9111,"date":"2024-12-17T10:57:59","date_gmt":"2024-12-17T13:57:59","guid":{"rendered":"https:\/\/blogs.correiobraziliense.com.br\/lianasabo\/?p=9111"},"modified":"2024-12-17T10:57:59","modified_gmt":"2024-12-17T13:57:59","slug":"aquavit-promove-jantar-inspirado-no-filme-a-festa-de-babette","status":"publish","type":"post","link":"https:\/\/blogs.correiobraziliense.com.br\/lianasabo\/aquavit-promove-jantar-inspirado-no-filme-a-festa-de-babette\/","title":{"rendered":"Aquavit promove jantar inspirado no filme A Festa de Babette"},"content":{"rendered":"<p>O filme dinamarqu\u00eas <em>A Festa de Babette<\/em> \u00e9 a inspira\u00e7\u00e3o para os dois jantares a serem promovidos pelo restaurante Aquavit na sexta-feira (20\/12) e no s\u00e1bado (21). Idealizado pelo chef Simon Lau, a experi\u00eancia visa reproduzir o banquete franc\u00eas do s\u00e9culo 19, celebrando n\u00e3o apenas a culin\u00e1ria, mas a conex\u00e3o entre as pessoas.<\/p>\n<p>Nos dois dias, a programa\u00e7\u00e3o come\u00e7a a partir das 19h com a exibi\u00e7\u00e3o do filme. Na sequ\u00eancia, por volta das 21h, ser\u00e1 servido o jantar. No menu pratos como consomm\u00e9 de tartaruga, ovas de salm\u00e3o da Rossini caviar house Copenhague e codornas recheadas com trufas negras e foei gras.<\/p>\n<p>O menu custa R$ 498 e R$ 655 (com harmoniza\u00e7\u00e3o de vinhos). Reservas pelo telefone: (61) 99557-1281.<\/p>\n","protected":false},"excerpt":{"rendered":"<p>O filme dinamarqu\u00eas A Festa de Babette \u00e9 a inspira\u00e7\u00e3o para os dois jantares a serem promovidos pelo restaurante Aquavit na sexta-feira (20\/12) e no s\u00e1bado (21). Idealizado pelo chef Simon Lau, a experi\u00eancia visa reproduzir o banquete franc\u00eas do s\u00e9culo 19, celebrando n\u00e3o apenas a culin\u00e1ria, mas a conex\u00e3o entre as pessoas. Nos dois dias, a programa\u00e7\u00e3o come\u00e7a a [&hellip;]<\/p>\n","protected":false},"author":54,"featured_media":9112,"comment_status":"open","ping_status":"open","sticky":false,"template":"","format":"standard","meta":{"footnotes":""},"categories":[486],"tags":[1247,224],"class_list":["post-9111","post","type-post","status-publish","format-standard","has-post-thumbnail","hentry","category-evento","tag-a-festa-de-babette","tag-aquavit"],"_links":{"self":[{"href":"https:\/\/blogs.correiobraziliense.com.br\/lianasabo\/wp-json\/wp\/v2\/posts\/9111","targetHints":{"allow":["GET"]}}],"collection":[{"href":"https:\/\/blogs.correiobraziliense.com.br\/lianasabo\/wp-json\/wp\/v2\/posts"}],"about":[{"href":"https:\/\/blogs.correiobraziliense.com.br\/lianasabo\/wp-json\/wp\/v2\/types\/post"}],"author":[{"embeddable":true,"href":"https:\/\/blogs.correiobraziliense.com.br\/lianasabo\/wp-json\/wp\/v2\/users\/54"}],"replies":[{"embeddable":true,"href":"https:\/\/blogs.correiobraziliense.com.br\/lianasabo\/wp-json\/wp\/v2\/comments?post=9111"}],"version-history":[{"count":1,"href":"https:\/\/blogs.correiobraziliense.com.br\/lianasabo\/wp-json\/wp\/v2\/posts\/9111\/revisions"}],"predecessor-version":[{"id":9113,"href":"https:\/\/blogs.correiobraziliense.com.br\/lianasabo\/wp-json\/wp\/v2\/posts\/9111\/revisions\/9113"}],"wp:featuredmedia":[{"embeddable":true,"href":"https:\/\/blogs.correiobraziliense.com.br\/lianasabo\/wp-json\/wp\/v2\/media\/9112"}],"wp:attachment":[{"href":"https:\/\/blogs.correiobraziliense.com.br\/lianasabo\/wp-json\/wp\/v2\/media?parent=9111"}],"wp:term":[{"taxonomy":"category","embeddable":true,"href":"https:\/\/blogs.correiobraziliense.com.br\/lianasabo\/wp-json\/wp\/v2\/categories?post=9111"},{"taxonomy":"post_tag","embeddable":true,"href":"https:\/\/blogs.correiobraziliense.com.br\/lianasabo\/wp-json\/wp\/v2\/tags?post=9111"}],"curies":[{"name":"wp","href":"https:\/\/api.w.org\/{rel}","templated":true}]}}