{"id":911,"date":"2017-01-13T11:40:51","date_gmt":"2017-01-13T13:40:51","guid":{"rendered":"https:\/\/blogs.correiobraziliense.com.br\/lianasabo\/?p=911"},"modified":"2017-01-13T10:18:39","modified_gmt":"2017-01-13T12:18:39","slug":"confira-as-novidades-no-cardapio-do-restaurante-due","status":"publish","type":"post","link":"https:\/\/blogs.correiobraziliense.com.br\/lianasabo\/confira-as-novidades-no-cardapio-do-restaurante-due\/","title":{"rendered":"Confira as novidades no card\u00e1pio do restaurante Due"},"content":{"rendered":"<p>Ano novo, menu novo! Assim \u00e9 no Due, restaurante que funciona na 209 Norte. A casa come\u00e7a 2017 com pratos renovados e promo\u00e7\u00f5es de vinhos e espumantes.<\/p>\n<p>Para come\u00e7ar, vem a entrada de queijo brie empanado servido quente com mel, pimenta do reino e torradas.<\/p>\n<figure id=\"attachment_913\" aria-describedby=\"caption-attachment-913\" style=\"width: 600px\" class=\"wp-caption aligncenter\"><a href=\"https:\/\/blogs.correiobraziliense.com.br\/lianasabo\/wp-content\/uploads\/sites\/25\/2017\/01\/Brie-empanado-servido-quente-com-mel-pimenta-do-reino-e-torradas-..jpg\" rel=\"attachment wp-att-913\"><img loading=\"lazy\" decoding=\"async\" class=\"wp-image-913 size-full\" src=\"https:\/\/blogs.correiobraziliense.com.br\/lianasabo\/wp-content\/uploads\/sites\/25\/2017\/01\/Brie-empanado-servido-quente-com-mel-pimenta-do-reino-e-torradas-..jpg\" alt=\" \" width=\"600\" height=\"450\" srcset=\"https:\/\/blogs.correiobraziliense.com.br\/lianasabo\/wp-content\/uploads\/sites\/25\/2017\/01\/Brie-empanado-servido-quente-com-mel-pimenta-do-reino-e-torradas-..jpg 600w, https:\/\/blogs.correiobraziliense.com.br\/lianasabo\/wp-content\/uploads\/sites\/25\/2017\/01\/Brie-empanado-servido-quente-com-mel-pimenta-do-reino-e-torradas-.-300x225.jpg 300w, https:\/\/blogs.correiobraziliense.com.br\/lianasabo\/wp-content\/uploads\/sites\/25\/2017\/01\/Brie-empanado-servido-quente-com-mel-pimenta-do-reino-e-torradas-.-550x413.jpg 550w, https:\/\/blogs.correiobraziliense.com.br\/lianasabo\/wp-content\/uploads\/sites\/25\/2017\/01\/Brie-empanado-servido-quente-com-mel-pimenta-do-reino-e-torradas-.-230x173.jpg 230w\" sizes=\"auto, (max-width: 600px) 100vw, 600px\" \/><\/a><figcaption id=\"caption-attachment-913\" class=\"wp-caption-text\">Brie empanado servido quente com mel, pimenta do reino e torradas<\/figcaption><\/figure>\n<p>De prato principal chegaram o lombo de bacalhau grelhado acompanhado por legumes assados e regados com azeite (R$ 75); a posta alta de bacalhau com arroz de br\u00f3colis e batata saut\u00e9 (R$ 72); o medalh\u00e3o de fil\u00e9-mignon grelhado ao molho da pr\u00f3pria carne sobre mix de cogumelos, acompanhado de risoto de gorgonzola (R$ 59); o medalh\u00e3o de fil\u00e9 ao molho r\u00f4ti acompanhado de nhoque com creme de queijos e crisps de bacon (R$ 59); e os risotos de camar\u00f5es flambados ao vinho branco e lim\u00e3o siciliano (R$ 48) e de pernil de cordeiro desfiado ao molho de vinho (R$ 52).<\/p>\n<p><a href=\"https:\/\/blogs.correiobraziliense.com.br\/lianasabo\/wp-content\/uploads\/sites\/25\/2017\/01\/Panna-Cotta..jpg\" rel=\"attachment wp-att-914\"><img loading=\"lazy\" decoding=\"async\" class=\"size-medium wp-image-914 alignleft\" src=\"https:\/\/blogs.correiobraziliense.com.br\/lianasabo\/wp-content\/uploads\/sites\/25\/2017\/01\/Panna-Cotta.-300x225.jpg\" alt=\"Panna Cotta.\" width=\"300\" height=\"225\" srcset=\"https:\/\/blogs.correiobraziliense.com.br\/lianasabo\/wp-content\/uploads\/sites\/25\/2017\/01\/Panna-Cotta.-300x225.jpg 300w, https:\/\/blogs.correiobraziliense.com.br\/lianasabo\/wp-content\/uploads\/sites\/25\/2017\/01\/Panna-Cotta.-550x413.jpg 550w, https:\/\/blogs.correiobraziliense.com.br\/lianasabo\/wp-content\/uploads\/sites\/25\/2017\/01\/Panna-Cotta.-230x173.jpg 230w, https:\/\/blogs.correiobraziliense.com.br\/lianasabo\/wp-content\/uploads\/sites\/25\/2017\/01\/Panna-Cotta..jpg 600w\" sizes=\"auto, (max-width: 300px) 100vw, 300px\" \/><\/a>As sobremesas n\u00e3o poderiam ficar de fora da festa. A novidade fica por conta da panna cotta com calda de frutas vermelhas (R$ 16).<\/p>\n<h2>Promo\u00e7\u00f5es<\/h2>\n<p>Quarta-feira \u00e9 dia de beber vinho no Due. \u00c9 a a\u00e7\u00e3o Quarta do vinho, na qual a segunda garrafa de vinho ou de espumante do mesmo r\u00f3tulo da primeira sai pela metade do pre\u00e7o.<\/p>\n","protected":false},"excerpt":{"rendered":"<p>Ano novo, menu novo! Assim \u00e9 no Due, restaurante que funciona na 209 Norte. A casa come\u00e7a 2017 com pratos renovados e promo\u00e7\u00f5es de vinhos e espumantes. Para come\u00e7ar, vem a entrada de queijo brie empanado servido quente com mel, pimenta do reino e torradas. De prato principal chegaram o lombo de bacalhau grelhado acompanhado por legumes assados e regados [&hellip;]<\/p>\n","protected":false},"author":54,"featured_media":912,"comment_status":"open","ping_status":"open","sticky":false,"template":"","format":"standard","meta":{"footnotes":""},"categories":[1],"tags":[],"class_list":["post-911","post","type-post","status-publish","format-standard","has-post-thumbnail","hentry","category-sem-categoria"],"_links":{"self":[{"href":"https:\/\/blogs.correiobraziliense.com.br\/lianasabo\/wp-json\/wp\/v2\/posts\/911","targetHints":{"allow":["GET"]}}],"collection":[{"href":"https:\/\/blogs.correiobraziliense.com.br\/lianasabo\/wp-json\/wp\/v2\/posts"}],"about":[{"href":"https:\/\/blogs.correiobraziliense.com.br\/lianasabo\/wp-json\/wp\/v2\/types\/post"}],"author":[{"embeddable":true,"href":"https:\/\/blogs.correiobraziliense.com.br\/lianasabo\/wp-json\/wp\/v2\/users\/54"}],"replies":[{"embeddable":true,"href":"https:\/\/blogs.correiobraziliense.com.br\/lianasabo\/wp-json\/wp\/v2\/comments?post=911"}],"version-history":[{"count":2,"href":"https:\/\/blogs.correiobraziliense.com.br\/lianasabo\/wp-json\/wp\/v2\/posts\/911\/revisions"}],"predecessor-version":[{"id":916,"href":"https:\/\/blogs.correiobraziliense.com.br\/lianasabo\/wp-json\/wp\/v2\/posts\/911\/revisions\/916"}],"wp:featuredmedia":[{"embeddable":true,"href":"https:\/\/blogs.correiobraziliense.com.br\/lianasabo\/wp-json\/wp\/v2\/media\/912"}],"wp:attachment":[{"href":"https:\/\/blogs.correiobraziliense.com.br\/lianasabo\/wp-json\/wp\/v2\/media?parent=911"}],"wp:term":[{"taxonomy":"category","embeddable":true,"href":"https:\/\/blogs.correiobraziliense.com.br\/lianasabo\/wp-json\/wp\/v2\/categories?post=911"},{"taxonomy":"post_tag","embeddable":true,"href":"https:\/\/blogs.correiobraziliense.com.br\/lianasabo\/wp-json\/wp\/v2\/tags?post=911"}],"curies":[{"name":"wp","href":"https:\/\/api.w.org\/{rel}","templated":true}]}}