{"id":9107,"date":"2024-12-17T10:35:16","date_gmt":"2024-12-17T13:35:16","guid":{"rendered":"https:\/\/blogs.correiobraziliense.com.br\/lianasabo\/?p=9107"},"modified":"2024-12-17T10:35:16","modified_gmt":"2024-12-17T13:35:16","slug":"emporio-boechat-tera-cardapio-especial-de-encomendas-para-natal-e-reveillon","status":"publish","type":"post","link":"https:\/\/blogs.correiobraziliense.com.br\/lianasabo\/emporio-boechat-tera-cardapio-especial-de-encomendas-para-natal-e-reveillon\/","title":{"rendered":"Emp\u00f3rio Boechat ter\u00e1 card\u00e1pio especial de encomendas para Natal e R\u00e9veillon"},"content":{"rendered":"<p>Com a chegada das festas de fim de ano, vem a d\u00favida sobre o card\u00e1pio da ceia. J\u00e1 virou tradi\u00e7\u00e3o que os estabelecimentos da cidade preparem op\u00e7\u00f5es para encomenda. \u00c9 o caso do\u00a0Emp\u00f3rio Boechat, no Sudoeste, que tem um menu para o Natal e para o R\u00e9veillon.<\/p>\n<p>Entre as op\u00e7\u00f5es est\u00e3o bolinho de bacalhau (500g &#8211; R$ 99), chester recheado (kg &#8211; R$ 98) e banoffee (500g &#8211; R$ 69). As encomendas podem ser feitas at\u00e9 21 de dezembro para a ceia natalina e 28 de dezembro para o ano-novo, pelo WhatsApp (61) 99877-6060. Retirada ou entrega sob consulta.<\/p>\n","protected":false},"excerpt":{"rendered":"<p>Com a chegada das festas de fim de ano, vem a d\u00favida sobre o card\u00e1pio da ceia. J\u00e1 virou tradi\u00e7\u00e3o que os estabelecimentos da cidade preparem op\u00e7\u00f5es para encomenda. \u00c9 o caso do\u00a0Emp\u00f3rio Boechat, no Sudoeste, que tem um menu para o Natal e para o R\u00e9veillon. Entre as op\u00e7\u00f5es est\u00e3o bolinho de bacalhau (500g &#8211; R$ 99), chester recheado [&hellip;]<\/p>\n","protected":false},"author":54,"featured_media":9108,"comment_status":"open","ping_status":"open","sticky":false,"template":"","format":"standard","meta":{"footnotes":""},"categories":[651],"tags":[670,313,330],"class_list":["post-9107","post","type-post","status-publish","format-standard","has-post-thumbnail","hentry","category-natal","tag-ano-novo","tag-natal","tag-reveillon"],"_links":{"self":[{"href":"https:\/\/blogs.correiobraziliense.com.br\/lianasabo\/wp-json\/wp\/v2\/posts\/9107","targetHints":{"allow":["GET"]}}],"collection":[{"href":"https:\/\/blogs.correiobraziliense.com.br\/lianasabo\/wp-json\/wp\/v2\/posts"}],"about":[{"href":"https:\/\/blogs.correiobraziliense.com.br\/lianasabo\/wp-json\/wp\/v2\/types\/post"}],"author":[{"embeddable":true,"href":"https:\/\/blogs.correiobraziliense.com.br\/lianasabo\/wp-json\/wp\/v2\/users\/54"}],"replies":[{"embeddable":true,"href":"https:\/\/blogs.correiobraziliense.com.br\/lianasabo\/wp-json\/wp\/v2\/comments?post=9107"}],"version-history":[{"count":2,"href":"https:\/\/blogs.correiobraziliense.com.br\/lianasabo\/wp-json\/wp\/v2\/posts\/9107\/revisions"}],"predecessor-version":[{"id":9110,"href":"https:\/\/blogs.correiobraziliense.com.br\/lianasabo\/wp-json\/wp\/v2\/posts\/9107\/revisions\/9110"}],"wp:featuredmedia":[{"embeddable":true,"href":"https:\/\/blogs.correiobraziliense.com.br\/lianasabo\/wp-json\/wp\/v2\/media\/9108"}],"wp:attachment":[{"href":"https:\/\/blogs.correiobraziliense.com.br\/lianasabo\/wp-json\/wp\/v2\/media?parent=9107"}],"wp:term":[{"taxonomy":"category","embeddable":true,"href":"https:\/\/blogs.correiobraziliense.com.br\/lianasabo\/wp-json\/wp\/v2\/categories?post=9107"},{"taxonomy":"post_tag","embeddable":true,"href":"https:\/\/blogs.correiobraziliense.com.br\/lianasabo\/wp-json\/wp\/v2\/tags?post=9107"}],"curies":[{"name":"wp","href":"https:\/\/api.w.org\/{rel}","templated":true}]}}