{"id":9095,"date":"2024-12-13T10:46:40","date_gmt":"2024-12-13T13:46:40","guid":{"rendered":"https:\/\/blogs.correiobraziliense.com.br\/lianasabo\/?p=9095"},"modified":"2024-12-13T10:46:40","modified_gmt":"2024-12-13T13:46:40","slug":"tonico-compartilha-no-superquadra-bar-a-paixao-por-assar","status":"publish","type":"post","link":"https:\/\/blogs.correiobraziliense.com.br\/lianasabo\/tonico-compartilha-no-superquadra-bar-a-paixao-por-assar\/","title":{"rendered":"Tonico compartilha no Superquadra Bar a paix\u00e3o por assar"},"content":{"rendered":"<p>O prenome pouca gente sabe, o sobrenome ningu\u00e9m pronuncia. Assim, Antonio Carlos Lichtsztejn, de origem polonesa nascido em Paris, filho de casal exilado, se considera brasileiro nato e at\u00e9 brasiliense com profundo conhecimento do quadradinho, onde atua numa \u00e1rea que provoca \u00e1gua na boca: carne na brasa.<\/p>\n<p>Depois de abandonar emprego p\u00fablico, Tonico, como \u00e9 conhecido, trocou terno e gravata por bermuda e t\u00eanis e passou a se dedicar ao que realmente gosta, tendo trabalhado com importantes grifes do circuito gastron\u00f4mico, como as de Jorge Ferreira, Dudu Camargo e Oliver. Fez curso de cozinheiro no Senac e buscou a especializa\u00e7\u00e3o na parrilla. Experiente nas t\u00e9cnicas usadas na vizinhan\u00e7a aprendidas com assadores do Uruguai e da Argentina, Tonico esteve recentemente no Texas (EUA) para conhecer o processo americano. \u201cComo vou vender o que nunca comi?\u201d, justifica o virginiano, que s\u00f3 a perfei\u00e7\u00e3o lhe basta.<\/p>\n<p>\u201cNossa proposta perpassa v\u00e1rios estilos de churrasco, do brasileiro como a salga do pirarucu da Amaz\u00f4nia, a t\u00e9cnica de bacalhau at\u00e9 a do magret de pato defumado\u201d, explica Tonico, que comanda a parrilla do Superquadra Bar, na Asa Norte, aberto tr\u00eas dias antes do primeiro lockdown, em mar\u00e7o de 2020. Foram tempos dif\u00edceis, lembra o chef, que ao reabrir teve a gest\u00e3o compartilhada com o grupo Cantucci. \u201cN\u00f3s entramos para expandir a marca para mais duas unidades no Man\u00e9 Mercado\u201d, completa Rodrigo Melo, chef do Cantucci.<\/p>\n<p><strong>Vegetais grelhados<\/strong><\/p>\n<div id='gallery-1' class='gallery galleryid-9095 gallery-columns-3 gallery-size-full'><figure class='gallery-item'>\n\t\t\t<div class='gallery-icon portrait'>\n\t\t\t\t<a href='https:\/\/blogs.correiobraziliense.com.br\/lianasabo\/tonico-compartilha-no-superquadra-bar-a-paixao-por-assar\/sqb-zip-4-1\/'><img loading=\"lazy\" decoding=\"async\" width=\"800\" height=\"1000\" src=\"https:\/\/blogs.correiobraziliense.com.br\/lianasabo\/wp-content\/uploads\/sites\/25\/2024\/12\/Sqb-.zip-4-1.png\" class=\"attachment-full size-full\" alt=\"\" srcset=\"https:\/\/blogs.correiobraziliense.com.br\/lianasabo\/wp-content\/uploads\/sites\/25\/2024\/12\/Sqb-.zip-4-1.png 800w, https:\/\/blogs.correiobraziliense.com.br\/lianasabo\/wp-content\/uploads\/sites\/25\/2024\/12\/Sqb-.zip-4-1-240x300.png 240w, https:\/\/blogs.correiobraziliense.com.br\/lianasabo\/wp-content\/uploads\/sites\/25\/2024\/12\/Sqb-.zip-4-1-768x960.png 768w, https:\/\/blogs.correiobraziliense.com.br\/lianasabo\/wp-content\/uploads\/sites\/25\/2024\/12\/Sqb-.zip-4-1-550x688.png 550w, https:\/\/blogs.correiobraziliense.com.br\/lianasabo\/wp-content\/uploads\/sites\/25\/2024\/12\/Sqb-.zip-4-1-230x288.png 230w\" sizes=\"auto, (max-width: 800px) 100vw, 800px\" \/><\/a>\n\t\t\t<\/div><\/figure><figure class='gallery-item'>\n\t\t\t<div class='gallery-icon portrait'>\n\t\t\t\t<a href='https:\/\/blogs.correiobraziliense.com.br\/lianasabo\/tonico-compartilha-no-superquadra-bar-a-paixao-por-assar\/sqb-zip-6-2\/'><img loading=\"lazy\" decoding=\"async\" width=\"800\" height=\"1000\" src=\"https:\/\/blogs.correiobraziliense.com.br\/lianasabo\/wp-content\/uploads\/sites\/25\/2024\/12\/Sqb-.zip-6-2.png\" class=\"attachment-full size-full\" alt=\"\" aria-describedby=\"gallery-1-9097\" srcset=\"https:\/\/blogs.correiobraziliense.com.br\/lianasabo\/wp-content\/uploads\/sites\/25\/2024\/12\/Sqb-.zip-6-2.png 800w, https:\/\/blogs.correiobraziliense.com.br\/lianasabo\/wp-content\/uploads\/sites\/25\/2024\/12\/Sqb-.zip-6-2-240x300.png 240w, https:\/\/blogs.correiobraziliense.com.br\/lianasabo\/wp-content\/uploads\/sites\/25\/2024\/12\/Sqb-.zip-6-2-768x960.png 768w, https:\/\/blogs.correiobraziliense.com.br\/lianasabo\/wp-content\/uploads\/sites\/25\/2024\/12\/Sqb-.zip-6-2-550x688.png 550w, https:\/\/blogs.correiobraziliense.com.br\/lianasabo\/wp-content\/uploads\/sites\/25\/2024\/12\/Sqb-.zip-6-2-230x288.png 230w\" sizes=\"auto, (max-width: 800px) 100vw, 800px\" \/><\/a>\n\t\t\t<\/div>\n\t\t\t\t<figcaption class='wp-caption-text gallery-caption' id='gallery-1-9097'>\n\t\t\t\tCr\u00e9dito: Superquadra Bar\/Divulga\u00e7\u00e3o\n\t\t\t\t<\/figcaption><\/figure><figure class='gallery-item'>\n\t\t\t<div class='gallery-icon portrait'>\n\t\t\t\t<a href='https:\/\/blogs.correiobraziliense.com.br\/lianasabo\/tonico-compartilha-no-superquadra-bar-a-paixao-por-assar\/sqb-zip-7-1\/'><img loading=\"lazy\" decoding=\"async\" width=\"800\" height=\"1000\" src=\"https:\/\/blogs.correiobraziliense.com.br\/lianasabo\/wp-content\/uploads\/sites\/25\/2024\/12\/Sqb-.zip-7-1.png\" class=\"attachment-full size-full\" alt=\"\" aria-describedby=\"gallery-1-9096\" srcset=\"https:\/\/blogs.correiobraziliense.com.br\/lianasabo\/wp-content\/uploads\/sites\/25\/2024\/12\/Sqb-.zip-7-1.png 800w, https:\/\/blogs.correiobraziliense.com.br\/lianasabo\/wp-content\/uploads\/sites\/25\/2024\/12\/Sqb-.zip-7-1-240x300.png 240w, https:\/\/blogs.correiobraziliense.com.br\/lianasabo\/wp-content\/uploads\/sites\/25\/2024\/12\/Sqb-.zip-7-1-768x960.png 768w, https:\/\/blogs.correiobraziliense.com.br\/lianasabo\/wp-content\/uploads\/sites\/25\/2024\/12\/Sqb-.zip-7-1-550x688.png 550w, https:\/\/blogs.correiobraziliense.com.br\/lianasabo\/wp-content\/uploads\/sites\/25\/2024\/12\/Sqb-.zip-7-1-230x288.png 230w\" sizes=\"auto, (max-width: 800px) 100vw, 800px\" \/><\/a>\n\t\t\t<\/div>\n\t\t\t\t<figcaption class='wp-caption-text gallery-caption' id='gallery-1-9096'>\n\t\t\t\tCr\u00e9dito: Superquadra Bar\/Divulga\u00e7\u00e3o\n\t\t\t\t<\/figcaption><\/figure>\n\t\t<\/div>\n\n<p>O card\u00e1pio \u00e9 t\u00e3o saboroso que voc\u00ea n\u00e3o pode pular nenhuma etapa sob o risco de perder momento de prazer. Por isso, comece pelo carpaccio de maminha defumada cortada fin\u00edssima e regada com molho de parmes\u00e3o, brotos e folhas de r\u00facula vem com torradas (R$ 47). Outra sugest\u00e3o bocadas de pastrami artesanal com 21 dias de cura, defumado e assado servido no p\u00e3o com picles, mostarda e sour cream (R$ 49\/ 6 unidades).<\/p>\n<p>Os cortes bovinos s\u00e3o a cereja do bolo, podem vir quase gritando no ponto que gourmet gosta ou mais passados: Assado de tiras (R$ 79\/300g) entra\u00f1a grelhada (R$ 49\/200g) e chorizo black angus com legumes da parrilla (R$ 179\/ 2 bifes de 250g cada), al\u00e9m de carne de sol e hamb\u00farguer.<\/p>\n<p>&nbsp;<\/p>\n<p>Boa op\u00e7\u00e3o para um grupo \u00e9 a ripa de costela assada lentamente por muitas horas que chega \u00e0 mesa desmanchando com mandioca cozida, vinagrete, farofa de cebola e arroz branco, serve bem at\u00e9 tr\u00eas pessoas -costel\u00e3o fogo de ch\u00e3o sai por R$ 189.<\/p>\n<p>Outro diferencial s\u00e3o os acompanhamentos, como legumes assados (berinjela, abobrinha, cenoura, batata-doce, cebola, tomate defumado e ab\u00f3bora) finalizados com salsa fresca e a trilogia de cogumelos (shitake, shimeji e paris) grelhados na brasa com um toque de saqu\u00ea (R$ 42 cada prato). H\u00e1 bons drinques autorais, como Brisa verde, refrescante com sabor da ma\u00e7\u00e3 verde, e sobremesa de doce de leite do Tonico, feito na casa com 9 horas de coc\u00e7\u00e3o na panela. Estilo botec\u00e3o, Superquadra Bar fica na 404 Norte, Bloco B, loja 44. Funciona de ter\u00e7a a s\u00e1bado das 11h \u00e0s 23h e domingo s\u00f3 no almo\u00e7o. Telefone: 3202-1717.<\/p>\n","protected":false},"excerpt":{"rendered":"<p>O prenome pouca gente sabe, o sobrenome ningu\u00e9m pronuncia. Assim, Antonio Carlos Lichtsztejn, de origem polonesa nascido em Paris, filho de casal exilado, se considera brasileiro nato e at\u00e9 brasiliense com profundo conhecimento do quadradinho, onde atua numa \u00e1rea que provoca \u00e1gua na boca: carne na brasa. Depois de abandonar emprego p\u00fablico, Tonico, como \u00e9 conhecido, trocou terno e gravata [&hellip;]<\/p>\n","protected":false},"author":54,"featured_media":9099,"comment_status":"open","ping_status":"open","sticky":false,"template":"","format":"standard","meta":{"footnotes":""},"categories":[1],"tags":[],"class_list":["post-9095","post","type-post","status-publish","format-standard","has-post-thumbnail","hentry","category-sem-categoria"],"_links":{"self":[{"href":"https:\/\/blogs.correiobraziliense.com.br\/lianasabo\/wp-json\/wp\/v2\/posts\/9095","targetHints":{"allow":["GET"]}}],"collection":[{"href":"https:\/\/blogs.correiobraziliense.com.br\/lianasabo\/wp-json\/wp\/v2\/posts"}],"about":[{"href":"https:\/\/blogs.correiobraziliense.com.br\/lianasabo\/wp-json\/wp\/v2\/types\/post"}],"author":[{"embeddable":true,"href":"https:\/\/blogs.correiobraziliense.com.br\/lianasabo\/wp-json\/wp\/v2\/users\/54"}],"replies":[{"embeddable":true,"href":"https:\/\/blogs.correiobraziliense.com.br\/lianasabo\/wp-json\/wp\/v2\/comments?post=9095"}],"version-history":[{"count":1,"href":"https:\/\/blogs.correiobraziliense.com.br\/lianasabo\/wp-json\/wp\/v2\/posts\/9095\/revisions"}],"predecessor-version":[{"id":9100,"href":"https:\/\/blogs.correiobraziliense.com.br\/lianasabo\/wp-json\/wp\/v2\/posts\/9095\/revisions\/9100"}],"wp:featuredmedia":[{"embeddable":true,"href":"https:\/\/blogs.correiobraziliense.com.br\/lianasabo\/wp-json\/wp\/v2\/media\/9099"}],"wp:attachment":[{"href":"https:\/\/blogs.correiobraziliense.com.br\/lianasabo\/wp-json\/wp\/v2\/media?parent=9095"}],"wp:term":[{"taxonomy":"category","embeddable":true,"href":"https:\/\/blogs.correiobraziliense.com.br\/lianasabo\/wp-json\/wp\/v2\/categories?post=9095"},{"taxonomy":"post_tag","embeddable":true,"href":"https:\/\/blogs.correiobraziliense.com.br\/lianasabo\/wp-json\/wp\/v2\/tags?post=9095"}],"curies":[{"name":"wp","href":"https:\/\/api.w.org\/{rel}","templated":true}]}}