{"id":9091,"date":"2024-12-09T15:57:38","date_gmt":"2024-12-09T18:57:38","guid":{"rendered":"https:\/\/blogs.correiobraziliense.com.br\/lianasabo\/?p=9091"},"modified":"2024-12-09T15:57:38","modified_gmt":"2024-12-09T18:57:38","slug":"minicruzeiro-tera-experiencias-gastronomicas-unicas-da-culinaria-italiana-francesa-e-espanhola","status":"publish","type":"post","link":"https:\/\/blogs.correiobraziliense.com.br\/lianasabo\/minicruzeiro-tera-experiencias-gastronomicas-unicas-da-culinaria-italiana-francesa-e-espanhola\/","title":{"rendered":"Minicruzeiro ter\u00e1 experi\u00eancias gastron\u00f4micas \u00fanicas da culin\u00e1ria italiana, francesa e espanhola"},"content":{"rendered":"<p><em>Ser\u00e3o 13 dias a bordo em uma aventura europeia batizada de \u201cDo lago ao mar, do cl\u00e1ssico ao moderno\u201d<\/em><\/p>\n<p>Uma experi\u00eancia gastron\u00f4mica internacional. Essa \u00e9 a proposta do minicruzeiro da MSC All Inclusive que far\u00e1 um tour na It\u00e1lia, na Fran\u00e7a e na Espanha entre 13 e 25 de outubro de 2025. Batizada de Aventura Europeia: do Lago ao Mar, do Cl\u00e1ssico ao Moderno, a viagem ter\u00e1 13 dias com degusta\u00e7\u00f5es de vinhos, passeios de barco, compras e sabores \u00fanicos da culin\u00e1ria italiana, francesa e espanhola. A jornada inclui Lago Maggiore, Riviera Francesa, Milano, Stresa, Nice, Cannes, Genova, Marselha e Barcelona.<\/p>\n","protected":false},"excerpt":{"rendered":"<p>Ser\u00e3o 13 dias a bordo em uma aventura europeia batizada de \u201cDo lago ao mar, do cl\u00e1ssico ao moderno\u201d Uma experi\u00eancia gastron\u00f4mica internacional. Essa \u00e9 a proposta do minicruzeiro da MSC All Inclusive que far\u00e1 um tour na It\u00e1lia, na Fran\u00e7a e na Espanha entre 13 e 25 de outubro de 2025. Batizada de Aventura Europeia: do Lago ao Mar, [&hellip;]<\/p>\n","protected":false},"author":54,"featured_media":0,"comment_status":"open","ping_status":"open","sticky":false,"template":"","format":"standard","meta":{"footnotes":""},"categories":[320],"tags":[],"class_list":["post-9091","post","type-post","status-publish","format-standard","hentry","category-culinaria-internacional"],"_links":{"self":[{"href":"https:\/\/blogs.correiobraziliense.com.br\/lianasabo\/wp-json\/wp\/v2\/posts\/9091","targetHints":{"allow":["GET"]}}],"collection":[{"href":"https:\/\/blogs.correiobraziliense.com.br\/lianasabo\/wp-json\/wp\/v2\/posts"}],"about":[{"href":"https:\/\/blogs.correiobraziliense.com.br\/lianasabo\/wp-json\/wp\/v2\/types\/post"}],"author":[{"embeddable":true,"href":"https:\/\/blogs.correiobraziliense.com.br\/lianasabo\/wp-json\/wp\/v2\/users\/54"}],"replies":[{"embeddable":true,"href":"https:\/\/blogs.correiobraziliense.com.br\/lianasabo\/wp-json\/wp\/v2\/comments?post=9091"}],"version-history":[{"count":2,"href":"https:\/\/blogs.correiobraziliense.com.br\/lianasabo\/wp-json\/wp\/v2\/posts\/9091\/revisions"}],"predecessor-version":[{"id":9093,"href":"https:\/\/blogs.correiobraziliense.com.br\/lianasabo\/wp-json\/wp\/v2\/posts\/9091\/revisions\/9093"}],"wp:attachment":[{"href":"https:\/\/blogs.correiobraziliense.com.br\/lianasabo\/wp-json\/wp\/v2\/media?parent=9091"}],"wp:term":[{"taxonomy":"category","embeddable":true,"href":"https:\/\/blogs.correiobraziliense.com.br\/lianasabo\/wp-json\/wp\/v2\/categories?post=9091"},{"taxonomy":"post_tag","embeddable":true,"href":"https:\/\/blogs.correiobraziliense.com.br\/lianasabo\/wp-json\/wp\/v2\/tags?post=9091"}],"curies":[{"name":"wp","href":"https:\/\/api.w.org\/{rel}","templated":true}]}}