{"id":907,"date":"2017-01-10T17:35:54","date_gmt":"2017-01-10T19:35:54","guid":{"rendered":"https:\/\/blogs.correiobraziliense.com.br\/lianasabo\/?p=907"},"modified":"2017-01-10T17:35:54","modified_gmt":"2017-01-10T19:35:54","slug":"bar-do-sallva-abre-as-portas-no-pontao","status":"publish","type":"post","link":"https:\/\/blogs.correiobraziliense.com.br\/lianasabo\/bar-do-sallva-abre-as-portas-no-pontao\/","title":{"rendered":"Bar do Sallva abre as portas no Pont\u00e3o"},"content":{"rendered":"<p>Uma das novidades gastron\u00f4micas da cidade em 2016, o Sallva est\u00e1 ampliando as atividades. Est\u00e1 em funcionamento ao lado da casa, o Bar do Sallva, que leva ainda mais del\u00edcias ao Pont\u00e3o do Lago Sul.<\/p>\n<p>O novo espa\u00e7o tem capacidade para 60 pessoas, distribu\u00eddas em 30 mesas. O menu \u00e9 assinado pela chef Andrea Munhoz, tamb\u00e9m respons\u00e1vel pelos pratos do restaurante.<\/p>\n<p>Entre os quitutes apropriados para a happy hour est\u00e3o mussarela de b\u00fafala ao pesto com folhinhas de manjeric\u00e3o e p\u00e3ezinhos; minitapioca gratinada com grana padano, pasteizinhos de bacalhau cremoso; salsich\u00e3o alem\u00e3o acebolado com mostarda escura; bolinho de bacalhau; Kafta, bazergan, coalhada seca, pasta de berinjela e p\u00e3ozinho s\u00edrio; e lingui\u00e7a de frango com farofa e vinagrete.<\/p>\n<p><strong>Bar do Sallva<\/strong><br \/>\nPont\u00e3o do Lago Sul. De ter\u00e7a a quinta, a partir das 17h, e de sexta-feira a domingo, das 12h \u00e0 0h.Informa\u00e7\u00f5es e reservas: 3522-4324.<\/p>\n","protected":false},"excerpt":{"rendered":"<p>Uma das novidades gastron\u00f4micas da cidade em 2016, o Sallva est\u00e1 ampliando as atividades. Est\u00e1 em funcionamento ao lado da casa, o Bar do Sallva, que leva ainda mais del\u00edcias ao Pont\u00e3o do Lago Sul. O novo espa\u00e7o tem capacidade para 60 pessoas, distribu\u00eddas em 30 mesas. O menu \u00e9 assinado pela chef Andrea Munhoz, tamb\u00e9m respons\u00e1vel pelos pratos do [&hellip;]<\/p>\n","protected":false},"author":54,"featured_media":908,"comment_status":"open","ping_status":"open","sticky":false,"template":"","format":"standard","meta":{"footnotes":""},"categories":[1],"tags":[],"class_list":["post-907","post","type-post","status-publish","format-standard","has-post-thumbnail","hentry","category-sem-categoria"],"_links":{"self":[{"href":"https:\/\/blogs.correiobraziliense.com.br\/lianasabo\/wp-json\/wp\/v2\/posts\/907","targetHints":{"allow":["GET"]}}],"collection":[{"href":"https:\/\/blogs.correiobraziliense.com.br\/lianasabo\/wp-json\/wp\/v2\/posts"}],"about":[{"href":"https:\/\/blogs.correiobraziliense.com.br\/lianasabo\/wp-json\/wp\/v2\/types\/post"}],"author":[{"embeddable":true,"href":"https:\/\/blogs.correiobraziliense.com.br\/lianasabo\/wp-json\/wp\/v2\/users\/54"}],"replies":[{"embeddable":true,"href":"https:\/\/blogs.correiobraziliense.com.br\/lianasabo\/wp-json\/wp\/v2\/comments?post=907"}],"version-history":[{"count":1,"href":"https:\/\/blogs.correiobraziliense.com.br\/lianasabo\/wp-json\/wp\/v2\/posts\/907\/revisions"}],"predecessor-version":[{"id":909,"href":"https:\/\/blogs.correiobraziliense.com.br\/lianasabo\/wp-json\/wp\/v2\/posts\/907\/revisions\/909"}],"wp:featuredmedia":[{"embeddable":true,"href":"https:\/\/blogs.correiobraziliense.com.br\/lianasabo\/wp-json\/wp\/v2\/media\/908"}],"wp:attachment":[{"href":"https:\/\/blogs.correiobraziliense.com.br\/lianasabo\/wp-json\/wp\/v2\/media?parent=907"}],"wp:term":[{"taxonomy":"category","embeddable":true,"href":"https:\/\/blogs.correiobraziliense.com.br\/lianasabo\/wp-json\/wp\/v2\/categories?post=907"},{"taxonomy":"post_tag","embeddable":true,"href":"https:\/\/blogs.correiobraziliense.com.br\/lianasabo\/wp-json\/wp\/v2\/tags?post=907"}],"curies":[{"name":"wp","href":"https:\/\/api.w.org\/{rel}","templated":true}]}}