{"id":9069,"date":"2024-12-04T21:24:12","date_gmt":"2024-12-05T00:24:12","guid":{"rendered":"https:\/\/blogs.correiobraziliense.com.br\/lianasabo\/?p=9069"},"modified":"2024-12-04T21:24:12","modified_gmt":"2024-12-05T00:24:12","slug":"assados-do-fred-vence-1o-concurso-de-gastronomia-argentina-do-distrito-federal","status":"publish","type":"post","link":"https:\/\/blogs.correiobraziliense.com.br\/lianasabo\/assados-do-fred-vence-1o-concurso-de-gastronomia-argentina-do-distrito-federal\/","title":{"rendered":"Assados do Fred vence 1\u00ba Concurso de Gastronomia Argentina do Distrito Federal"},"content":{"rendered":"<p><em>Trinta e seis casas brasilienses aceitaram o desafio de interpretar o sabor portenho<\/em><\/p>\n<p>Os estabelecimentos vencedores do 1\u00ba Concurso de Gastronomia Argentina do Distrito Federal que ocorreu entre 1\u00ba e 30 de novembro na capital federal foram revelados, na noite desta quarta-feira (4), em solenidade na embaixada do pa\u00eds.<\/p>\n<p>O Assados do Fred Parrilla, do casal Andiara e Frederico Barros, se sagrou o grande campe\u00e3o da disputa que contou com 36 casas brasilienses. A vit\u00f3ria se deu pelo 746 votos recebidos pelo menu composto por piment\u00f5es coloridos assados na brasa recheados com tr\u00eas queijos como entrada, matambre su\u00edno assado na parrilla coberto com molho de tomate, queijo mu\u00e7arela, tomate, or\u00e9gano e manjeric\u00e3o, como prato principal, e banana assada na parrila recheada de doce de leite e castanha de caju como sobremesa.<\/p>\n<figure id=\"attachment_9071\" aria-describedby=\"caption-attachment-9071\" style=\"width: 1280px\" class=\"wp-caption aligncenter\"><a href=\"https:\/\/blogs.correiobraziliense.com.br\/lianasabo\/wp-content\/uploads\/sites\/25\/2024\/12\/WhatsApp-Image-2024-12-04-at-20.28.41-1.jpeg\"><img loading=\"lazy\" decoding=\"async\" class=\"size-full wp-image-9071\" src=\"https:\/\/blogs.correiobraziliense.com.br\/lianasabo\/wp-content\/uploads\/sites\/25\/2024\/12\/WhatsApp-Image-2024-12-04-at-20.28.41-1.jpeg\" alt=\"\" width=\"1280\" height=\"960\" srcset=\"https:\/\/blogs.correiobraziliense.com.br\/lianasabo\/wp-content\/uploads\/sites\/25\/2024\/12\/WhatsApp-Image-2024-12-04-at-20.28.41-1.jpeg 1280w, https:\/\/blogs.correiobraziliense.com.br\/lianasabo\/wp-content\/uploads\/sites\/25\/2024\/12\/WhatsApp-Image-2024-12-04-at-20.28.41-1-300x225.jpeg 300w, https:\/\/blogs.correiobraziliense.com.br\/lianasabo\/wp-content\/uploads\/sites\/25\/2024\/12\/WhatsApp-Image-2024-12-04-at-20.28.41-1-768x576.jpeg 768w, https:\/\/blogs.correiobraziliense.com.br\/lianasabo\/wp-content\/uploads\/sites\/25\/2024\/12\/WhatsApp-Image-2024-12-04-at-20.28.41-1-1024x768.jpeg 1024w, https:\/\/blogs.correiobraziliense.com.br\/lianasabo\/wp-content\/uploads\/sites\/25\/2024\/12\/WhatsApp-Image-2024-12-04-at-20.28.41-1-800x600.jpeg 800w, https:\/\/blogs.correiobraziliense.com.br\/lianasabo\/wp-content\/uploads\/sites\/25\/2024\/12\/WhatsApp-Image-2024-12-04-at-20.28.41-1-550x413.jpeg 550w, https:\/\/blogs.correiobraziliense.com.br\/lianasabo\/wp-content\/uploads\/sites\/25\/2024\/12\/WhatsApp-Image-2024-12-04-at-20.28.41-1-230x173.jpeg 230w\" sizes=\"auto, (max-width: 1280px) 100vw, 1280px\" \/><\/a><figcaption id=\"caption-attachment-9071\" class=\"wp-caption-text\">Andiara e Frederico Barros, casal de s\u00f3cios do Assados do Fred. Cr\u00e9dito: Arquivo pessoal<\/figcaption><\/figure>\n<p>A segunda coloca\u00e7\u00e3o ficou com a La Boca Sandwicheria, com menu com choripan e chorizo no fogo. J\u00e1 o terceiro lugar foi conquistado pelo o restaurante Dale Dale, que ofereceu um combo com quatro empanadas, dois alfajores e duas bebidas.<\/p>\n<p>O grande vencedor ir\u00e1 representar o Brasil no 9\u00ba Torneio Federal de Chefs, que ocorre em Buenos Aires em agosto de 2025. O concurso \u00e9 uma realiza\u00e7\u00e3o da Embaixada da Argentina em parceria com Sindhobar, Fecom\u00e9rcio e do Senac \u2013 DF.<\/p>\n","protected":false},"excerpt":{"rendered":"<p>Trinta e seis casas brasilienses aceitaram o desafio de interpretar o sabor portenho<\/p>\n","protected":false},"author":54,"featured_media":9070,"comment_status":"open","ping_status":"open","sticky":false,"template":"","format":"standard","meta":{"footnotes":""},"categories":[754],"tags":[1244,1246,1245],"class_list":["post-9069","post","type-post","status-publish","format-standard","has-post-thumbnail","hentry","category-premio","tag-1o-concurso-de-gastronomia-argentina","tag-assados-do-fred-parrilla","tag-vencedores"],"_links":{"self":[{"href":"https:\/\/blogs.correiobraziliense.com.br\/lianasabo\/wp-json\/wp\/v2\/posts\/9069","targetHints":{"allow":["GET"]}}],"collection":[{"href":"https:\/\/blogs.correiobraziliense.com.br\/lianasabo\/wp-json\/wp\/v2\/posts"}],"about":[{"href":"https:\/\/blogs.correiobraziliense.com.br\/lianasabo\/wp-json\/wp\/v2\/types\/post"}],"author":[{"embeddable":true,"href":"https:\/\/blogs.correiobraziliense.com.br\/lianasabo\/wp-json\/wp\/v2\/users\/54"}],"replies":[{"embeddable":true,"href":"https:\/\/blogs.correiobraziliense.com.br\/lianasabo\/wp-json\/wp\/v2\/comments?post=9069"}],"version-history":[{"count":1,"href":"https:\/\/blogs.correiobraziliense.com.br\/lianasabo\/wp-json\/wp\/v2\/posts\/9069\/revisions"}],"predecessor-version":[{"id":9072,"href":"https:\/\/blogs.correiobraziliense.com.br\/lianasabo\/wp-json\/wp\/v2\/posts\/9069\/revisions\/9072"}],"wp:featuredmedia":[{"embeddable":true,"href":"https:\/\/blogs.correiobraziliense.com.br\/lianasabo\/wp-json\/wp\/v2\/media\/9070"}],"wp:attachment":[{"href":"https:\/\/blogs.correiobraziliense.com.br\/lianasabo\/wp-json\/wp\/v2\/media?parent=9069"}],"wp:term":[{"taxonomy":"category","embeddable":true,"href":"https:\/\/blogs.correiobraziliense.com.br\/lianasabo\/wp-json\/wp\/v2\/categories?post=9069"},{"taxonomy":"post_tag","embeddable":true,"href":"https:\/\/blogs.correiobraziliense.com.br\/lianasabo\/wp-json\/wp\/v2\/tags?post=9069"}],"curies":[{"name":"wp","href":"https:\/\/api.w.org\/{rel}","templated":true}]}}