{"id":9060,"date":"2024-12-06T06:01:47","date_gmt":"2024-12-06T09:01:47","guid":{"rendered":"https:\/\/blogs.correiobraziliense.com.br\/lianasabo\/?p=9060"},"modified":"2024-12-04T13:44:09","modified_gmt":"2024-12-04T16:44:09","slug":"nucleo-bandeirante-recebe-a-primeira-edicao-do-festquiosque","status":"publish","type":"post","link":"https:\/\/blogs.correiobraziliense.com.br\/lianasabo\/nucleo-bandeirante-recebe-a-primeira-edicao-do-festquiosque\/","title":{"rendered":"N\u00facleo Bandeirante recebe a primeira edi\u00e7\u00e3o do FestQuiosque"},"content":{"rendered":"<p>O N\u00facleo Bandeirante \u00e9 a cidade sede do primeiro festival gastron\u00f4mico de comida de rua da capital federal iniciado na quarta-feira e que segue at\u00e9 dia 15. Batizado de FestQuiosque, o evento busca reaquecer o segmento com uma programa\u00e7\u00e3o de ter\u00e7a-feira a domingo com pratos regionais e petiscos t\u00edpicos nordestinos.<\/p>\n<p>Participam do evento os quiosques Crepe do Daniel e Quiosque do Galego, na 2\u00aa Avenida; Quiosque do Bandeirante, Quiosque do R\u00e9gis, Farol do Itapu\u00e3, Marcos Kreps e Sabor no Tacho, na Avenida Central; Quiosque do Ara\u00fajo e Muai A\u00e7a\u00ed, na 3\u00aa Avenida; e Sarita Cozinha e Bar na Avenida Contorno. Est\u00e3o a frente os jornalistas Maristela Valadares e Rodrigo Leit\u00e3o, empres\u00e1rios do ramo enogastron\u00f4mico. Para mais informa\u00e7\u00f5es: <a href=\"https:\/\/comidadequiosque.wix-site.com\/nucleobandeirante\">https:\/\/comidadequiosque.wix-site.com\/nucleobandeirante<\/a>.<\/p>\n","protected":false},"excerpt":{"rendered":"<p>O N\u00facleo Bandeirante \u00e9 a cidade sede do primeiro festival gastron\u00f4mico de comida de rua da capital federal iniciado na quarta-feira e que segue at\u00e9 dia 15. Batizado de FestQuiosque, o evento busca reaquecer o segmento com uma programa\u00e7\u00e3o de ter\u00e7a-feira a domingo com pratos regionais e petiscos t\u00edpicos nordestinos. Participam do evento os quiosques Crepe do Daniel e Quiosque [&hellip;]<\/p>\n","protected":false},"author":54,"featured_media":9061,"comment_status":"open","ping_status":"open","sticky":false,"template":"","format":"standard","meta":{"footnotes":""},"categories":[201],"tags":[1242,1241,217],"class_list":["post-9060","post","type-post","status-publish","format-standard","has-post-thumbnail","hentry","category-festival","tag-comida-de-rua","tag-festquiosque","tag-nucleo-bandeirante"],"_links":{"self":[{"href":"https:\/\/blogs.correiobraziliense.com.br\/lianasabo\/wp-json\/wp\/v2\/posts\/9060","targetHints":{"allow":["GET"]}}],"collection":[{"href":"https:\/\/blogs.correiobraziliense.com.br\/lianasabo\/wp-json\/wp\/v2\/posts"}],"about":[{"href":"https:\/\/blogs.correiobraziliense.com.br\/lianasabo\/wp-json\/wp\/v2\/types\/post"}],"author":[{"embeddable":true,"href":"https:\/\/blogs.correiobraziliense.com.br\/lianasabo\/wp-json\/wp\/v2\/users\/54"}],"replies":[{"embeddable":true,"href":"https:\/\/blogs.correiobraziliense.com.br\/lianasabo\/wp-json\/wp\/v2\/comments?post=9060"}],"version-history":[{"count":1,"href":"https:\/\/blogs.correiobraziliense.com.br\/lianasabo\/wp-json\/wp\/v2\/posts\/9060\/revisions"}],"predecessor-version":[{"id":9062,"href":"https:\/\/blogs.correiobraziliense.com.br\/lianasabo\/wp-json\/wp\/v2\/posts\/9060\/revisions\/9062"}],"wp:featuredmedia":[{"embeddable":true,"href":"https:\/\/blogs.correiobraziliense.com.br\/lianasabo\/wp-json\/wp\/v2\/media\/9061"}],"wp:attachment":[{"href":"https:\/\/blogs.correiobraziliense.com.br\/lianasabo\/wp-json\/wp\/v2\/media?parent=9060"}],"wp:term":[{"taxonomy":"category","embeddable":true,"href":"https:\/\/blogs.correiobraziliense.com.br\/lianasabo\/wp-json\/wp\/v2\/categories?post=9060"},{"taxonomy":"post_tag","embeddable":true,"href":"https:\/\/blogs.correiobraziliense.com.br\/lianasabo\/wp-json\/wp\/v2\/tags?post=9060"}],"curies":[{"name":"wp","href":"https:\/\/api.w.org\/{rel}","templated":true}]}}