{"id":9045,"date":"2024-11-29T06:29:51","date_gmt":"2024-11-29T09:29:51","guid":{"rendered":"https:\/\/blogs.correiobraziliense.com.br\/lianasabo\/?p=9045"},"modified":"2024-11-28T21:49:09","modified_gmt":"2024-11-29T00:49:09","slug":"chef-pedro-moreira-comanda-o-ocean-restaurante-a-beira-lago","status":"publish","type":"post","link":"https:\/\/blogs.correiobraziliense.com.br\/lianasabo\/chef-pedro-moreira-comanda-o-ocean-restaurante-a-beira-lago\/","title":{"rendered":"Chef Pedro Moreira comanda o Ocean, restaurante \u00e0 beira Lago"},"content":{"rendered":"<p>Nada se compara ao impacto de chegar ao ambiente r\u00fastico e bastante simples e se deparar com janelas e portas abertas para as \u00e1guas do Parano\u00e1, onde est\u00e3o atracados alguns barcos mensalistas da Villa N\u00e1utica, o\u00e1sis de navegadores. Que perderam a exclusividade para o p\u00fablico gourmet porque um valor mais alto escolheu o recanto para fazer l\u00e1 seu restaurante.<\/p>\n<figure id=\"attachment_9047\" aria-describedby=\"caption-attachment-9047\" style=\"width: 800px\" class=\"wp-caption aligncenter\"><a href=\"https:\/\/blogs.correiobraziliense.com.br\/lianasabo\/wp-content\/uploads\/sites\/25\/2024\/11\/chef-Pedro-Moreira_Ocean-Restaurante_JP-Rodrigues.jpg\"><img loading=\"lazy\" decoding=\"async\" class=\"size-full wp-image-9047\" src=\"https:\/\/blogs.correiobraziliense.com.br\/lianasabo\/wp-content\/uploads\/sites\/25\/2024\/11\/chef-Pedro-Moreira_Ocean-Restaurante_JP-Rodrigues.jpg\" alt=\"\" width=\"800\" height=\"533\" srcset=\"https:\/\/blogs.correiobraziliense.com.br\/lianasabo\/wp-content\/uploads\/sites\/25\/2024\/11\/chef-Pedro-Moreira_Ocean-Restaurante_JP-Rodrigues.jpg 800w, https:\/\/blogs.correiobraziliense.com.br\/lianasabo\/wp-content\/uploads\/sites\/25\/2024\/11\/chef-Pedro-Moreira_Ocean-Restaurante_JP-Rodrigues-300x200.jpg 300w, https:\/\/blogs.correiobraziliense.com.br\/lianasabo\/wp-content\/uploads\/sites\/25\/2024\/11\/chef-Pedro-Moreira_Ocean-Restaurante_JP-Rodrigues-768x512.jpg 768w, https:\/\/blogs.correiobraziliense.com.br\/lianasabo\/wp-content\/uploads\/sites\/25\/2024\/11\/chef-Pedro-Moreira_Ocean-Restaurante_JP-Rodrigues-550x366.jpg 550w, https:\/\/blogs.correiobraziliense.com.br\/lianasabo\/wp-content\/uploads\/sites\/25\/2024\/11\/chef-Pedro-Moreira_Ocean-Restaurante_JP-Rodrigues-230x153.jpg 230w\" sizes=\"auto, (max-width: 800px) 100vw, 800px\" \/><\/a><figcaption id=\"caption-attachment-9047\" class=\"wp-caption-text\">Chef Pedro Moreira. Cr\u00e9dito: JP Rodrigues\/Divulga\u00e7\u00e3o<\/figcaption><\/figure>\n<p>Chama-se Ocean a primeira casa pr\u00f3pria do experiente chef Pedro Moreira, que at\u00e9 pouco tempo cozinhava no Venice, tamb\u00e9m \u00e0 beira do lago. Uma olhada no card\u00e1pio j\u00e1 d\u00e1 pra antecipar a criatividade do chef que inventa pratos, combina ingredientes distintos e desenvolve acompanhamentos inusitados. Como lombos grelhados de bacalhau e de porco servidos juntos com legumes confitados, acompanhados de arroz de cogumelos porcini (R$ 210 para duas pessoas).<\/p>\n<figure id=\"attachment_9048\" aria-describedby=\"caption-attachment-9048\" style=\"width: 800px\" class=\"wp-caption aligncenter\"><a href=\"https:\/\/blogs.correiobraziliense.com.br\/lianasabo\/wp-content\/uploads\/sites\/25\/2024\/11\/Duo-de-Bacalhau-Ocean-Restaurante_JP-Rodrigues.jpg\"><img loading=\"lazy\" decoding=\"async\" class=\"size-full wp-image-9048\" src=\"https:\/\/blogs.correiobraziliense.com.br\/lianasabo\/wp-content\/uploads\/sites\/25\/2024\/11\/Duo-de-Bacalhau-Ocean-Restaurante_JP-Rodrigues.jpg\" alt=\"\" width=\"800\" height=\"533\" srcset=\"https:\/\/blogs.correiobraziliense.com.br\/lianasabo\/wp-content\/uploads\/sites\/25\/2024\/11\/Duo-de-Bacalhau-Ocean-Restaurante_JP-Rodrigues.jpg 800w, https:\/\/blogs.correiobraziliense.com.br\/lianasabo\/wp-content\/uploads\/sites\/25\/2024\/11\/Duo-de-Bacalhau-Ocean-Restaurante_JP-Rodrigues-300x200.jpg 300w, https:\/\/blogs.correiobraziliense.com.br\/lianasabo\/wp-content\/uploads\/sites\/25\/2024\/11\/Duo-de-Bacalhau-Ocean-Restaurante_JP-Rodrigues-768x512.jpg 768w, https:\/\/blogs.correiobraziliense.com.br\/lianasabo\/wp-content\/uploads\/sites\/25\/2024\/11\/Duo-de-Bacalhau-Ocean-Restaurante_JP-Rodrigues-550x366.jpg 550w, https:\/\/blogs.correiobraziliense.com.br\/lianasabo\/wp-content\/uploads\/sites\/25\/2024\/11\/Duo-de-Bacalhau-Ocean-Restaurante_JP-Rodrigues-230x153.jpg 230w\" sizes=\"auto, (max-width: 800px) 100vw, 800px\" \/><\/a><figcaption id=\"caption-attachment-9048\" class=\"wp-caption-text\">Duo de Bacalhau . Cr\u00e9dito: JP Rodrigues\/Divulga\u00e7\u00e3o<\/figcaption><\/figure>\n<p><strong>Casquinha gigante<\/strong><\/p>\n<p>Ao contr\u00e1rio da grandiosidade do mar, \u201cOcean \u00e9 aquele restaurante que traz paz, calmaria, acalenta o cora\u00e7\u00e3o e encanta o paladar\u201d, professa Pedro Moreira, autor de todo o card\u00e1pio. Na entrada, o destaque \u00e9 um crust\u00e1ceo marinho que o chef se orgulha de ser \u201ca maior casquinha de caranguejo da capital\u201d. Finalizada com crumble de castanha do Brasil sai por R$ 89. Mesmo valor das vieiras grelhadas sobre creme de foie gras e do carpaccio de fil\u00e9 com trufas e lascas de grana padano com molho blue cheese. Ambas acompanhadas de cesta de p\u00e3es.<\/p>\n<p>Entre os pratos quentes, fil\u00e9-mignon com caviar vem grelhado com molho de ovas e batata gratin (R$ 189). J\u00e1 o fil\u00e9 ao poivre tem o molho feito com pimentas verdes colhidas no quintal do chef, escoltado de risoto de grana padano e crispy de baroa (R$ 130). A massa fresca do ravioli \u00e9 recheada com provolone e ameixa ao molho de tomates pelati frescos com manjeric\u00e3o da horta (R$ 89).<\/p>\n<p><strong>Lagosta com macarr\u00e3o<\/strong><\/p>\n<figure id=\"attachment_9049\" aria-describedby=\"caption-attachment-9049\" style=\"width: 800px\" class=\"wp-caption aligncenter\"><a href=\"https:\/\/blogs.correiobraziliense.com.br\/lianasabo\/wp-content\/uploads\/sites\/25\/2024\/11\/Drinks-Ocean_JP-Rodrigues.jpg\"><img loading=\"lazy\" decoding=\"async\" class=\"size-full wp-image-9049\" src=\"https:\/\/blogs.correiobraziliense.com.br\/lianasabo\/wp-content\/uploads\/sites\/25\/2024\/11\/Drinks-Ocean_JP-Rodrigues.jpg\" alt=\"\" width=\"800\" height=\"533\" srcset=\"https:\/\/blogs.correiobraziliense.com.br\/lianasabo\/wp-content\/uploads\/sites\/25\/2024\/11\/Drinks-Ocean_JP-Rodrigues.jpg 800w, https:\/\/blogs.correiobraziliense.com.br\/lianasabo\/wp-content\/uploads\/sites\/25\/2024\/11\/Drinks-Ocean_JP-Rodrigues-300x200.jpg 300w, https:\/\/blogs.correiobraziliense.com.br\/lianasabo\/wp-content\/uploads\/sites\/25\/2024\/11\/Drinks-Ocean_JP-Rodrigues-768x512.jpg 768w, https:\/\/blogs.correiobraziliense.com.br\/lianasabo\/wp-content\/uploads\/sites\/25\/2024\/11\/Drinks-Ocean_JP-Rodrigues-550x366.jpg 550w, https:\/\/blogs.correiobraziliense.com.br\/lianasabo\/wp-content\/uploads\/sites\/25\/2024\/11\/Drinks-Ocean_JP-Rodrigues-230x153.jpg 230w\" sizes=\"auto, (max-width: 800px) 100vw, 800px\" \/><\/a><figcaption id=\"caption-attachment-9049\" class=\"wp-caption-text\">Cr\u00e9dito: JP Rodrigues\/Divulga\u00e7\u00e3o<\/figcaption><\/figure>\n<p>No estilo Thermidor, a lagosta grelhada vem servida com acompanhamento nada comum que \u00e9 linguine ao pesto e espinafre. Outra op\u00e7\u00e3o para degustar o nobre ingrediente vindo do mar \u00e9 o risoto com ab\u00f3bora defumada e trufas. Ambos os pratos por R$ 135 cada.<\/p>\n<p>O enxuto menu traz ainda magret de canard (peito de pato assado) tamb\u00e9m servido com massa fresca (R$ 135) e polvo grelhado na brasa com risoni e aspargos (R$ 145). Para encerrar a refei\u00e7\u00e3o algumas del\u00edcias como esfera de tiramis\u00f9 com calda de caf\u00e9 Illy; espuma de iogurte com sorbet de manga e bolo de chocolate umedecido no licor de Amarula com doce de leite e sorvete de jabuticaba. Funciona de quarta a domingo, das 12h \u00e0s 0h. Reservas: <a href=\"https:\/\/www.instagram.com\/oceanbrasilia\/\">@oceanbrasilia<\/a>.<\/p>\n","protected":false},"excerpt":{"rendered":"<p>Nada se compara ao impacto de chegar ao ambiente r\u00fastico e bastante simples e se deparar com janelas e portas abertas para as \u00e1guas do Parano\u00e1, onde est\u00e3o atracados alguns barcos mensalistas da Villa N\u00e1utica, o\u00e1sis de navegadores. Que perderam a exclusividade para o p\u00fablico gourmet porque um valor mais alto escolheu o recanto para fazer l\u00e1 seu restaurante. Chama-se [&hellip;]<\/p>\n","protected":false},"author":54,"featured_media":9046,"comment_status":"open","ping_status":"open","sticky":false,"template":"","format":"standard","meta":{"footnotes":""},"categories":[326],"tags":[1236,1235,338],"class_list":["post-9045","post","type-post","status-publish","format-standard","has-post-thumbnail","hentry","category-restaurantes","tag-lago-paranoa","tag-ocean","tag-restaurante"],"_links":{"self":[{"href":"https:\/\/blogs.correiobraziliense.com.br\/lianasabo\/wp-json\/wp\/v2\/posts\/9045","targetHints":{"allow":["GET"]}}],"collection":[{"href":"https:\/\/blogs.correiobraziliense.com.br\/lianasabo\/wp-json\/wp\/v2\/posts"}],"about":[{"href":"https:\/\/blogs.correiobraziliense.com.br\/lianasabo\/wp-json\/wp\/v2\/types\/post"}],"author":[{"embeddable":true,"href":"https:\/\/blogs.correiobraziliense.com.br\/lianasabo\/wp-json\/wp\/v2\/users\/54"}],"replies":[{"embeddable":true,"href":"https:\/\/blogs.correiobraziliense.com.br\/lianasabo\/wp-json\/wp\/v2\/comments?post=9045"}],"version-history":[{"count":2,"href":"https:\/\/blogs.correiobraziliense.com.br\/lianasabo\/wp-json\/wp\/v2\/posts\/9045\/revisions"}],"predecessor-version":[{"id":9051,"href":"https:\/\/blogs.correiobraziliense.com.br\/lianasabo\/wp-json\/wp\/v2\/posts\/9045\/revisions\/9051"}],"wp:featuredmedia":[{"embeddable":true,"href":"https:\/\/blogs.correiobraziliense.com.br\/lianasabo\/wp-json\/wp\/v2\/media\/9046"}],"wp:attachment":[{"href":"https:\/\/blogs.correiobraziliense.com.br\/lianasabo\/wp-json\/wp\/v2\/media?parent=9045"}],"wp:term":[{"taxonomy":"category","embeddable":true,"href":"https:\/\/blogs.correiobraziliense.com.br\/lianasabo\/wp-json\/wp\/v2\/categories?post=9045"},{"taxonomy":"post_tag","embeddable":true,"href":"https:\/\/blogs.correiobraziliense.com.br\/lianasabo\/wp-json\/wp\/v2\/tags?post=9045"}],"curies":[{"name":"wp","href":"https:\/\/api.w.org\/{rel}","templated":true}]}}